{"id":871766,"date":"2026-03-16T01:06:25","date_gmt":"2026-03-16T01:06:25","guid":{"rendered":"https:\/\/www.europesays.com\/de\/871766\/"},"modified":"2026-03-16T01:06:25","modified_gmt":"2026-03-16T01:06:25","slug":"sv-werder-bremen-1-fsv-mainz-05-26-spieltag-spielbericht-highlights","status":"publish","type":"post","link":"https:\/\/www.europesays.com\/de\/871766\/","title":{"rendered":"SV Werder Bremen &#8211; 1. FSV Mainz 05 | 26. Spieltag | Spielbericht | Highlights"},"content":{"rendered":"<p _ngcontent-ng-c3224552539=\"\" class=\"paragraph paragraph--intro\">Der  1. FSV Mainz 05 hat das Spiel beim SV Werder Bremen mit 2:0 (1:0) gewonnen. Paul Nebel (6.) und Jae-sung Lee (52.) erzielten die Treffer f\u00fcr die G\u00e4ste, die damit in der Tabelle an Bremen vorbeiziehen.<\/p>\n<p>Das Kellerduell zwischen dem <a href=\"https:\/\/www.bundesliga.com\/de\/bundesliga\/clubs\/sv-werder-bremen\" data-dfl-club-id=\"DFL-CLU-00000E\" data-dfl-competition-id=\"DFL-COM-000001\" data-dfl-season-id=\"DFL-SEA-0001K9\" rel=\"nofollow noopener\" target=\"_blank\">SV Werder Bremen<\/a> und dem <a href=\"https:\/\/www.bundesliga.com\/de\/bundesliga\/clubs\/1-fsv-mainz-05\" data-dfl-club-id=\"DFL-CLU-000006\" data-dfl-competition-id=\"DFL-COM-000001\" data-dfl-season-id=\"DFL-SEA-0001K9\" rel=\"nofollow noopener\" target=\"_blank\">1. FSV Mainz 05<\/a> am 26. Spieltag hatte enorme Bedeutung im Kampf gegen den Abstieg. Die Bremer standen vor der Partie als 13. in der Tabelle mit 25 Punkten knapp vor den Mainzern (15. Platz, 24 Punkte).<\/p>\n<p>W\u00e4hrend die Gr\u00fcn-Wei\u00dfen erstmals in dieser Saison zwei Spiele in Folge gewinnen konnten und mit diesem Momentum in die Partie gingen, hatte sich Mainz unter <a href=\"https:\/\/www.bundesliga.com\/de\/bundesliga\/spieler\/urs-fischer\" rel=\"nofollow noopener\" target=\"_blank\">Urs Fischer<\/a> stabilisiert und von zw\u00f6lf Bundesliga-Spielen seit dem Trainerwechsel nur zwei verloren. Die Vorzeichen standen also auf einen intensiven Schlagabtausch im Weserstadion.<\/p>\n<p><img decoding=\"async\" _ngcontent-ng-c1395672783=\"\" alt=\"\" src=\"https:\/\/www.bundesliga.com\/assets\/placeholder\/resp_live_placeholder_image_16_9.svg\"\/><\/p>\n<p> Die Mainzer feiern die F\u00fchrung vor dem G\u00e4steblock  &#8211; IMAGO\/Eibner-Pressefoto\/Marcel von Fehrn <\/p>\n<p>Nebel schockt Bremen fr\u00fch<\/p>\n<p>Die G\u00e4ste erwischten einen Traumstart ins Spiel. Bereits in der 6. Minute zirkelte <a href=\"https:\/\/www.bundesliga.com\/de\/bundesliga\/spieler\/phillipp-mwene\" rel=\"nofollow noopener\" target=\"_blank\">Phillipp Mwene<\/a> den Ball von der linken Seite an die Strafraumkante, wo sich <a href=\"https:\/\/www.bundesliga.com\/de\/bundesliga\/spieler\/paul-nebel\" rel=\"nofollow noopener\" target=\"_blank\">Paul Nebel<\/a> in die Luft schraubte und per Flugkopfball unter die Latte zum 1:0 traf.<\/p>\n<p>Bremen reagierte mit w\u00fctenden Angriffen und hatte nur zwei Minuten sp\u00e4ter Pech, als <a href=\"https:\/\/www.bundesliga.com\/de\/bundesliga\/spieler\/leonardo-bittencourt\" rel=\"nofollow noopener\" target=\"_blank\">Leonardo Bittencourt<\/a> nach einer Ecke von <a href=\"https:\/\/www.bundesliga.com\/de\/bundesliga\/spieler\/cameron-puertas\" rel=\"nofollow noopener\" target=\"_blank\">Cameron Puertas<\/a> mit einem wuchtigen Kopfball nur die Latte traf (8.). Die Bremer \u00fcbernahmen in der Folge zwar die Spielkontrolle und erarbeiteten sich durch Puertas mehrere gute Ans\u00e4tze, doch wirklich zwingend wurden die Hausherren selten.<\/p>\n<p>In der 22. Minute scheiterte\u00a0<a href=\"https:\/\/www.bundesliga.com\/de\/bundesliga\/spieler\/romano-schmid\" rel=\"nofollow noopener\" target=\"_blank\">Romano Schmid<\/a> nach Vorarbeit von <a href=\"https:\/\/www.bundesliga.com\/de\/bundesliga\/spieler\/marco-grull\" rel=\"nofollow noopener\" target=\"_blank\">Marco Gr\u00fcll<\/a> an Mainz-Keeper <a href=\"https:\/\/www.bundesliga.com\/de\/bundesliga\/spieler\/daniel-batz\" rel=\"nofollow noopener\" target=\"_blank\">Daniel Batz<\/a>. Mit der knappen Mainzer F\u00fchrung ging es in die Pause.<\/p>\n<p><img decoding=\"async\" _ngcontent-ng-c1395672783=\"\" alt=\"\" src=\"https:\/\/www.bundesliga.com\/assets\/placeholder\/resp_live_placeholder_image_16_9.svg\"\/><\/p>\n<p> Eiskalter Vollstrecker: Jae-sung Lee staubt aus kurzer Distanz ab und erh\u00f6ht auf 2:0 f\u00fcr die Mainzer.  &#8211; IMAGO\/Eibner-Pressefoto\/Marcel von Fehrn <\/p>\n<p><a _ngcontent-ng-c1143304641=\"\" href=\"https:\/\/bundesliga.go.link\/cMdiD\" rel=\"nofollow noopener\" target=\"_blank\"><img _ngcontent-ng-c1143304641=\"\" alt=\"App-Clickout Banner\" width=\"960\" height=\"225\" loading=\"lazy\" fetchpriority=\"auto\" decoding=\"auto\" ng-img=\"true\" src=\"https:\/\/www.europesays.com\/de\/wp-content\/uploads\/2025\/12\/480_Interactive_EN_RBL.png\"\/><\/a>Lee macht den Deckel drauf<\/p>\n<p><a href=\"https:\/\/www.bundesliga.com\/de\/bundesliga\/spieler\/daniel-thioune\" rel=\"nofollow noopener\" target=\"_blank\">Daniel Thioune<\/a> reagierte zur Halbzeit und brachte <a href=\"https:\/\/www.bundesliga.com\/de\/bundesliga\/spieler\/justin-njinmah\" rel=\"nofollow noopener\" target=\"_blank\">Justin Njinmah<\/a> f\u00fcr <a href=\"https:\/\/www.bundesliga.com\/de\/bundesliga\/spieler\/keke-topp\" rel=\"nofollow noopener\" target=\"_blank\">Keke Topp<\/a>. Die Hausherren kamen mit neuem Schwung aus der Kabine und h\u00e4tten durch Gr\u00fcll beinahe den Ausgleich erzielt, doch sein Schuss aus der Drehung zischte knapp am rechten Pfosten vorbei (49.).<\/p>\n<p>Statt des Ausgleichs folgte jedoch der n\u00e4chste R\u00fcckschlag f\u00fcr Bremen. Nach einem hohen Ballgewinn schalteten die Mainzer blitzschnell um,\u00a0<a href=\"https:\/\/www.bundesliga.com\/de\/bundesliga\/spieler\/sheraldo-becker\" rel=\"nofollow noopener\" target=\"_blank\">Sheraldo Becker<\/a> flankte von rechts auf den einlaufenden <a href=\"https:\/\/www.bundesliga.com\/de\/bundesliga\/spieler\/jae-sung-lee\" rel=\"nofollow noopener\" target=\"_blank\">Jae-sung Lee<\/a>, der den Ball mit etwas Gl\u00fcck zum 0:2 \u00fcber die Linie spitzelte (52.).<\/p>\n<p>Kurz darauf musste\u00a0<a href=\"https:\/\/www.bundesliga.com\/de\/bundesliga\/spieler\/julian-malatini\" rel=\"nofollow noopener\" target=\"_blank\">Juli\u00e1n Malatini<\/a> verletzt ausgewechselt werden, f\u00fcr ihn kam Deb\u00fctant <a href=\"https:\/\/www.bundesliga.com\/de\/bundesliga\/spieler\/mick-schmetgens\" rel=\"nofollow noopener\" target=\"_blank\">Mick Schmetgens<\/a> ins Spiel (55.).<\/p>\n<p><img decoding=\"async\" _ngcontent-ng-c1395672783=\"\" alt=\"\" src=\"https:\/\/www.bundesliga.com\/assets\/placeholder\/resp_live_placeholder_image_16_9.svg\"\/><\/p>\n<p> Schmetgens (r.) bei seinem Bundesliga-Deb\u00fct  &#8211; IMAGO\/Eibner-Pressefoto\/Marcel von Fehrn <\/p>\n<p>Bremen rennt vergeblich an<\/p>\n<p>In der Folge rannte Werder an, w\u00e4hrend die Mainzer ihre F\u00fchrung clever verwalteten. Njinmah sorgte nach seiner Einwechslung mehrfach f\u00fcr Gefahr, verzog jedoch bei seiner besten Gelegenheit knapp (64.).<\/p>\n<p>Trotz weiterer Wechsel \u2013 unter anderem kamen <a href=\"https:\/\/www.bundesliga.com\/de\/bundesliga\/spieler\/patrice-covic\" data-dfl-object-id=\"DFL-OBJ-J01TKC\" data-dfl-club-id=\"DFL-CLU-00000E\" data-dfl-competition-id=\"DFL-COM-000001\" data-dfl-season-id=\"DFL-SEA-0001K9\" rel=\"nofollow noopener\" target=\"_blank\">Patrice \u010covi\u0107<\/a> und <a href=\"https:\/\/www.bundesliga.com\/de\/bundesliga\/spieler\/isaac-schmidt\" data-dfl-object-id=\"DFL-OBJ-J024RF\" data-dfl-club-id=\"DFL-CLU-00000E\" data-dfl-competition-id=\"DFL-COM-000001\" data-dfl-season-id=\"DFL-SEA-0001K9\" rel=\"nofollow noopener\" target=\"_blank\">Isaac Schmidt<\/a> f\u00fcr Bittencourt und <a href=\"https:\/\/www.bundesliga.com\/de\/bundesliga\/spieler\/yukinari-sugawara\" rel=\"nofollow noopener\" target=\"_blank\">Yukinari Sugawara<\/a> (beide 69.) \u2013 gelang es den Bremern nicht, die stabile Mainzer Defensive zu durchbrechen.<\/p>\n<p>Selbst in der Schlussphase, als Bremen alles nach vorne warf, blieben klare Chancen Mangelware. Stattdessen h\u00e4tten die G\u00e4ste bei ihren Kontern sogar noch erh\u00f6hen k\u00f6nnen. Nach f\u00fcnf Minuten Nachspielzeit war der verdiente 2:0-Ausw\u00e4rtssieg der Mainzer perfekt.<\/p>\n<p><img decoding=\"async\" _ngcontent-ng-c1395672783=\"\" alt=\"\" src=\"https:\/\/www.bundesliga.com\/assets\/placeholder\/resp_live_placeholder_image_16_9.svg\"\/><\/p>\n<p> Paul Nebel war der Man of the Match  &#8211; Fabio Deinert <\/p>\n<p>Man of the Match: Paul Nebel<\/p>\n<p>Mit seinem fr\u00fchen Treffer per Flugkopfball in der 6. Minute brachte <a href=\"https:\/\/www.bundesliga.com\/de\/bundesliga\/spieler\/paul-nebel\" rel=\"nofollow noopener\" target=\"_blank\">Paul Nebel<\/a> die Mainzer auf die Siegerstra\u00dfe. Der 21-j\u00e4hrige Mittelfeldspieler \u00fcberzeugte aber nicht nur durch sein Tor, sondern auch durch sein starkes Passspiel und seine Pr\u00e4senz in der Defensive. Mit 12,9 Kilometern legte er die gr\u00f6\u00dfte Laufdistanz bei den G\u00e4sten zur\u00fcck und war mit 25 Mal unter Druck einer der meistgepressten Spieler auf dem Platz. Nebel war zudem an vielen offensiven Aktionen beteiligt und bereitete mehrere Chancen vor. Mit einer Passeffizienz von 2,04 geh\u00f6rte er auch in dieser Statistik zu den Besten. Verdienterma\u00dfen wurde er zum Spieler des Spiels gew\u00e4hlt.<\/p>\n<p><strong>Bundesliga Match Facts<\/strong><br \/><strong>xGoals<\/strong>: Bremen 0,79 &#8211; Mainz 0,94<br \/><strong>Schnellster Spieler<\/strong>: Juli\u00e1n Malatini (SVW), 34,59 km\/h<br \/><strong>Tor mit der geringsten Torwahrscheinlichkeit<\/strong>: 0:1 von Paul Nebel (M05), 9,99 Prozent<br \/><strong>Most Pressed Player<\/strong>: Romano Schmid (SVW), 27 Mal unter Gegnerdruck<br \/><strong>Beste Pass Effizienz<\/strong>: Cameron Puertas (SVW), 3,28<\/p>\n<p><strong><a href=\"https:\/\/blf.page.link\/23web-de\" target=\"_blank\" rel=\"noopener nofollow\">Fantasy Heroes<\/a><\/strong>: Paul Nebel (1. FSV Mainz 05, 277 Punkte), Kaishu Sano (1. FSV Mainz 05, 232 Punkte), Stefan Posch (1. FSV Mainz 05, 214 Punkte)<\/p>\n","protected":false},"excerpt":{"rendered":"Der 1. FSV Mainz 05 hat das Spiel beim SV Werder Bremen mit 2:0 (1:0) gewonnen. Paul Nebel&hellip;\n","protected":false},"author":2,"featured_media":871767,"comment_status":"","ping_status":"","sticky":false,"template":"","format":"standard","meta":{"footnotes":"","_share_on_mastodon":"0"},"categories":[1824],"tags":[2420,3364,29,30],"class_list":["post-871766","post","type-post","status-publish","format-standard","has-post-thumbnail","category-bremen","tag-bremen","tag-de","tag-deutschland","tag-germany"],"share_on_mastodon":{"url":"https:\/\/pubeurope.com\/@de\/116236175931122737","error":""},"_links":{"self":[{"href":"https:\/\/www.europesays.com\/de\/wp-json\/wp\/v2\/posts\/871766","targetHints":{"allow":["GET"]}}],"collection":[{"href":"https:\/\/www.europesays.com\/de\/wp-json\/wp\/v2\/posts"}],"about":[{"href":"https:\/\/www.europesays.com\/de\/wp-json\/wp\/v2\/types\/post"}],"author":[{"embeddable":true,"href":"https:\/\/www.europesays.com\/de\/wp-json\/wp\/v2\/users\/2"}],"replies":[{"embeddable":true,"href":"https:\/\/www.europesays.com\/de\/wp-json\/wp\/v2\/comments?post=871766"}],"version-history":[{"count":0,"href":"https:\/\/www.europesays.com\/de\/wp-json\/wp\/v2\/posts\/871766\/revisions"}],"wp:featuredmedia":[{"embeddable":true,"href":"https:\/\/www.europesays.com\/de\/wp-json\/wp\/v2\/media\/871767"}],"wp:attachment":[{"href":"https:\/\/www.europesays.com\/de\/wp-json\/wp\/v2\/media?parent=871766"}],"wp:term":[{"taxonomy":"category","embeddable":true,"href":"https:\/\/www.europesays.com\/de\/wp-json\/wp\/v2\/categories?post=871766"},{"taxonomy":"post_tag","embeddable":true,"href":"https:\/\/www.europesays.com\/de\/wp-json\/wp\/v2\/tags?post=871766"}],"curies":[{"name":"wp","href":"https:\/\/api.w.org\/{rel}","templated":true}]}}