{"id":871834,"date":"2026-03-16T01:48:34","date_gmt":"2026-03-16T01:48:34","guid":{"rendered":"https:\/\/www.europesays.com\/de\/871834\/"},"modified":"2026-03-16T01:48:34","modified_gmt":"2026-03-16T01:48:34","slug":"keine-gefahr-katwarn-probealarm-in-halle","status":"publish","type":"post","link":"https:\/\/www.europesays.com\/de\/871834\/","title":{"rendered":"Keine Gefahr: Katwarn-Probealarm in Halle"},"content":{"rendered":"<p>\t\t\t\t<a href=\"https:\/\/www.hallelife.de\/wp-content\/uploads\/2026\/03\/file_00000000835c7246918a58819f78aa7c.jpg\" rel=\"nofollow noopener\" target=\"_blank\"><br \/>\n\t\t\t<img alt=\"Keine Gefahr: Katwarn-Probealarm in Halle\" src=\"https:\/\/www.europesays.com\/de\/wp-content\/uploads\/2026\/03\/file_00000000835c7246918a58819f78aa7c-1440x564_c.jpg\" decoding=\"async\" class=\"lazyload\" data-eio-rwidth=\"1440\" data-eio-rheight=\"564\"\/>\t\t<\/a><\/p>\n<p>\n\t\t\tBild mit KI erstellt \t\t<\/p>\n<p>\t\t\t\t&#13;<br \/>\n\t\t\t\t\t\t\t&#13;<br \/>\n\t\t\t\t\tvon <a href=\"https:\/\/www.hallelife.de\/author\/am\/\" title=\"Beitr\u00e4ge von Andy M\u00fcller\" rel=\"author nofollow noopener\" target=\"_blank\">Andy M\u00fcller<\/a>\t\t\t\t&#13;<br \/>\n\t\t\t\t\t\t\t\t\t\t<a href=\"https:\/\/www.hallelife.de\/2026\/03\/\" rel=\"nofollow noopener\" target=\"_blank\">15. M\u00e4rz 2026<\/a>&#13;<\/p>\n<p class=\"caps\">Halle (Saale), 15. M\u00e4rz 2026 \u2013 Am Sonntag hat die zust\u00e4ndige Beh\u00f6rde in Halle (Saale) einen Probealarm \u00fcber das Warnsystem Katwarn ausgel\u00f6st. Die Testmeldung wurde um 11:00 Uhr ver\u00f6ffentlicht und richtete sich an B\u00fcrgerinnen und B\u00fcrger im gesamten Stadtgebiet.<\/p>\n<p>\u00a0<\/p>\n<p>Nach Angaben der Stadt Halle (Saale) handelt es sich ausdr\u00fccklich um einen Funktionstest des Warnsystems. Eine Gef\u00e4hrdung f\u00fcr die Bev\u00f6lkerung besteht nicht. Mit dem Probealarm wird \u00fcberpr\u00fcft, ob Warnmeldungen \u00fcber die Katwarn-App zuverl\u00e4ssig versendet und von den Nutzerinnen und Nutzern empfangen werden.<\/p>\n<p>In der offiziellen Mitteilung hei\u00dft es, dass der Test dazu dient, die technischen Abl\u00e4ufe sowie den reibungslosen Versand von Warnmeldungen zu kontrollieren. Solche Probealarme sind Teil regelm\u00e4\u00dfiger Ma\u00dfnahmen, um die Funktionsf\u00e4higkeit digitaler Warnsysteme sicherzustellen.<\/p>\n<p>Katwarn ist ein bundesweit eingesetztes Warnsystem, \u00fcber das Beh\u00f6rden im Ernstfall schnell und direkt Informationen \u00fcber Gefahrenlagen verbreiten k\u00f6nnen. Dazu geh\u00f6ren beispielsweise Unwetterwarnungen, Gro\u00dfbr\u00e4nde oder andere Katastrophenlagen.<\/p>\n<p>Die Testmeldung tr\u00e4gt ausdr\u00fccklich den Hinweis \u201eFunktionsprobe Katwarn \u2013 keine Gefahr\u201c. B\u00fcrgerinnen und B\u00fcrger m\u00fcssen daher keine weiteren Ma\u00dfnahmen ergreifen.<\/p>\n","protected":false},"excerpt":{"rendered":"Bild mit KI erstellt &#13; &#13; von Andy M\u00fcller &#13; 15. M\u00e4rz 2026&#13; Halle (Saale), 15. M\u00e4rz 2026&hellip;\n","protected":false},"author":2,"featured_media":871835,"comment_status":"","ping_status":"","sticky":false,"template":"","format":"standard","meta":{"footnotes":"","_share_on_mastodon":"0"},"categories":[1860],"tags":[3364,29,548,663,3934,30,4062,17332,13,64990,14,15,17331,860,12,161935],"class_list":["post-871834","post","type-post","status-publish","format-standard","has-post-thumbnail","category-halle-saale","tag-de","tag-deutschland","tag-eu","tag-europa","tag-europe","tag-germany","tag-halle","tag-halle-saale","tag-headlines","tag-katwarn","tag-nachrichten","tag-news","tag-saale","tag-sachsen-anhalt","tag-schlagzeilen","tag-stadt-halle-saale"],"share_on_mastodon":{"url":"https:\/\/pubeurope.com\/@de\/116236340982834176","error":""},"_links":{"self":[{"href":"https:\/\/www.europesays.com\/de\/wp-json\/wp\/v2\/posts\/871834","targetHints":{"allow":["GET"]}}],"collection":[{"href":"https:\/\/www.europesays.com\/de\/wp-json\/wp\/v2\/posts"}],"about":[{"href":"https:\/\/www.europesays.com\/de\/wp-json\/wp\/v2\/types\/post"}],"author":[{"embeddable":true,"href":"https:\/\/www.europesays.com\/de\/wp-json\/wp\/v2\/users\/2"}],"replies":[{"embeddable":true,"href":"https:\/\/www.europesays.com\/de\/wp-json\/wp\/v2\/comments?post=871834"}],"version-history":[{"count":0,"href":"https:\/\/www.europesays.com\/de\/wp-json\/wp\/v2\/posts\/871834\/revisions"}],"wp:featuredmedia":[{"embeddable":true,"href":"https:\/\/www.europesays.com\/de\/wp-json\/wp\/v2\/media\/871835"}],"wp:attachment":[{"href":"https:\/\/www.europesays.com\/de\/wp-json\/wp\/v2\/media?parent=871834"}],"wp:term":[{"taxonomy":"category","embeddable":true,"href":"https:\/\/www.europesays.com\/de\/wp-json\/wp\/v2\/categories?post=871834"},{"taxonomy":"post_tag","embeddable":true,"href":"https:\/\/www.europesays.com\/de\/wp-json\/wp\/v2\/tags?post=871834"}],"curies":[{"name":"wp","href":"https:\/\/api.w.org\/{rel}","templated":true}]}}