{"id":871850,"date":"2026-03-16T01:57:19","date_gmt":"2026-03-16T01:57:19","guid":{"rendered":"https:\/\/www.europesays.com\/de\/871850\/"},"modified":"2026-03-16T01:57:19","modified_gmt":"2026-03-16T01:57:19","slug":"bildungsminister-sven-teuber-in-frankenthal-spd-wirbt-fuer-aufstiegsversprechen-landtagswahl","status":"publish","type":"post","link":"https:\/\/www.europesays.com\/de\/871850\/","title":{"rendered":"Bildungsminister Sven Teuber in Frankenthal: SPD wirbt f\u00fcr \u201eAufstiegsversprechen\u201c &#8211; Landtagswahl"},"content":{"rendered":"<p class=\"rhp-dpa-teaser\"><b>Die Frankenthaler SPD-Direktkandidatin Magali Leidig-Petermann empf\u00e4ngt den Minister im TAW zum Talk auf dem Sofa.  Sie fordern mehr Zeit f\u00fcr P\u00e4dagogik statt Verwaltung.<\/b><\/p>\n<p>Magali Leidig-Petermann, <a href=\"https:\/\/www.rheinpfalz.de\/lokal\/frankenthal_artikel,-mit-gem%C3%BCsekiste-im-elle-ministerpr%C3%A4sident-unterst%C3%BCtzt-spd-landtagskandidatin-_arid,5866458.html\" target=\"_blank\" class=\"external-link-new-window\" title=\"\" rel=\"nofollow noopener\">SPD-Direktkandidatin f\u00fcr den Wahlkreis Frankenthal,<\/a> und ihr Parteifreund, der rheinland-pf\u00e4lzische Bildungsminister <a href=\"https:\/\/www.rheinpfalz.de\/lokal\/donnersbergkreis_artikel,-sven-teuber-mehr-teamarbeit-mehr-psychologen-bessere-bildung-_arid,5867826.html\" target=\"_blank\" class=\"external-link-new-window\" title=\"\" rel=\"nofollow noopener\">Sven Teuber<\/a>, haben auf dem Sofa Platz genommen. Hier im Foyer des <a href=\"https:\/\/www.tawfrankenthal.net\/\" target=\"_blank\" class=\"external-link-new-window\" title=\"\" rel=\"nofollow noopener\">Theaters Alte Werkstatt (TAW) <\/a><\/p>\n<p>herrscht an diesem Abend Wohnzimmeratmosph\u00e4re.<\/p>\n<p class=\"rhp-teaser\"><b>Die Frankenthaler SPD-Direktkandidatin Magali Leidig-Petermann empf\u00e4ngt den Minister im TAW zum Talk auf dem Sofa.  Sie fordern mehr Zeit f\u00fcr P\u00e4dagogik statt Verwaltung.<\/b><\/p>\n","protected":false},"excerpt":{"rendered":"Die Frankenthaler SPD-Direktkandidatin Magali Leidig-Petermann empf\u00e4ngt den Minister im TAW zum Talk auf dem Sofa. Sie fordern mehr&hellip;\n","protected":false},"author":2,"featured_media":871851,"comment_status":"","ping_status":"","sticky":false,"template":"","format":"standard","meta":{"footnotes":"","_share_on_mastodon":"0"},"categories":[1845],"tags":[1634,3364,29,548,663,3934,35185,30,13,19399,4060,192710,2096,14,15,12,184,162759],"class_list":["post-871850","post","type-post","status-publish","format-standard","has-post-thumbnail","category-mannheim","tag-baden-wuerttemberg","tag-de","tag-deutschland","tag-eu","tag-europa","tag-europe","tag-frankenthal","tag-germany","tag-headlines","tag-landtagswahl","tag-lokal","tag-magali-leidig-petermann","tag-mannheim","tag-nachrichten","tag-news","tag-schlagzeilen","tag-spd","tag-sven-teuber"],"share_on_mastodon":{"url":"https:\/\/pubeurope.com\/@de\/116236376172152950","error":""},"_links":{"self":[{"href":"https:\/\/www.europesays.com\/de\/wp-json\/wp\/v2\/posts\/871850","targetHints":{"allow":["GET"]}}],"collection":[{"href":"https:\/\/www.europesays.com\/de\/wp-json\/wp\/v2\/posts"}],"about":[{"href":"https:\/\/www.europesays.com\/de\/wp-json\/wp\/v2\/types\/post"}],"author":[{"embeddable":true,"href":"https:\/\/www.europesays.com\/de\/wp-json\/wp\/v2\/users\/2"}],"replies":[{"embeddable":true,"href":"https:\/\/www.europesays.com\/de\/wp-json\/wp\/v2\/comments?post=871850"}],"version-history":[{"count":0,"href":"https:\/\/www.europesays.com\/de\/wp-json\/wp\/v2\/posts\/871850\/revisions"}],"wp:featuredmedia":[{"embeddable":true,"href":"https:\/\/www.europesays.com\/de\/wp-json\/wp\/v2\/media\/871851"}],"wp:attachment":[{"href":"https:\/\/www.europesays.com\/de\/wp-json\/wp\/v2\/media?parent=871850"}],"wp:term":[{"taxonomy":"category","embeddable":true,"href":"https:\/\/www.europesays.com\/de\/wp-json\/wp\/v2\/categories?post=871850"},{"taxonomy":"post_tag","embeddable":true,"href":"https:\/\/www.europesays.com\/de\/wp-json\/wp\/v2\/tags?post=871850"}],"curies":[{"name":"wp","href":"https:\/\/api.w.org\/{rel}","templated":true}]}}