{"id":871871,"date":"2026-03-16T02:10:17","date_gmt":"2026-03-16T02:10:17","guid":{"rendered":"https:\/\/www.europesays.com\/de\/871871\/"},"modified":"2026-03-16T02:10:17","modified_gmt":"2026-03-16T02:10:17","slug":"ukrainischer-militaersender-armija-rock-rap-und-neues-von-der-front","status":"publish","type":"post","link":"https:\/\/www.europesays.com\/de\/871871\/","title":{"rendered":"Ukrainischer Milit\u00e4rsender Armija: Rock, Rap und Neues von der Front"},"content":{"rendered":"<p>            <img loading=\"lazy\" decoding=\"async\" class=\"ts-image\" src=\"https:\/\/www.europesays.com\/de\/wp-content\/uploads\/2026\/03\/belegschaft-armija-fm-100.jpg\" alt=\"Die Belegschaft des Milit\u00e4rsenders\u00a0Armija FM in ihren R\u00e4umen.\" title=\"Die Belegschaft des Milit\u00e4rsenders\u00a0Armija FM in ihren R\u00e4umen. | Armija FM\"\/><\/p>\n<p class=\"metatextline\">Stand: 16.03.2026 \u2022 02:22 Uhr<\/p>\n<p class=\"article-head__shorttext\">\n        <strong>Mit dem Kriegsbeginn in der Ukraine ist die Armee in die Mitte der Gesellschaft ger\u00fcckt. Viele Ukrainerinnen und Ukrainer informieren sich \u00fcber die Medien des Milit\u00e4rs. Zu Besuch beim Radiosender Armija FM. <\/strong>\n    <\/p>\n<p>Von Niels Bula, ARD-Studio Kiew\n                    <\/p>\n<p class=\"textabsatz m-ten m-offset-one l-eight l-offset-two columns twelve\">Nachrichtenzeit auf Radio Armija FM. Der Sprecher liest im Studio die aktuellen Meldungen vor: Russland will eine Pufferzone in den n\u00f6rdlichen Regionen Sumy und Charkiw schaffen, dann kommen eine Nachricht zu einem Verlust- und Kriegsschadensregister f\u00fcr Unternehmer und eine Meldung \u00fcber australische Hilfe f\u00fcr die Golfstaaten im Krieg mit Iran.<\/p>\n<p class=\"textabsatz m-ten m-offset-one l-eight l-offset-two columns twelve\">Armija FM &#8211; das ist eine Radiostation f\u00fcr die Armee und \u00fcber die Armee. Nahezu alles, was hier \u00fcber den Sender l\u00e4uft, hat irgendetwas mit dem Milit\u00e4r zu tun. Auch die Musik. Die sei genau auf die Bed\u00fcrfnisse ukrainischer Soldaten abgestimmt, erz\u00e4hlt Moderator Sersch Gagarin. &#8222;Das sind meistens M\u00e4nner \u00fcber drei\u00dfig. Und die m\u00f6gen eher h\u00e4rtere Musik. Meiner Erfahrung nach ist das h\u00f6chstwahrscheinlich Rockmusik mit patriotischen ukrainischen Motiven. Es k\u00f6nnen aber auch englischsprachige Rockklassiker sein, oder Rap und Hip-Hop.&#8220;<\/p>\n<p class=\"textabsatz m-ten m-offset-one l-eight l-offset-two columns twelve\">Sersch ist seit mehr als 20 Jahren Radiomoderator. Fr\u00fcher im &#8222;zivilen Radio&#8220;, wie er sagt, also bei Sendern ohne Milit\u00e4rbezug. Dann diente er selbst in der Armee. Mit Beginn der russischen Gro\u00dfinvasion kommandierte er eine Einheit im Norden des Landes. Schlie\u00dflich wurde er gefragt, ob er auf Armija FM moderieren will. &#8222;In meinen Beruf zur\u00fcckzukehren, war eine gro\u00dfe Ehre und Freude. Ich kann nun eine T\u00e4tigkeit aus\u00fcben, die dem Staat meiner Meinung nach den gr\u00f6\u00dften Nutzen bringt&#8220;, sagt er.<\/p>\n<p>    Sender geh\u00f6rt zum Verteidigungsministerium<\/p>\n<p class=\"textabsatz m-ten m-offset-one l-eight l-offset-two columns twelve\">Genau das ist nun der Job des Moderators: f\u00fcr den Staat arbeiten. Armija FM ist kein unabh\u00e4ngiger Radiosender, sondern geh\u00f6rt zum ukrainischen Verteidigungsministerium. Zwei Jahre nach der russischen Annexion der Krim und dem Beginn des Krieges im Donbas wurde Armija FM 2016 als erstes Milit\u00e4rradio der Ukraine gegr\u00fcndet, erz\u00e4hlt Pawlo Schamschyn, der im Verteidigungsministerium verantwortlich ist f\u00fcr das hauseigene Fernsehen und Radio.<\/p>\n<p class=\"textabsatz m-ten m-offset-one l-eight l-offset-two columns twelve\">Dieser Radiosender nahm seinen Betrieb auf, weil das Milit\u00e4r Informationen ben\u00f6tigte, die interessant und wichtig waren. Leider hat die Ukraine in der Vergangenheit lange Zeit nicht genug f\u00fcr den Schutz ihres eigenen Informationsraums getan. Mit Beginn des Krieges gegen Russland im Jahr 2014 gewann dieses Thema besondere Relevanz, und so wurde der Milit\u00e4rradiosender Armija FM gegr\u00fcndet.<\/p>\n<p class=\"textabsatz m-ten m-offset-one l-eight l-offset-two columns twelve\">Zun\u00e4chst sendete Armija FM nur im Osten der Ukraine. Mit Beginn der russischen Gro\u00dfinvasion 2022 erweiterte der Sender sein Gebiet &#8211; und ist nun auf UKW fast landesweit zu empfangen. Au\u00dferdem gibt es einen Stream im Internet. Ob Menschen in den russisch besetzten Gebieten Armija FM \u00fcber UKW h\u00f6ren k\u00f6nnen, ist nicht bekannt. Auch wie viele H\u00f6rer landesweit einschalten, kann Chefredakteurin Marija Weres nicht sagen. Aber in Zeiten des Krieges sei ihr Sender nicht nur f\u00fcr Soldaten interessant.<\/p>\n<p>    Nah auch an Familienangeh\u00f6rigen der Soldaten<\/p>\n<p class=\"textabsatz m-ten m-offset-one l-eight l-offset-two columns twelve\">&#8222;Bei uns arbeiten Milit\u00e4rangeh\u00f6rige und auch Zivilisten, und deshalb k\u00f6nnen wir sehr nah an unserem milit\u00e4rischen Publikum, aber auch an den Familienangeh\u00f6rigen der Soldaten sein. Es sind schwierige Zeiten, wir befinden uns in einem gro\u00df angelegten Krieg. Veteranen, Familien &#8211; alle brauchen Unterst\u00fctzung, und wir k\u00f6nnen diese Unterst\u00fctzung in Form von Informationen bieten&#8220;, sagt Weres.<\/p>\n<p class=\"textabsatz m-ten m-offset-one l-eight l-offset-two columns twelve\">Als Sender des Verteidigungsministeriums komme dabei immer zuerst das Milit\u00e4r, dann der Journalismus, sagt die Chefredakteurin. Das hei\u00dft etwa, dass nur offizielle staatliche Quellen verwendet werden d\u00fcrfen.<\/p>\n<p class=\"textabsatz m-ten m-offset-one l-eight l-offset-two columns twelve\">Moderator Sersch formuliert das so: &#8222;Jedes Wort, das Sie sagen, entspricht der Position des ukrainischen Verteidigungsministeriums. Und was Sie senden, kann sp\u00e4ter Konsequenzen haben. Deshalb denken Sie hier lieber dreimal nach.&#8220;<\/p>\n<p class=\"textabsatz m-ten m-offset-one l-eight l-offset-two columns twelve\">Seine fr\u00fchere Arbeit bei unabh\u00e4ngigen Sendern vermisst Sersch aber nicht. Er wolle in seinem Job dazu beitragen, dass die Ukraine den Krieg gewinne, sagt er.<\/p>\n","protected":false},"excerpt":{"rendered":"Stand: 16.03.2026 \u2022 02:22 Uhr Mit dem Kriegsbeginn in der Ukraine ist die Armee in die Mitte der&hellip;\n","protected":false},"author":2,"featured_media":871872,"comment_status":"","ping_status":"","sticky":false,"template":"","format":"standard","meta":{"footnotes":"","_share_on_mastodon":"0"},"categories":[4012],"tags":[331,332,51313,13,45679,14,15,12,317],"class_list":["post-871871","post","type-post","status-publish","format-standard","has-post-thumbnail","category-ukraine","tag-aktuelle-nachrichten","tag-aktuelle-news","tag-armee","tag-headlines","tag-krieg-gegen-die-ukraine","tag-nachrichten","tag-news","tag-schlagzeilen","tag-ukraine"],"share_on_mastodon":{"url":"https:\/\/pubeurope.com\/@de\/116236427562958913","error":""},"_links":{"self":[{"href":"https:\/\/www.europesays.com\/de\/wp-json\/wp\/v2\/posts\/871871","targetHints":{"allow":["GET"]}}],"collection":[{"href":"https:\/\/www.europesays.com\/de\/wp-json\/wp\/v2\/posts"}],"about":[{"href":"https:\/\/www.europesays.com\/de\/wp-json\/wp\/v2\/types\/post"}],"author":[{"embeddable":true,"href":"https:\/\/www.europesays.com\/de\/wp-json\/wp\/v2\/users\/2"}],"replies":[{"embeddable":true,"href":"https:\/\/www.europesays.com\/de\/wp-json\/wp\/v2\/comments?post=871871"}],"version-history":[{"count":0,"href":"https:\/\/www.europesays.com\/de\/wp-json\/wp\/v2\/posts\/871871\/revisions"}],"wp:featuredmedia":[{"embeddable":true,"href":"https:\/\/www.europesays.com\/de\/wp-json\/wp\/v2\/media\/871872"}],"wp:attachment":[{"href":"https:\/\/www.europesays.com\/de\/wp-json\/wp\/v2\/media?parent=871871"}],"wp:term":[{"taxonomy":"category","embeddable":true,"href":"https:\/\/www.europesays.com\/de\/wp-json\/wp\/v2\/categories?post=871871"},{"taxonomy":"post_tag","embeddable":true,"href":"https:\/\/www.europesays.com\/de\/wp-json\/wp\/v2\/tags?post=871871"}],"curies":[{"name":"wp","href":"https:\/\/api.w.org\/{rel}","templated":true}]}}