{"id":871936,"date":"2026-03-16T02:48:17","date_gmt":"2026-03-16T02:48:17","guid":{"rendered":"https:\/\/www.europesays.com\/de\/871936\/"},"modified":"2026-03-16T02:48:17","modified_gmt":"2026-03-16T02:48:17","slug":"wandern-bei-muenchen-hirschhoernlkopf-bietet-360-grad-panorama","status":"publish","type":"post","link":"https:\/\/www.europesays.com\/de\/871936\/","title":{"rendered":"Wandern bei M\u00fcnchen: Hirschh\u00f6rnlkopf bietet 360-Grad-Panorama"},"content":{"rendered":"<p>In den Bayerischen Voralpen <\/p>\n<p>Fr\u00fchlingswanderung zum Hirschh\u00f6rnlkopf<\/p>\n<ul class=\"grid grid-flow-col gap-4\" aria-label=\"Autorenbilder\">\n<li class=\"leading-0\"><img data-tb-author-image=\"\"  loading=\"lazy\" src=\"https:\/\/www.europesays.com\/de\/wp-content\/uploads\/2026\/03\/1773629295_669_image.jpg\" alt=\"\" title=\"\" width=\"40\" height=\"40\" class=\"\" decoding=\"async\"\/><\/li>\n<\/ul>\n<p>Aktualisiert am 16.03.2026 &#8211; 02:26 UhrLesedauer: 2 Min.<\/p>\n<p><a href=\"#focus-0\" class=\"transition-colors duration-200 block text-current relative\" data-sctrack=\"FocusGalleryImage.Reference\"><img fetchpriority=\"high\" data-testid=\"Opener.Image\" style=\"--lqipURL:url('https:\/\/images.t-online.de\/2026\/03\/psDURKHuA5g7\/0x417:4000x2250\/fit-in\/150x0\/filters:blur(25)\/berghuette-bayern-hirschhoernlkopf-mountain-lodge-bavaria-deer-horned-head-fr9-god.jpg')\"   loading=\"eager\" src=\"https:\/\/www.europesays.com\/de\/wp-content\/uploads\/2026\/03\/berghuette-bayern-hirschhoernlkopf-mountain-lodge-bavaria-deer-horned-head-fr9-god.jpg\" alt=\"imago images 100613571\" title=\"imago images 100613571\" width=\"4000\" height=\"2250\" class=\"bg-[url:var(--lqipURL)] bg-cover bg-center flex h-full w-full max-w-full\" decoding=\"async\"\/><img style=\"--width:32;--height:32\" loading=\"lazy\" src=\"https:\/\/muenchen.t-online.de\/s\/paper\/_next\/static\/media\/zoom-in.f7dae02f.svg\" alt=\"Vergr\u00f6\u00dfern des Bildes\" title=\"Vergr\u00f6\u00dfern des Bildes\" class=\"block h-[calc(var(--height)_\/_16_*_1rem)] w-[calc(var(--width)_\/_16_*_1rem)] max-w-none absolute bottom-8 right-8 rounded-4 bg-snow p-8\" decoding=\"async\"\/><\/a><\/p>\n<p>Das Hirschh\u00f6rnl in Oberbayern: Auf diesem Aussichtsberg kann man die Wandersaison im Fr\u00fchjahr er\u00f6ffnen. (Quelle: Christa Eder via www.imago-images.de\/imago)<\/p>\n<p class=\"font-bold text-18 leading-17 user-text-lg:text-22 user-text-xl:text-24\">Auch wenn man hier selten allein ist: Der Aussichtsgipfel s\u00fcdlich von M\u00fcnchen ist ein erholsamer Ort-mit viel Weitsicht.<\/p>\n<p class=\"text-18 leading-17 user-text-lg:text-22 user-text-xl:text-24\">Diese Wanderung auf den 1.515 Meter hohen Hirschh\u00f6rnlkopf ist ein gutes &#8222;Warm Up&#8220;, um die Ausr\u00fcstung aus dem Winterschlaf zu holen. Die Tour macht man am besten, wenn der Schnee bereits geschmolzen ist, also an einem Fr\u00fchlingstag. Da hat man auch viel von der Sonne: Aufgrund der s\u00fcdlichen Hanglage geht man w\u00e4hrend des Aufstiegs selbst im Wald gr\u00f6\u00dftenteils in der Sonne. Die Laufzeit bis zum Gipfel betr\u00e4gt etwa 2 Stunden.<\/p>\n<p class=\"text-18 leading-17 user-text-lg:text-22 user-text-xl:text-24\">Sind die H\u00e4nge erst einmal schneefrei, ist der Weg auch recht einfach zu bew\u00e4ltigen. Trittsicherheit, Wanderschuhe und witterungsgerechte Kleidung sind trotzdem ein Muss.<\/p>\n<p class=\"text-18 leading-17 user-text-lg:text-22 user-text-xl:text-24\">Los geht&#8217;s auf 790 Metern am geb\u00fchrenpflichtigen Parkplatz im Dorf Jachenau, das etwa anderthalb Autostunden s\u00fcdlich von M\u00fcnchen liegt. Zun\u00e4chst folgt ein Marsch \u00fcber die flache Forststra\u00dfe, die nach einer knappen halben Stunde schnell bergauf geht und in den Wald hineinf\u00fchrt. Die Route ist ausgeschildert und anhand der gelben Hinweisschilder gut erkennbar. Im Wald zweigt schlie\u00dflich rechts der eigentliche Steig ab.<\/p>\n<p class=\"text-18 leading-17 user-text-lg:text-22 user-text-xl:text-24\">Ab hier f\u00fchrt der schmale, aber gut ausgetretene Pfad in vielen Serpentinen nach oben. Wer im Fr\u00fchling losmarschiert, sollte auf jeden Fall Wanderst\u00f6cke und leicgte Steigeisen mitnehmen: Im Wald kann es bis Ende April Schneereste geben.<\/p>\n<p class=\"text-18 leading-17 user-text-lg:text-22 user-text-xl:text-24\">Nach etwa anderthalb Stunden f\u00fchrt der Weg aus dem Wald heraus. Der Pfad folgt nun dem grasbewachsenen R\u00fccken des Hirschh\u00f6rnl, bei gutem Wetter gibt es hier viel Sonne. Dem Wanderweg entlang der Bergflanke folgend, kommt bald die Pfundalm in Sicht: Wer es bis hierher geschafft hat, hat bereits einen Gro\u00dfteil der H\u00f6henmeter bezwungen.<\/p>\n<p class=\"text-18 leading-17 user-text-lg:text-22 user-text-xl:text-24\">Auf 1.400 Metern l\u00e4sst sich eine erste Aussicht bewundern. Ab hier f\u00fchrt der Pfad nun geradeaus in Richtung Gipfel. Bis dahin sind es allerdings noch knapp 100 H\u00f6henmeter, die sich um den Grasbuckel winden.<\/p>\n<p class=\"text-18 leading-17 user-text-lg:text-22 user-text-xl:text-24\">Am Gipfelkreuz angekommen, belohnt eine Rundumaussicht f\u00fcr den recht anstrengenden Aufstieg: Auf der S\u00fcdseite liegt die vom Gipfel des Staffel eingerahmte Jachenau. Westlich gelegen ist der Jochberg, zu dem es auch einen \u00dcbergang gibt. Dahinter kann man die Aussicht auf den Walchensee bewundern. Auf der Ostseite schlie\u00dflich liegt der Rabenkopf.<\/p>\n","protected":false},"excerpt":{"rendered":"In den Bayerischen Voralpen Fr\u00fchlingswanderung zum Hirschh\u00f6rnlkopf Aktualisiert am 16.03.2026 &#8211; 02:26 UhrLesedauer: 2 Min. Das Hirschh\u00f6rnl in&hellip;\n","protected":false},"author":2,"featured_media":871937,"comment_status":"","ping_status":"","sticky":false,"template":"","format":"standard","meta":{"footnotes":"","_share_on_mastodon":"0"},"categories":[1827],"tags":[2201,2851,4827,192762,192761,772,29,192758,30,192759,1268,192760,192764,16801,16804,192763],"class_list":["post-871936","post","type-post","status-publish","format-standard","has-post-thumbnail","category-muenchen","tag-2201","tag-ausflugstipp","tag-ausflugstipp-muenchen","tag-aussichtsberg","tag-aussichtsgipfel","tag-bayern","tag-deutschland","tag-fruehlingswanderung","tag-germany","tag-jachenau","tag-muenchen","tag-voralpen","tag-walchensee","tag-wandersaison","tag-wanderweg","tag-weitsicht"],"share_on_mastodon":{"url":"https:\/\/pubeurope.com\/@de\/116236576937469009","error":""},"_links":{"self":[{"href":"https:\/\/www.europesays.com\/de\/wp-json\/wp\/v2\/posts\/871936","targetHints":{"allow":["GET"]}}],"collection":[{"href":"https:\/\/www.europesays.com\/de\/wp-json\/wp\/v2\/posts"}],"about":[{"href":"https:\/\/www.europesays.com\/de\/wp-json\/wp\/v2\/types\/post"}],"author":[{"embeddable":true,"href":"https:\/\/www.europesays.com\/de\/wp-json\/wp\/v2\/users\/2"}],"replies":[{"embeddable":true,"href":"https:\/\/www.europesays.com\/de\/wp-json\/wp\/v2\/comments?post=871936"}],"version-history":[{"count":0,"href":"https:\/\/www.europesays.com\/de\/wp-json\/wp\/v2\/posts\/871936\/revisions"}],"wp:featuredmedia":[{"embeddable":true,"href":"https:\/\/www.europesays.com\/de\/wp-json\/wp\/v2\/media\/871937"}],"wp:attachment":[{"href":"https:\/\/www.europesays.com\/de\/wp-json\/wp\/v2\/media?parent=871936"}],"wp:term":[{"taxonomy":"category","embeddable":true,"href":"https:\/\/www.europesays.com\/de\/wp-json\/wp\/v2\/categories?post=871936"},{"taxonomy":"post_tag","embeddable":true,"href":"https:\/\/www.europesays.com\/de\/wp-json\/wp\/v2\/tags?post=871936"}],"curies":[{"name":"wp","href":"https:\/\/api.w.org\/{rel}","templated":true}]}}