{"id":87213,"date":"2025-05-05T20:31:12","date_gmt":"2025-05-05T20:31:12","guid":{"rendered":"https:\/\/www.europesays.com\/de\/87213\/"},"modified":"2025-05-05T20:31:12","modified_gmt":"2025-05-05T20:31:12","slug":"bundesliga-traditionsklub-trauert-um-dieter-versen","status":"publish","type":"post","link":"https:\/\/www.europesays.com\/de\/87213\/","title":{"rendered":"Bundesliga-Traditionsklub trauert um Dieter Versen"},"content":{"rendered":"<p>&#8222;Ganz feiner Kerl&#8220; <\/p>\n<p>VfL Bochum trauert um Vereinsikone Versen<\/p>\n<p>05.05.2025 &#8211; 21:51 UhrLesedauer: 2 Min.<\/p>\n<p><a href=\"#focus-0\" class=\"transition-colors duration-200 focus-within:text-magenta block text-current relative\" data-sctrack=\"FocusGalleryImage.Reference\"><img fetchpriority=\"high\" data-testid=\"Opener.Image\" style=\"--lqipURL:url('https:\/\/images.t-online.de\/2025\/05\/c9yVTm8Qmw1k\/482x174:2843x1599\/fit-in\/150x0\/filters:blur(25)\/dieter-versen-vfl-bochum-aktion-einzelbild-freisteller.jpg')\"   loading=\"eager\" src=\"https:\/\/www.europesays.com\/de\/wp-content\/uploads\/2025\/05\/dieter-versen-vfl-bochum-aktion-einzelbild-freisteller.jpg\" alt=\"Dieter Versen lief zwischen 1963 und 1979 f\u00fcr die erste Mannschaft des VfL Bochum auf.\" title=\"Dieter Versen lief zwischen 1963 und 1979 f\u00fcr die erste Mannschaft des VfL Bochum auf.\" width=\"2843\" height=\"1599\" class=\"bg-[url:var(--lqipURL)] bg-cover bg-center flex w-full max-w-full h-full\" decoding=\"async\"\/><img style=\"--width:32;--height:32\" loading=\"lazy\" src=\"https:\/\/www.europesays.com\/de\/wp-content\/uploads\/2025\/03\/zoom-in.f7dae02f.svg.svg+xml\" alt=\"Vergr\u00f6\u00dfern des Bildes\" title=\"Vergr\u00f6\u00dfern des Bildes\" class=\"&#10;        block&#10;        h-[calc(var(--height)_\/_16_*_1rem)]&#10;        w-[calc(var(--width)_\/_16_*_1rem)]&#10;        max-w-none&#10;        absolute bottom-8 right-8 rounded-4 bg-snow p-8\" decoding=\"async\"\/><\/a><\/p>\n<p>Dieter Versen lief zwischen 1963 und 1979 f\u00fcr die erste Mannschaft des VfL Bochum auf. (Quelle: imago sportfotodienst\/imago)<\/p>\n<p class=\"font-bold text-18 leading-17\">Er absolvierte mehr als 600 Pflichtspiele f\u00fcr den Ruhrpott-Klub und war ma\u00dfgeblich am ersten Bundesliga-Aufstieg beteiligt. Nun wurde bekannt, dass Dieter Versen vor Kurzem gestorben ist.<\/p>\n<p class=\"text-18 leading-17\">Der <a class=\"transition-colors duration-200 cursor-pointer text-inherit no-underline text-salemsfur md:hover:text-magenta md:hover:border-magenta md:focus:text-magenta border-current border-b border-solid break-words\" href=\"https:\/\/www.t-online.de\/themen\/vfl-bochum\/\" data-sctrack=\"BodyAnchor\" rel=\"nofollow noopener\" target=\"_blank\">VfL Bochum<\/a> trauert um Dieter Versen. Der langj\u00e4hrige Spieler des Traditionsklubs ist im Alter von 79 Jahren gestorben. Der Verein gab die Nachricht am Montag \u00fcber seine offiziellen Kan\u00e4le bekannt \u2013 Versen war bereits am 8. April verstorben.<\/p>\n<p class=\"text-18 leading-17\">Der langj\u00e4hrige Profi war geb\u00fcrtiger Bochumer und pr\u00e4gte die Geschichte des Klubs \u00fcber viele Jahre hinweg entscheidend mit. Bereits mit 18 Jahren r\u00fcckte er in die erste Mannschaft auf und absolvierte im Laufe seiner Karriere \u00fcber 600 Pflichtspiele f\u00fcr den VfL \u2013 darunter 158 Partien in der <a class=\"transition-colors duration-200 cursor-pointer text-inherit no-underline text-salemsfur md:hover:text-magenta md:hover:border-magenta md:focus:text-magenta border-current border-b border-solid break-words\" href=\"https:\/\/www.t-online.de\/sport\/fussball\/bundesliga\/\" data-sctrack=\"BodyAnchor\" rel=\"nofollow noopener\" target=\"_blank\">Bundesliga<\/a>. Mit dem erstmaligen Aufstieg ins Oberhaus im Jahr 1971 schrieb der Defensivspieler, der sowohl in der Abwehr als auch im Mittelfeld zum Einsatz kam, Vereinsgeschichte.<\/p>\n<p class=\"text-18 leading-17\">Sein Spitzname &#8222;K\u00f6ttel&#8220; stammte laut Verein aus seiner Jugendzeit \u2013 er sei im Schlepptau seiner \u00e4lteren Br\u00fcder zum Fu\u00dfball gekommen und so auch zum VfL gelangt.<\/p>\n<p class=\"text-18 leading-17\">Zum Ende seiner aktiven Laufbahn zog es Versen noch einmal ins Ausland: 1979 spielte er f\u00fcr die San Jos\u00e9 Earthquakes in den USA. Danach zog sich der fr\u00fchere Profi weitgehend aus der \u00d6ffentlichkeit zur\u00fcck.<\/p>\n<p class=\"text-18 leading-17\">Sein ehemaliger Mitspieler Michael &#8222;Ata&#8220; Lameck erinnert sich auf der Website des Klubs an Versen als &#8222;ganz feinen Kerl&#8220;, der in seiner aktiven Zeit als Lebemann galt \u2013 &#8222;inklusive Zigaretten und Bier&#8220;. Das sei in jener Zeit nicht ungew\u00f6hnlich gewesen, betonte Lameck. Sportlich sei Versen aber &#8222;\u00fcber jeden Zweifel erhaben&#8220; gewesen.<\/p>\n<p class=\"text-18 leading-17\">In einem Nachruf w\u00fcrdigt der Verein seinen langj\u00e4hrigen Spieler mit den Worten: &#8222;Der VfL Bochum 1848 trauert um einen gro\u00dfartigen Spieler, eine echte Bochumer Legende, und w\u00fcnscht den Angeh\u00f6rigen von Dieter Versen viel Kraft und spricht ihnen sein aufrichtiges Beileid aus. Der VfL wird sein Andenken in Ehren halten.&#8220;<\/p>\n","protected":false},"excerpt":{"rendered":"&#8222;Ganz feiner Kerl&#8220; VfL Bochum trauert um Vereinsikone Versen 05.05.2025 &#8211; 21:51 UhrLesedauer: 2 Min. Dieter Versen lief&hellip;\n","protected":false},"author":2,"featured_media":87214,"comment_status":"","ping_status":"","sticky":false,"template":"","format":"standard","meta":{"footnotes":""},"categories":[1839],"tags":[722,7507,3364,29,36281,30,36283,1209,2697,36282,8173],"class_list":{"0":"post-87213","1":"post","2":"type-post","3":"status-publish","4":"format-standard","5":"has-post-thumbnail","7":"category-bochum","8":"tag-722","9":"tag-bochum","10":"tag-de","11":"tag-deutschland","12":"tag-dieter-versen","13":"tag-germany","14":"tag-michael-ata-lameck","15":"tag-nordrhein-westfalen","16":"tag-pflichtspiel","17":"tag-vereinsikone","18":"tag-vfl-bochum"},"share_on_mastodon":{"url":"https:\/\/pubeurope.com\/@de\/114457128918987296","error":""},"_links":{"self":[{"href":"https:\/\/www.europesays.com\/de\/wp-json\/wp\/v2\/posts\/87213","targetHints":{"allow":["GET"]}}],"collection":[{"href":"https:\/\/www.europesays.com\/de\/wp-json\/wp\/v2\/posts"}],"about":[{"href":"https:\/\/www.europesays.com\/de\/wp-json\/wp\/v2\/types\/post"}],"author":[{"embeddable":true,"href":"https:\/\/www.europesays.com\/de\/wp-json\/wp\/v2\/users\/2"}],"replies":[{"embeddable":true,"href":"https:\/\/www.europesays.com\/de\/wp-json\/wp\/v2\/comments?post=87213"}],"version-history":[{"count":0,"href":"https:\/\/www.europesays.com\/de\/wp-json\/wp\/v2\/posts\/87213\/revisions"}],"wp:featuredmedia":[{"embeddable":true,"href":"https:\/\/www.europesays.com\/de\/wp-json\/wp\/v2\/media\/87214"}],"wp:attachment":[{"href":"https:\/\/www.europesays.com\/de\/wp-json\/wp\/v2\/media?parent=87213"}],"wp:term":[{"taxonomy":"category","embeddable":true,"href":"https:\/\/www.europesays.com\/de\/wp-json\/wp\/v2\/categories?post=87213"},{"taxonomy":"post_tag","embeddable":true,"href":"https:\/\/www.europesays.com\/de\/wp-json\/wp\/v2\/tags?post=87213"}],"curies":[{"name":"wp","href":"https:\/\/api.w.org\/{rel}","templated":true}]}}