{"id":87218,"date":"2025-05-05T20:34:08","date_gmt":"2025-05-05T20:34:08","guid":{"rendered":"https:\/\/www.europesays.com\/de\/87218\/"},"modified":"2025-05-05T20:34:08","modified_gmt":"2025-05-05T20:34:08","slug":"top-demokrat-im-us-senat-fordert-untersuchung-der-flugprobleme-in-newark","status":"publish","type":"post","link":"https:\/\/www.europesays.com\/de\/87218\/","title":{"rendered":"Top-Demokrat im US-Senat fordert Untersuchung der Flugprobleme in Newark"},"content":{"rendered":"<p>Der demokratische Fraktionsf\u00fchrer im US-Senat, Chuck Schumer, hat am Montag eine Untersuchung der anhaltenden Flugst\u00f6rungen am Flughafen Newark au\u00dferhalb von Manhattan gefordert. In den vergangenen acht Tagen kam es dort aufgrund von Problemen mit der Ausr\u00fcstung und der Personalausstattung zu massiven Beeintr\u00e4chtigungen, die Hunderte von Fl\u00fcgen betrafen.<\/p>\n<p>United-Airlines-CEO Scott Kirby k\u00fcndigte am Freitag an, dass die Fluggesellschaft t\u00e4glich 35 zus\u00e4tzliche Fl\u00fcge &#8211; etwa 10 Prozent ihres Flugangebots &#8211; an ihrem Drehkreuz Newark streichen werde. Schumer forderte das Office of Inspector General des Verkehrsministeriums auf, eine Untersuchung einzuleiten, ,,um herauszufinden, was in Newark passiert ist, damit sich diese Probleme nicht versch\u00e4rfen oder auf Flugh\u00e4fen im ganzen Land ausweiten&#8220;.<\/p>\n","protected":false},"excerpt":{"rendered":"Der demokratische Fraktionsf\u00fchrer im US-Senat, Chuck Schumer, hat am Montag eine Untersuchung der anhaltenden Flugst\u00f6rungen am Flughafen Newark&hellip;\n","protected":false},"author":2,"featured_media":87219,"comment_status":"","ping_status":"","sticky":false,"template":"","format":"standard","meta":{"footnotes":""},"categories":[3977],"tags":[331,332,665,13,14,15,12,4017,4018,4016,64,4019,4020],"class_list":{"0":"post-87218","1":"post","2":"type-post","3":"status-publish","4":"format-standard","5":"has-post-thumbnail","7":"category-usa","8":"tag-aktuelle-nachrichten","9":"tag-aktuelle-news","10":"tag-boerse","11":"tag-headlines","12":"tag-nachrichten","13":"tag-news","14":"tag-schlagzeilen","15":"tag-united-states","16":"tag-united-states-of-america","17":"tag-us","18":"tag-usa","19":"tag-vereinigte-staaten","20":"tag-vereinigte-staaten-von-amerika"},"share_on_mastodon":{"url":"https:\/\/pubeurope.com\/@de\/114457140506715574","error":""},"_links":{"self":[{"href":"https:\/\/www.europesays.com\/de\/wp-json\/wp\/v2\/posts\/87218","targetHints":{"allow":["GET"]}}],"collection":[{"href":"https:\/\/www.europesays.com\/de\/wp-json\/wp\/v2\/posts"}],"about":[{"href":"https:\/\/www.europesays.com\/de\/wp-json\/wp\/v2\/types\/post"}],"author":[{"embeddable":true,"href":"https:\/\/www.europesays.com\/de\/wp-json\/wp\/v2\/users\/2"}],"replies":[{"embeddable":true,"href":"https:\/\/www.europesays.com\/de\/wp-json\/wp\/v2\/comments?post=87218"}],"version-history":[{"count":0,"href":"https:\/\/www.europesays.com\/de\/wp-json\/wp\/v2\/posts\/87218\/revisions"}],"wp:featuredmedia":[{"embeddable":true,"href":"https:\/\/www.europesays.com\/de\/wp-json\/wp\/v2\/media\/87219"}],"wp:attachment":[{"href":"https:\/\/www.europesays.com\/de\/wp-json\/wp\/v2\/media?parent=87218"}],"wp:term":[{"taxonomy":"category","embeddable":true,"href":"https:\/\/www.europesays.com\/de\/wp-json\/wp\/v2\/categories?post=87218"},{"taxonomy":"post_tag","embeddable":true,"href":"https:\/\/www.europesays.com\/de\/wp-json\/wp\/v2\/tags?post=87218"}],"curies":[{"name":"wp","href":"https:\/\/api.w.org\/{rel}","templated":true}]}}