{"id":872233,"date":"2026-03-16T05:46:43","date_gmt":"2026-03-16T05:46:43","guid":{"rendered":"https:\/\/www.europesays.com\/de\/872233\/"},"modified":"2026-03-16T05:46:43","modified_gmt":"2026-03-16T05:46:43","slug":"glamour-glanz-und-gold-diese-oscars-sind-beindruckend-service","status":"publish","type":"post","link":"https:\/\/www.europesays.com\/de\/872233\/","title":{"rendered":"Glamour, Glanz und Gold: Diese Oscars sind BEINdruckend! | Service"},"content":{"rendered":"<p>Los Angeles \u2013\u00a0<b>Hollywood hat heute Nacht nur eine W\u00e4hrung: Sichtbarkeit. W\u00e4hrend die Scheinwerfer das Dolby Theatre in ein glei\u00dfendes Vakuum aus Luxus verwandeln, wird der rote Teppich zum wichtigsten Laufsteg des Jahres. Es ist das ultimative Schaulaufen der gro\u00dfen Stars und noch gr\u00f6\u00dferer Schauspiel-Egos, meisterhaft verpackt in flie\u00dfende Seide, skulpturalen Chiffon und abgerundet mit gigantischen Diamanten, die ganze Volkswirtschaften sanieren k\u00f6nnten. Es ist der Abend der 98. Oscarverleihung und nur sie k\u00f6nnen die g\u00fcldene Statue heute in den Schatten stellen: die gro\u00dfen Diven Hollywoods. <\/b><\/p>\n<p>Wenn Hollywood den roten Teppich ausrollt, wird Stoff zur Nebensache und die Pose zur hohen Kunst: Die diesj\u00e4hrigen Kleider sind wirklich  BEINdruckend \u2013 und das im wahrsten Sinne des Wortes. Es ist ein architektonisches Wunder, wie manche Roben den Spagat zwischen \u201ehochgeschlossen\u201c und \u201ev\u00f6llig h\u00fcllenlos\u201c meistern. Doch so spektakul\u00e4r die Schnitte auch sein m\u00f6gen, erst ihre Tr\u00e4gerinnen hauchen dem Seidenchiffon das n\u00f6tige Leben ein. Hier wird nicht einfach nur gegangen, hier wird das Bein mit einer Pr\u00e4zision in Szene gesetzt, die eigentlich eine eigene Kategorie verdient h\u00e4tte: \u201eBeste <a href=\"https:\/\/www.bild.de\/unterhaltung\/leute\/leute\/home-15684852.bild.html\" class=\"text-link\" rel=\"nofollow noopener\" target=\"_blank\">schauspielerische<\/a> Leistung einer Extremit\u00e4t\u201c.<\/p>\n<p><img decoding=\"async\" width=\"992\" height=\"1478\" alt=\"Gwyneth Paltrow (53, \u201eMarty Supreme\u201c) beweist: Wahre Eleganz braucht nicht viel Stoff, nur den richtigen Schnitt. In Armani Priv\u00e9 setzt die Schauspielerin auf Beinfreiheit\" src=\"https:\/\/www.europesays.com\/de\/wp-content\/uploads\/2026\/03\/d154ad43a37442e2b726b243e081c59b,e9e455d6.jpeg\"   class=\"dynamic\" loading=\"lazy\"\/><\/p>\n<p class=\"fig__caption__text\">Gwyneth Paltrow (53, \u201eMarty Supreme\u201c) beweist: Wahre Eleganz braucht nicht viel Stoff, nur den richtigen Schnitt. In Armani Priv\u00e9 setzt die Schauspielerin auf Beinfreiheit<\/p>\n<p>Foto: EPA<\/p>\n<p>Die sch\u00f6nsten Roben der Oscar-Nacht<\/p>\n<p>Doch wer glaubt, dass Hollywood heute nur auf gro\u00dfem Fu\u00df lebt, der irrt gewaltig. Denn die Oscar-Nacht ist kein Sprint, sondern ein modischer Marathon, bei dem jedes Detail \u00fcber Sieg oder modische Niederlage entscheidet. Wer hier \u201enur\u201c gut aussieht, findet morgen nicht statt. BILD hat die sch\u00f6nsten Augenblicke und <a href=\"https:\/\/www.bild.de\/themen\/orte\/hollywood\/nachrichten-news-fotos-videos-16965502.bild.html\" class=\"text-link\" rel=\"nofollow noopener\" target=\"_blank\">Hollywood<\/a>-Hingucker der <a href=\"https:\/\/www.bild.de\/buehne\/gON0vTQ47tL3vfSTckyM\" class=\"text-link\" rel=\"nofollow noopener\" target=\"_blank\">Oscar-Nacht<\/a> f\u00fcr Sie herausgefiltert. Film ab f\u00fcr die spektakul\u00e4rsten Looks des Abends. <\/p>\n<p><img decoding=\"async\" width=\"992\" height=\"558\" alt=\"Mikey Madison (27, \u201eOnce Upon a Time in Hollywood\u201c) kam in einem aufregenden weinroten Kleid von Dior\" src=\"https:\/\/www.europesays.com\/de\/wp-content\/uploads\/2026\/03\/cd262d4ceadf5637a6353fed9589e9a1,ce9c2ff8.jpeg\"   class=\"landscape\" loading=\"lazy\"\/><\/p>\n<p class=\"fig__caption__text\">Mikey Madison (27, \u201eOnce Upon a Time in Hollywood\u201c) kam in einem aufregenden weinroten Kleid von Dior<\/p>\n<p>Foto: Getty Images<\/p>\n<p><img decoding=\"async\" width=\"992\" height=\"1335\" alt=\"Priyanka Chopra (43, \u201eThe Bluff\u201c) kam in Dior und mit Ehemann, S\u00e4nger Nick Jonas (32), zu den Oscars\" src=\"https:\/\/www.europesays.com\/de\/wp-content\/uploads\/2026\/03\/cb33cd1fa4e93a967abc0a4eb4fcc1a5,61d7ece6.jpeg\"   class=\"dynamic\" loading=\"lazy\"\/><\/p>\n<p class=\"fig__caption__text\">Priyanka Chopra (43, \u201eThe Bluff\u201c) kam in Dior und mit Ehemann, S\u00e4nger Nick Jonas (32), zu den Oscars <\/p>\n<p>Foto: ZUMAPRESS.com\/MEGA<\/p>\n<p><img decoding=\"async\" width=\"992\" height=\"558\" alt=\"Rose Byrne (46, \u201eIf I Had Legs I\u2019d Kick You\u201c)\" src=\"https:\/\/www.europesays.com\/de\/wp-content\/uploads\/2026\/03\/df6d5f6366f11314315dcebe79b47b96,ceb136.jpeg\"   class=\"landscape\" loading=\"lazy\"\/><\/p>\n<p class=\"fig__caption__text\">Rose Byrne (46, \u201eIf I Had Legs I\u2019d Kick You\u201c) trug ein handbesticktes Kleid von Dior<\/p>\n<p>Foto: Getty Images<\/p>\n<p><img decoding=\"async\" width=\"992\" height=\"558\" alt=\"Goldie Hawn (80) unterst\u00fctzte Tochter Kate Hudson (46, \u201eSong Sung Blue\u201c) bei der Preisverleihung\" src=\"https:\/\/www.europesays.com\/de\/wp-content\/uploads\/2026\/03\/123ececc4fd3a243c1f7977311dc67cb,4bb92308.jpeg\"   class=\"landscape\" loading=\"lazy\"\/><\/p>\n<p class=\"fig__caption__text\">Goldie Hawn (80) unterst\u00fctzte Tochter Kate Hudson (46, \u201eSong Sung Blue\u201c) bei der Preisverleihung. Doch die ging leer aus<\/p>\n<p>Foto: Jordan Strauss\/Invision\/AP<\/p>\n<p>Die Oscars 2026: Die Stars auf dem Roten Teppich<a class=\"anchor video-teaser__anchor\" href=\"https:\/\/www.bild.de\/unterhaltung\/stars-und-leute\/die-oscars-2026-die-stars-auf-dem-roten-teppich-69b7247e17184da7cffdaaf7\" rel=\"nofollow noopener\" target=\"_blank\"><img decoding=\"async\" width=\"992\" height=\"558\" alt=\"\" src=\"https:\/\/www.europesays.com\/de\/wp-content\/uploads\/2026\/03\/3564f0405fb8d5750292aeef5337bf2b,4ddb7c25.jpeg\"   class=\"landscape teaser__image\" loading=\"lazy\"\/><\/a><\/p>\n<p>Quelle: AP16.03.2026<\/p>\n<p>Hals \u00fcber Kopf in Sammelkarten<\/p>\n<p>Doch nicht nur die Damen sorgten f\u00fcr Schnappatmung! F\u00fcr den schr\u00e4gsten Hingucker des Abends war ausgerechnet ein Wirtschafts-Gigant verantwortlich: Kevin O\u2019Leary (71). Der \u201eShark Tank\u201c-Star (bei uns bekannt aus \u201e<a href=\"https:\/\/www.bild.de\/unterhaltung\/tv\/die-hoehle-der-loewen\/die-hoehle-der-loewen-alle-infos-7OjMufhAvRZdTTa5Zckc\" class=\"text-link\" rel=\"nofollow noopener\" target=\"_blank\">Die H\u00f6hle der L\u00f6wen<\/a>\u201c) trug kein klassisches Gold, sondern eine echte Sport-Sensation spazieren. Statt eines Diamanten baumelte an seiner Tiffany-Halskette eine extrem seltene \u201eTriple Logoman\u201c-Basketballkarte \u2013 eingefasst in 1 Kilogramm massives Wei\u00dfgold und 101 Karat an Tiffany-Diamanten. Eine Sammelkarte als Millionen-Geschmeide? In Hollywood ist eben alles m\u00f6glich, was teuer ist!<\/p>\n<p><img decoding=\"async\" width=\"992\" height=\"558\" alt=\"Der 30-Millionen-Dollar-Flex! Investment-Legende Kevin O\u2019Leary (71), besser bekannt als \u201eMr. Wonderful\u201c, tr\u00e4gt bei den Oscars sein Portfolio einfach um den Hals: eine diamantbesetzte Kette von Tiffany &amp; Co. mit einer ultrararen \u201eTriple Logoman\u201c-Karte von Jordan, Bryant und James. 101 Karat und ein Kilo Wei\u00dfgold\" src=\"https:\/\/www.europesays.com\/de\/wp-content\/uploads\/2026\/03\/cf8cf2c811294f1d6e8d72e214801b23,20210916.jpeg\"   class=\"landscape\" loading=\"lazy\"\/><\/p>\n<p class=\"fig__caption__text\">Der 30-Millionen-Dollar-Flex! Investment-Legende Kevin O\u2019Leary (71), besser bekannt als \u201eMr. Wonderful\u201c, tr\u00e4gt bei den Oscars sein Portfolio einfach um den Hals: eine diamantbesetzte Kette von Tiffany &amp; Co. mit einer ultrararen \u201eTriple Logoman\u201c-Karte von Jordan, Bryant und James. 101 Karat und ein Kilo Wei\u00dfgold <\/p>\n<p>Foto: LCY\/Avalon<\/p>\n<p><img decoding=\"async\" width=\"992\" height=\"672\" alt=\"Teyana Taylor (35), die als als \u201eBeste Nebendarstellerin\u201c f\u00fcr ihre Rolle als Perfidia in \u201eOne Battle After Another\u201c nominiert ist, kam in einer Robe von Chanel\" src=\"https:\/\/www.europesays.com\/de\/wp-content\/uploads\/2026\/03\/6f73725768c7a6794cee02e5b705f1f6,fb7d3bf9.jpeg\"   class=\"dynamic\" loading=\"lazy\"\/><\/p>\n<p class=\"fig__caption__text\">Teyana Taylor (35), die als \u201eBeste Nebendarstellerin\u201c f\u00fcr ihre Rolle als Perfidia in \u201eOne Battle After Another\u201c nominiert war, kam in einer Robe von Chanel. Auch wenn sie den Oscar nicht gewann, ihr Outfit h\u00e4tte eine Troph\u00e4e verdient<\/p>\n<p>Foto: Getty Images<\/p>\n<p><img decoding=\"async\" width=\"992\" height=\"558\" alt=\"Vollgas auf dem roten Teppich: Damson Idris (34) rast mit seinem nominierten \u201eF1\u201c-Epos zu den Oscars und l\u00e4sst mit dieser haarigen Prada-Kreatio alle im R\u00fcckspiegel stehen!\" src=\"https:\/\/www.europesays.com\/de\/wp-content\/uploads\/2026\/03\/0a902699daf79138b54a0b1071304812,733670f5.jpeg\"   class=\"landscape\" loading=\"lazy\"\/><\/p>\n<p class=\"fig__caption__text\">Vollgas auf dem roten Teppich: Damson Idris (34) rast mit seinem nominierten \u201eF1\u201c-Epos zu den Oscars und l\u00e4sst mit dieser haarigen Prada-Kreation alle im R\u00fcckspiegel stehen!<\/p>\n<p>Foto: FilmMagic<\/p>\n<p><img decoding=\"async\" width=\"992\" height=\"1321\" alt=\"Der legend\u00e4re US-Regisseur Spike Lee (68, \u201eChiraq\u201c) trug eine Tasche aus vergoldeten Kassetten des New Yorker Labels RUNYARO. Ob er damit bei Ehefrau Tonya Lewis Lee (59) den richtigen Ton traf?\" src=\"https:\/\/www.europesays.com\/de\/wp-content\/uploads\/2026\/03\/8764c68fec12daf9ec5ad3e361d151b5,bf3fc9c7.jpeg\"   class=\"dynamic\" loading=\"lazy\"\/><\/p>\n<p class=\"fig__caption__text\">Der legend\u00e4re US-Regisseur Spike Lee (68, \u201eChiraq\u201c) trug eine Tasche aus vergoldeten Kassetten des New Yorker Labels RUNYARO. Ob er damit bei Ehefrau Tonya Lewis Lee (59) den richtigen Ton traf?<\/p>\n<p>Foto: ZUMAPRESS.com\/MEGA<\/p>\n<p><img decoding=\"async\" width=\"992\" height=\"558\" alt=\"Laudatorin Nicole Kidman (58) blieb ihrem Stil treu und erschien bei den Academy Awards 2026 in einer ma\u00dfgeschneiderten Robe von Chanel\" src=\"https:\/\/www.europesays.com\/de\/wp-content\/uploads\/2026\/03\/70ad541c382e2523e90378c30cd99e4d,f715cf95.jpeg\"   class=\"landscape\" loading=\"lazy\"\/><\/p>\n<p class=\"fig__caption__text\">Laudatorin Nicole Kidman (58) blieb ihrem Stil treu und erschien bei den Academy Awards 2026 in einer ma\u00dfgeschneiderten Robe von Chanel<\/p>\n<p>Foto: SI\/Avalon<\/p>\n<p>Der Teufel tr\u00e4gt wieder Prada!<\/p>\n<p>Gipfeltreffen der Glamour-Gigantinnen! Wenn Schauspielerin Anne Hathaway (43) auf Mode-Papst Dame Anna Wintour (76) trifft, weht ein Hauch von \u201eDer Teufel tr\u00e4gt Prada\u201c durch Los Angeles. Und das ist kein Zufall! Hathaway, die als Oscar-Preistr\u00e4gerin l\u00e4ngst zur Hollywood-Elite geh\u00f6rt, und Wintour, die als Global Editorial Director von VOGUE und Chief Content Officer von Cond\u00e9 Nast seit Jahrzehnten bestimmt, was wir morgen tragen d\u00fcrfen, zeigten sich heute Abend Seite an Seite. Ein genialer PR-Schachzug: Im Mai 2026 startet die hei\u00df ersehnte Fortsetzung ihres Kultfilms in den Kinos. <\/p>\n<p><img decoding=\"async\" width=\"992\" height=\"1178\" alt=\"Vogue-Chefin Anna Wintour (76) und Schauspielerin Anne Hathaway (43) pr\u00e4sentieren gemeinsam die Goldjungen f\u00fcr die besten Kost\u00fcme. 20 Jahre nach ihrem Kultfilm \u201eDer Teufel tr\u00e4gt Prada\u201c sind sie das modische Dream-Team der Nacht!\" src=\"https:\/\/www.europesays.com\/de\/wp-content\/uploads\/2026\/03\/13a6d4d13686e81ccc6e29002f56bc8d,b7c02b5c.jpeg\"   class=\"portrait\" loading=\"lazy\"\/><\/p>\n<p class=\"fig__caption__text\">Vogue-Chefin Anna Wintour (76) und Schauspielerin Anne Hathaway (43) pr\u00e4sentieren gemeinsam die Goldjungen f\u00fcr die besten Kost\u00fcme. 20 Jahre nach ihrem Kultfilm \u201eDer Teufel tr\u00e4gt Prada\u201c sind sie das modische Dreamteam der Nacht!<\/p>\n<p>Foto: Penske Media via Getty Images<\/p>\n<p><img decoding=\"async\" width=\"992\" height=\"1178\" alt=\"\u201eHamnet\u201c-Star Jessie Buckley (36) in Chanel\" src=\"https:\/\/www.europesays.com\/de\/wp-content\/uploads\/2026\/03\/b84a1cc69611ad8199a08c650268a003,81c1ac19.jpeg\"   class=\"portrait\" loading=\"lazy\"\/><\/p>\n<p class=\"fig__caption__text\">\u201eHamnet\u201c-Star Jessie Buckley (36) kam in Chanel und ging als \u201eBeste Hauptdarstellerin\u201c mit dem Oscar heim<\/p>\n<p>Foto: WireImage<\/p>\n<p><img decoding=\"async\" width=\"992\" height=\"558\" alt=\"Demi Moore (63) bezauberte bei den 98. Academy-Awards in einer extravaganten Gucci-Robe\" src=\"https:\/\/www.europesays.com\/de\/wp-content\/uploads\/2026\/03\/8b965323e3f7f0d5daa3abccaaf21752,3890297e.jpeg\"   class=\"landscape\" loading=\"lazy\"\/><\/p>\n<p class=\"fig__caption__text\">Demi Moore (63) bezauberte bei den 98. Academy-Awards in einer extravaganten Gucci-Robe<\/p>\n<p>Foto: Etienne Laurent\/The Academy\/Avalon<\/p>\n<p><img decoding=\"async\" width=\"992\" height=\"632\" alt=\"Elle Fanning (27) in custom Givenchy wurde f\u00fcr ihre Rolle in \u201eSentimental Value\u201c als beste \u201eBeste Nebendarstellerin\u201c nominiert\" src=\"https:\/\/www.europesays.com\/de\/wp-content\/uploads\/2026\/03\/259c707b288a51eb1c509a8494762cd1,68125f14.jpeg\"   class=\"dynamic\" loading=\"lazy\"\/><\/p>\n<p class=\"fig__caption__text\">Elle Fanning (27) in Custom Givenchy wurde f\u00fcr ihre Rolle in \u201eSentimental Value\u201c als beste \u201eBeste Nebendarstellerin\u201c nominiert, gewann allerdings nicht<\/p>\n<p>Foto: EPA<\/p>\n<p><img decoding=\"async\" width=\"992\" height=\"558\" alt=\"Im vergangenen Jahr freute sich Schauspieler Adrien Brody (52) \u00fcber seinen zweiten Oscar (\u201eThe Brutalist\u201c). Dieses Jahr, kam er als Laudator. An seiner Seite: Freundin und Marchesa-Designerin Georgina Chapman (49)\" src=\"https:\/\/www.europesays.com\/de\/wp-content\/uploads\/2026\/03\/d728f8480fb40198b9de0a3afed7f151,23c33923.jpeg\"   class=\"landscape\" loading=\"lazy\"\/><\/p>\n<p class=\"fig__caption__text\">Im vergangenen Jahr freute sich Schauspieler Adrien Brody (52) \u00fcber seinen zweiten Oscar (\u201eThe Brutalist\u201c). Dieses Jahr, kam er als Laudator. An seiner Seite: Freundin und Marchesa-Designerin Georgina Chapman (49) <\/p>\n<p>Foto: Mark Von Holden\/The Academy\/Avalon<\/p>\n<p><img decoding=\"async\" width=\"992\" height=\"558\" alt=\"K-Pop-Power bei den Oscars: S\u00e4ngerin Audrey Nuna (26, links) hofft f\u00fcr ihren Hit \u201aGolden\u2018 (\u201eK-Pop Demon Hunters\u201c) auch auf einen Goldjungen\" src=\"https:\/\/www.europesays.com\/de\/wp-content\/uploads\/2026\/03\/62dc3b9d44740154ac49540068238616,7f65ec9c.jpeg\"   class=\"landscape\" loading=\"lazy\"\/><\/p>\n<p class=\"fig__caption__text\">K-Pop-Power bei den Oscars: S\u00e4ngerin Audrey Nuna (26, links) hoffte f\u00fcr ihren Hit \u201aGolden\u2018 (\u201eK-Pop Demon Hunters\u201c) auch auf einen Goldjungen \u2013 und bekam ihn!<\/p>\n<p>Foto: Agency People Image<\/p>\n<p>Die schr\u00e4gsten Details der Oscar-Nacht<\/p>\n<p>Dass es bei den Academy Awards 2026 nicht nur um klassische Roben geht, bewiesen in diesem Jahr vor allem die Accessoires der Stars \u2013 und die waren teilweise nichts f\u00fcr schwache Nerven! Den Anfang machte Audrey Nuna (26). Passend zu ihrem nominierten Netflix-Hit \u201eGolden\u201c trug die S\u00e4ngerin gigantische, goldene Kugeln auf den Fingern\u00e4geln spazieren. <\/p>\n<p>Mehr zum Thema<\/p>\n<p>Doch den wohl \u201ebissigsten\u201c Auftritt legte Schauspieler Jack O\u2019Connell (35) hin. Er schockte die Fotografen mit spitzen Vampirz\u00e4hnen, die er stolz bei jedem L\u00e4cheln blitzen lie\u00df. Was wie schlechte Mundhygiene aussah, war pure Absicht: eine Hommage an seine Rolle als Ur-Vampir \u201eRemmick\u201c im 16-fach nominierten Mega-Blockbuster \u201e<a href=\"https:\/\/www.bild.de\/unterhaltung\/stars-und-leute\/sinners-holt-16-oscar-nominierungen-warum-der-vampir-horror-so-hungrig-auf-trophaeen-ist-69723647568b91954b0eb821\" class=\"text-link\" rel=\"nofollow noopener\" target=\"_blank\">Sinners<\/a>\u201c. Ob Gold-N\u00e4gel oder Blutsauger-Gebiss \u2013 in dieser Oscar-Nacht war auffallen um jeden Preis das einzige Gesetz!<\/p>\n<p><img decoding=\"async\" width=\"992\" height=\"558\" alt=\"Ob sich die S\u00e4ngerin aus der Oscar-Vorfreude heraus auch f\u00fcr Heavy Metal auf den Fingern\u00e4geln entschied?\" src=\"https:\/\/www.europesays.com\/de\/wp-content\/uploads\/2026\/03\/e60cc50e30d80fe4a1d29b3e58173366,3547df40.jpeg\"   class=\"landscape\" loading=\"lazy\"\/><\/p>\n<p class=\"fig__caption__text\">Ob sich die S\u00e4ngerin aus der Oscar-Vorfreude heraus auch f\u00fcr Heavy Metal auf den Fingern\u00e4geln entschied?<\/p>\n<p>Foto: Getty Images<\/p>\n<p><img decoding=\"async\" width=\"992\" height=\"558\" alt=\"Geht mit 16 Nominierungen f\u00fcr seinen Film \u201eSinners\u201c ins Rennen: Schauspieler Jack O'Connell (35)\" src=\"https:\/\/www.europesays.com\/de\/wp-content\/uploads\/2026\/03\/78006408ebf20c52f66366e6f20ade87,ba398c1e.jpeg\"   class=\"landscape\" loading=\"lazy\"\/><\/p>\n<p class=\"fig__caption__text\">Geht mit 16 Nominierungen f\u00fcr seinen Film \u201eSinners\u201c ins Rennen: Schauspieler Jack O&#8217;Connell (35)<\/p>\n<p>Foto: Getty Images<\/p>\n<p><img decoding=\"async\" width=\"992\" height=\"558\" alt=\"Verk\u00fcndete einen Oscar-Gewinner: \u201eThe Materialists\u201c-Schauspieler Pedro Pascal (50) in Chanel\" src=\"https:\/\/www.europesays.com\/de\/wp-content\/uploads\/2026\/03\/ba1e155bc4fdf3eaefd709db7fba651c,416d707d.jpeg\"   class=\"landscape\" loading=\"lazy\"\/><\/p>\n<p class=\"fig__caption__text\">Verk\u00fcndete einen Oscar-Gewinner: \u201eThe Materialists\u201c-Schauspieler Pedro Pascal (50) in Chanel<\/p>\n<p>Foto: EPA<\/p>\n<p><img decoding=\"async\" width=\"992\" height=\"558\" alt=\"Kylie Jenner (28) sparte sich den roten Teppich und nahm heimlich neben Freund Timoth\u00e9e Chalamet (30, \u201eMarty Supreme\u201c) Platz\" src=\"https:\/\/www.europesays.com\/de\/wp-content\/uploads\/2026\/03\/f00b05a7a37f022f37ef46c04c6de0d2,577d7b14.jpeg\"   class=\"landscape\" loading=\"lazy\"\/><\/p>\n<p class=\"fig__caption__text\">Kylie Jenner (28) sparte sich den roten Teppich und nahm heimlich neben Freund Timoth\u00e9e Chalamet (30, \u201eMarty Supreme\u201c) Platz<\/p>\n<p>Foto: Getty Images<\/p>\n","protected":false},"excerpt":{"rendered":"Los Angeles \u2013\u00a0Hollywood hat heute Nacht nur eine W\u00e4hrung: Sichtbarkeit. W\u00e4hrend die Scheinwerfer das Dolby Theatre in ein&hellip;\n","protected":false},"author":2,"featured_media":872234,"comment_status":"","ping_status":"","sticky":false,"template":"","format":"standard","meta":{"footnotes":"","_share_on_mastodon":"0"},"categories":[1776],"tags":[1801,29,214,30,11110,3583,19648,2707,1802,138370,215,36861],"class_list":["post-872233","post","type-post","status-publish","format-standard","has-post-thumbnail","category-prominente","tag-celebrities","tag-deutschland","tag-entertainment","tag-germany","tag-kleider","tag-oscar","tag-oscarpreistraeger","tag-promi","tag-prominente","tag-team-first","tag-unterhaltung","tag-wintour-anna"],"share_on_mastodon":{"url":"https:\/\/pubeurope.com\/@de\/116237278133366134","error":""},"_links":{"self":[{"href":"https:\/\/www.europesays.com\/de\/wp-json\/wp\/v2\/posts\/872233","targetHints":{"allow":["GET"]}}],"collection":[{"href":"https:\/\/www.europesays.com\/de\/wp-json\/wp\/v2\/posts"}],"about":[{"href":"https:\/\/www.europesays.com\/de\/wp-json\/wp\/v2\/types\/post"}],"author":[{"embeddable":true,"href":"https:\/\/www.europesays.com\/de\/wp-json\/wp\/v2\/users\/2"}],"replies":[{"embeddable":true,"href":"https:\/\/www.europesays.com\/de\/wp-json\/wp\/v2\/comments?post=872233"}],"version-history":[{"count":0,"href":"https:\/\/www.europesays.com\/de\/wp-json\/wp\/v2\/posts\/872233\/revisions"}],"wp:featuredmedia":[{"embeddable":true,"href":"https:\/\/www.europesays.com\/de\/wp-json\/wp\/v2\/media\/872234"}],"wp:attachment":[{"href":"https:\/\/www.europesays.com\/de\/wp-json\/wp\/v2\/media?parent=872233"}],"wp:term":[{"taxonomy":"category","embeddable":true,"href":"https:\/\/www.europesays.com\/de\/wp-json\/wp\/v2\/categories?post=872233"},{"taxonomy":"post_tag","embeddable":true,"href":"https:\/\/www.europesays.com\/de\/wp-json\/wp\/v2\/tags?post=872233"}],"curies":[{"name":"wp","href":"https:\/\/api.w.org\/{rel}","templated":true}]}}