{"id":87225,"date":"2025-05-05T20:38:09","date_gmt":"2025-05-05T20:38:09","guid":{"rendered":"https:\/\/www.europesays.com\/de\/87225\/"},"modified":"2025-05-05T20:38:09","modified_gmt":"2025-05-05T20:38:09","slug":"ist-das-land-noch-wehrfaehig-ukraine-war-die-zweitstaerkste-panzerarmee-in-europa","status":"publish","type":"post","link":"https:\/\/www.europesays.com\/de\/87225\/","title":{"rendered":"Ist das Land noch wehrf\u00e4hig?: &#8222;Ukraine war die zweitst\u00e4rkste Panzerarmee in Europa&#8220;"},"content":{"rendered":"<p>          05.05.2025 20:57 Uhr \u2013  15:17 min<\/p>\n<p>              Ist das Land noch wehrf\u00e4hig?<br \/>\n              &#8222;Ukraine war die zweitst\u00e4rkste Panzerarmee in Europa&#8220;<\/p>\n<p>\n              Die Ukraine meldet rund 200 Angriffe pro Tag. Laut dem Milit\u00e4rexperten Wolfgang Richter hat sich die Kriegslage dennoch seit Jahren nicht grundlegend ge\u00e4ndert. Das milit\u00e4rische Potenzial von Kiews Truppen schwindet hingegen rapide. Doch die Ukraine sei bereits in der Vergangenheit untersch\u00e4tzt worden. <\/p>\n","protected":false},"excerpt":{"rendered":"05.05.2025 20:57 Uhr \u2013 15:17 min Ist das Land noch wehrf\u00e4hig? &#8222;Ukraine war die zweitst\u00e4rkste Panzerarmee in Europa&#8220;&hellip;\n","protected":false},"author":2,"featured_media":87226,"comment_status":"","ping_status":"","sticky":false,"template":"","format":"standard","meta":{"footnotes":""},"categories":[3933],"tags":[331,332,661,548,663,158,3934,3935,13,9863,929,451,14,15,16,307,12,6473,317,3081,10134],"class_list":{"0":"post-87225","1":"post","2":"type-post","3":"status-publish","4":"format-standard","5":"has-post-thumbnail","7":"category-eu","8":"tag-aktuelle-nachrichten","9":"tag-aktuelle-news","10":"tag-angriff-auf-die-ukraine","11":"tag-eu","12":"tag-europa","13":"tag-europaeische-union","14":"tag-europe","15":"tag-european-union","16":"tag-headlines","17":"tag-international-themen","18":"tag-kriege-und-konflikte","19":"tag-militaer","20":"tag-nachrichten","21":"tag-news","22":"tag-politik","23":"tag-russland","24":"tag-schlagzeilen","25":"tag-sicherheitspolitik","26":"tag-ukraine","27":"tag-ukraine-konflikt","28":"tag-waffenlieferung"},"share_on_mastodon":{"url":"https:\/\/pubeurope.com\/@de\/114457156253538588","error":""},"_links":{"self":[{"href":"https:\/\/www.europesays.com\/de\/wp-json\/wp\/v2\/posts\/87225","targetHints":{"allow":["GET"]}}],"collection":[{"href":"https:\/\/www.europesays.com\/de\/wp-json\/wp\/v2\/posts"}],"about":[{"href":"https:\/\/www.europesays.com\/de\/wp-json\/wp\/v2\/types\/post"}],"author":[{"embeddable":true,"href":"https:\/\/www.europesays.com\/de\/wp-json\/wp\/v2\/users\/2"}],"replies":[{"embeddable":true,"href":"https:\/\/www.europesays.com\/de\/wp-json\/wp\/v2\/comments?post=87225"}],"version-history":[{"count":0,"href":"https:\/\/www.europesays.com\/de\/wp-json\/wp\/v2\/posts\/87225\/revisions"}],"wp:featuredmedia":[{"embeddable":true,"href":"https:\/\/www.europesays.com\/de\/wp-json\/wp\/v2\/media\/87226"}],"wp:attachment":[{"href":"https:\/\/www.europesays.com\/de\/wp-json\/wp\/v2\/media?parent=87225"}],"wp:term":[{"taxonomy":"category","embeddable":true,"href":"https:\/\/www.europesays.com\/de\/wp-json\/wp\/v2\/categories?post=87225"},{"taxonomy":"post_tag","embeddable":true,"href":"https:\/\/www.europesays.com\/de\/wp-json\/wp\/v2\/tags?post=87225"}],"curies":[{"name":"wp","href":"https:\/\/api.w.org\/{rel}","templated":true}]}}