{"id":872569,"date":"2026-03-16T09:00:15","date_gmt":"2026-03-16T09:00:15","guid":{"rendered":"https:\/\/www.europesays.com\/de\/872569\/"},"modified":"2026-03-16T09:00:15","modified_gmt":"2026-03-16T09:00:15","slug":"jugendliche-schlaeger-greifen-bielefelder-spaziergaenger-aus-dem-hinterhalt-an","status":"publish","type":"post","link":"https:\/\/www.europesays.com\/de\/872569\/","title":{"rendered":"Jugendliche Schl\u00e4ger greifen Bielefelder Spazierg\u00e4nger aus dem Hinterhalt an"},"content":{"rendered":"<p id=\"absatz1\" class=\"em_text\">Bielefeld-Sennestadt. Die Kripo sucht aktuell mehrere jugendliche Gewaltt\u00e4ter. Die jungen T\u00e4ter haben am Freitagabend, 6. M\u00e4rz, einen Spazierg\u00e4nger aus dem Hinterhalt heraus angegriffen, auf ihn eingeschlagen und den 42-j\u00e4hrigen Bielefelder dabei auch verletzt.<\/p>\n<p id=\"absatz2\" class=\"em_text\">Wie die Polizei mitteilte, war der Bielefelder um 21 Uhr am See der Parkanlage am Sennestadtring und am Reichowplatz unterwegs. Wie der Spazierg\u00e4nger berichtet, h\u00e4tten ihn drei bis vier dunkel gekleidete Jugendliche aus dem Hinterhalt heraus unvermittelt angegriffen. Ohne Vorwarnung schlugen sie auf ihn ein. Anschlie\u00dfend fl\u00fcchtete die Gruppe in unbekannte Richtung.<\/p>\n<p id=\"absatz3\"><b class=\"bold\">Zum Thema:<\/b> <a href=\"https:\/\/www.nw.de\/lokal\/bielefeld\/mitte\/24175879_Brutaler-Raub-Naechtlicher-Angriff-auf-14-jaehrige-Bielefelderin-auf-dem-Kesselbrink.html\" rel=\"nofollow noopener\" target=\"_blank\">Brutaler Raub: Angriff auf 14-j\u00e4hrige Bielefelderin am Kesselbrink<\/a><\/p>\n<p id=\"absatz4\" class=\"em_text\">Der Bielefelder erlitt nach Angaben der Polizei leichte Verletzungen, die aber trotzdem im Krankenhaus versorgt werden mussten. Das Opfer erstattete zwei Tage nach dem \u00dcberfall auf der Polizeiwache Strafanzeige. Nun sucht die Polizei Zeugen, die verd\u00e4chtige Beobachtungen rund um den Tatort gemacht haben. Zeugenhinweise gehen an das Kriminalkommissariat 14 der Polizei unter Tel. 0521 5450.<\/p>\n<p>Weibliche Jugendkriminalit\u00e4t war 2025 r\u00fcckl\u00e4ufig<\/p>\n<p class=\"em_text\">Im vergangenen Jahr erfasste die Bielefelder Polizei 2.139 Tatverd\u00e4chtige, die unter 21 Jahre alt sind. Nach einem beunruhigenden Hoch in den drei Vorjahren bedeutete das auf den ersten Blick einen erfreulichen R\u00fcckgang um 10,9 Prozent. Trotzdem ist in Bielefeld immer noch jeder f\u00fcnfte Tatverd\u00e4chtige in der Stadt unter 21 Jahre alt. Das geht aus der aktuellen Kriminalit\u00e4tsbilanz der Polizei hervor.<\/p>\n<p>        <a href=\"https:\/\/www.nw.de\/_em_daten\/_cache\/image\/1xSlFpZkpGQTRyRVArTEhGQXFXNzYzQUZ3OXg4Z0xIaDhkQkQvS0szNjltSlNTeFpLNE1iRGdWTXA3UVNncmtUd3BodFExUE1CaVhtS1pTT2twWmZYTVE9PQ\/260316-0937-876692065.jpg\" class=\"nw-article-image\" title=\"Die Jugendkriminalit\u00e4t in Bielefeld im Vergleich von 2024 zu 2025.\" data-glightbox=\"type: image; description: Die Jugendkriminalit\u00e4t in Bielefeld im Vergleich von 2024 zu 2025.  | \u00a9 Quelle: Polizei \" rel=\"nofollow noopener\" target=\"_blank\"><br \/>\n            <img decoding=\"async\" src=\"https:\/\/www.europesays.com\/de\/wp-content\/uploads\/2026\/03\/260316-0937-876692065.jpg\" class=\"nw-img-fluid nw-w-full nw-lazy nw-rounded-t-md\" alt=\"Die Jugendkriminalit\u00e4t in Bielefeld im Vergleich von 2024 zu 2025. - \u00a9 Quelle: Polizei\" data-format=\"16:9\"\/><br \/>\n        <\/a><\/p>\n<p>                Die Jugendkriminalit\u00e4t in Bielefeld im Vergleich von 2024 zu 2025.<br \/>\n                                    | \u00a9 Quelle: Polizei<\/p>\n<p id=\"absatz6\" class=\"em_text\">Au\u00dferdem: W\u00e4hrend der Anteil der m\u00e4nnlichen U21-Tatverd\u00e4chtigen im Vergleich zum Vorjahr lediglich um 0,9 Prozent zur\u00fcckging (14 Tatverd\u00e4chtige weniger als 2024), ist der erfreuliche R\u00fcckgang insgesamt vor allem der Zur\u00fcckhaltung junger Frauen zu verdanken. Bei den weiblichen Unter-21-J\u00e4hrigen sank die Zahl um erstaunliche 30,1 Prozent (249 Tatverd\u00e4chtige weniger).<\/p>\n<p>M\u00e4nnliche Delinquenzfelder wie Raub und Gewalt nicht r\u00fcckl\u00e4ufig<\/p>\n<p id=\"absatz7\" class=\"em_text\">Das hei\u00dft, dass typische m\u00e4nnliche Delinquenzfelder wie Gewalt-, K\u00f6rperverletzungs- und Raubtaten eher nicht r\u00fcckg\u00e4ngig waren. Die Kripo betonte deshalb: \u201eEin starker R\u00fcckgang der erfassten unter 21-j\u00e4hrigen Tatverd\u00e4chtigen war f\u00fcr den Deliktsbereich Diebstahl zu beobachten. Hier wurden 634 Tatverd\u00e4chtige unter 21 Jahren erfasst. Dies waren 348 Tatverd\u00e4chtige weniger als im Vorjahr (- 35,7 %).\u201c<\/p>\n<p id=\"absatz8\"><b class=\"bold\">Zum Thema<\/b>: <a href=\"https:\/\/www.nw.de\/lokal\/bielefeld\/mitte\/24282545_Kriminalitaet-sinkt-in-Bielefeld-spuerbar-nur-Arminia-Pyros-verderben-die-Statistik.html\" rel=\"nofollow noopener\" target=\"_blank\">Kriminalit\u00e4t sinkt in Bielefeld sp\u00fcrbar &#8211; nur Arminia-Pyros verderben die Statistik<\/a> <\/p>\n","protected":false},"excerpt":{"rendered":"Bielefeld-Sennestadt. Die Kripo sucht aktuell mehrere jugendliche Gewaltt\u00e4ter. Die jungen T\u00e4ter haben am Freitagabend, 6. M\u00e4rz, einen Spazierg\u00e4nger&hellip;\n","protected":false},"author":2,"featured_media":872570,"comment_status":"","ping_status":"","sticky":false,"template":"","format":"standard","meta":{"footnotes":"","_share_on_mastodon":"0"},"categories":[1841],"tags":[82358,1605,102404,3364,29,30,107117,16379,983,16392,1611,1606,1608,734,736,164252,16384,1613,1209,121,16722,16721,192892,17408,84031],"class_list":["post-872569","post","type-post","status-publish","format-standard","has-post-thumbnail","category-bielefeld","tag-jugendkriminalitt","tag-bielefeld","tag-cnt_top-artikel","tag-de","tag-deutschland","tag-germany","tag-hinterhalt","tag-krperverletzung","tag-kripo","tag-label_blaulicht","tag-label_informiere-mich","tag-label_m-80","tag-label_top-news","tag-meta_artikelklasse_nachricht","tag-meta_copyrights_nw","tag-meta_eo_zusammenfassung","tag-meta_themen_blaulicht_sicherheit","tag-meta_userneeds_informieremich","tag-nordrhein-westfalen","tag-polizei","tag-polizei-bielefeld","tag-polizeibericht-bielefeld","tag-reichowplatz","tag-sennestadt","tag-straenkriminalitt"],"share_on_mastodon":{"url":"","error":"Validation failed: Text character limit of 500 exceeded"},"_links":{"self":[{"href":"https:\/\/www.europesays.com\/de\/wp-json\/wp\/v2\/posts\/872569","targetHints":{"allow":["GET"]}}],"collection":[{"href":"https:\/\/www.europesays.com\/de\/wp-json\/wp\/v2\/posts"}],"about":[{"href":"https:\/\/www.europesays.com\/de\/wp-json\/wp\/v2\/types\/post"}],"author":[{"embeddable":true,"href":"https:\/\/www.europesays.com\/de\/wp-json\/wp\/v2\/users\/2"}],"replies":[{"embeddable":true,"href":"https:\/\/www.europesays.com\/de\/wp-json\/wp\/v2\/comments?post=872569"}],"version-history":[{"count":0,"href":"https:\/\/www.europesays.com\/de\/wp-json\/wp\/v2\/posts\/872569\/revisions"}],"wp:featuredmedia":[{"embeddable":true,"href":"https:\/\/www.europesays.com\/de\/wp-json\/wp\/v2\/media\/872570"}],"wp:attachment":[{"href":"https:\/\/www.europesays.com\/de\/wp-json\/wp\/v2\/media?parent=872569"}],"wp:term":[{"taxonomy":"category","embeddable":true,"href":"https:\/\/www.europesays.com\/de\/wp-json\/wp\/v2\/categories?post=872569"},{"taxonomy":"post_tag","embeddable":true,"href":"https:\/\/www.europesays.com\/de\/wp-json\/wp\/v2\/tags?post=872569"}],"curies":[{"name":"wp","href":"https:\/\/api.w.org\/{rel}","templated":true}]}}