{"id":872737,"date":"2026-03-16T10:33:21","date_gmt":"2026-03-16T10:33:21","guid":{"rendered":"https:\/\/www.europesays.com\/de\/872737\/"},"modified":"2026-03-16T10:33:21","modified_gmt":"2026-03-16T10:33:21","slug":"nrw-bereits-dienstag-betroffen-verdi-ruft-fuer-donnerstag-in-sieben-bundeslaendern-zu-nahverkehr-streiks-auf","status":"publish","type":"post","link":"https:\/\/www.europesays.com\/de\/872737\/","title":{"rendered":"NRW bereits Dienstag betroffen: Verdi ruft f\u00fcr Donnerstag in sieben Bundesl\u00e4ndern zu Nahverkehr-Streiks auf"},"content":{"rendered":"<p>NRW bereits Dienstag betroffenVerdi ruft f\u00fcr Donnerstag in sieben Bundesl\u00e4ndern zu Nahverkehr-Streiks auf<img decoding=\"async\" class=\"Image_img__fQCi0 Image_Img_16_9__4BLfH widget-picture-inline_maximizable__t_E7h\" loading=\"eager\" fetchpriority=\"high\" src=\"https:\/\/www.europesays.com\/de\/wp-content\/uploads\/2026\/03\/Vor-dem-Depot-der-Rostocker-Strassenbahn-AG-RSAG-stehen-Verdi-Fahnen-und-ein-Schild-mit-der-Aufschri.webp\" alt=\"Vor-dem-Depot-der-Rostocker-Strassenbahn-AG-RSAG-stehen-Verdi-Fahnen-und-ein-Schild-mit-der-Aufschrift-Streik-auf-den-Gleisen-Die-Tarifverhandlungen-im-kommunalen-Nahverkehr-werden-fortgesetzt-und-von-Warnstreiks-begleitet\"\/>In Hessen und Bremen ist noch offen, ob der Streik stattfindet. (Foto: picture alliance\/dpa)TeilenFolgen auf:<a href=\"https:\/\/www.whatsapp.com\/channel\/0029Va5cdVJD8SDp5YZgYF01\" title=\"Auf WhatsApp folgen\" target=\"_blank\" rel=\"nofollow noopener\"><img decoding=\"async\" src=\"https:\/\/www.n-tv.de\/socialIcons\/whatsapp.svg\" alt=\"whatsapp\" class=\"ArticleShare_icon__FsrC2\"\/><\/a><a href=\"https:\/\/news.google.com\/publications\/CAAiEPMdif5mpRNxiLOeUpHCwwsqFAgKIhDzHYn-ZqUTcYiznlKRwsML?hl=de&amp;gl=DE&amp;ceid=DE%3Ade\" title=\"Auf Google News folgen\" target=\"_blank\" rel=\"nofollow noopener\"><img decoding=\"async\" src=\"https:\/\/www.n-tv.de\/socialIcons\/google.svg\" alt=\"whatsapp\" class=\"ArticleShare_icon__FsrC2\"\/><\/a><\/p>\n<p class=\"Typography_text-m__XI0da Typography_weight-bold__uT6mq storyline_lead_text_leadtext__q_wg8\">Verdi l\u00e4utet die n\u00e4chste Runde an Warnstreiks im \u00f6ffentlichen Nahverkehr ein. Am Donnerstag sollen die Busse und Bahnen in gleich sieben Bundesl\u00e4ndern stillstehen.<\/p>\n<p class=\"Typography_text-default__P3otY Typography_weight-normal__pqUbH storyline_paragraph_p__qSR5N\">Die Gewerkschaft Verdi hat erneut in mehreren Bundesl\u00e4ndern zu Warnstreiks im \u00f6ffentlichen Nahverkehr (\u00d6PNV) aufgerufen. In Bayern, dem Saarland, Brandenburg, Nordrhein-Westfalen und Hamburg sollen am Donnerstag Busse und Bahnen ganzt\u00e4gig in den Depots bleiben, wie die Gewerkschaft mitteilte.<\/p>\n<p class=\"Typography_text-default__P3otY Typography_weight-normal__pqUbH storyline_paragraph_p__qSR5N\">In Hessen entscheide sich im Laufe des Montags nach den aktuellen Verhandlungen, ob die Gewerkschaft dort ebenfalls zum Arbeitskampf aufruft, hie\u00df es. In Bremen soll die Entscheidung am Mittwoch fallen.<\/p>\n<p class=\"Typography_text-default__P3otY Typography_weight-normal__pqUbH storyline_paragraph_p__qSR5N\">In NRW kommt es bereits am Dienstag zus\u00e4tzlich zu Donnerstag in den meisten Regionen zu Warnstreiks im Nahverkehr. Dazu hatte die Gewerkschaft bereits in der vergangenen Woche angerufen. Am heutigen Montag sollen in dem Bundesland zudem Besch\u00e4ftigte in den Verwaltungen und Kundenzentren die Arbeit niederlegen. Auch in Sachsen wird der Nahverkehr bereits am Montag bestreikt.<\/p>\n<p>Verdi: Stehen noch am Anfang<\/p>\n<p class=\"Typography_text-default__P3otY Typography_weight-normal__pqUbH storyline_paragraph_p__qSR5N\">Es ist der dritte gro\u00dffl\u00e4chig koordinierte Arbeitskampf in den laufenden Tarifverhandlungen im \u00d6PNV, die Verdi parallel in allen Bundesl\u00e4ndern f\u00fchrt. In Baden-W\u00fcrttemberg sowie in Schleswig-Holstein gibt es bereits Einigungen.<\/p>\n<p class=\"Typography_text-default__P3otY Typography_weight-normal__pqUbH storyline_paragraph_p__qSR5N\">&#8222;In vielen L\u00e4ndern stehen wir &#8211; im vierten Monat der Tarifrunde &#8211; leider immer noch am Anfang&#8220;, teilte die Vize-Vorsitzende von Verdi, Christine Behle, mit. &#8222;Die Zeiten seien schwierig, hei\u00dft es von den Arbeitgebern. Allerdings k\u00f6nnen wir uns Z\u00f6gerlichkeit am Verhandlungstisch nicht leisten, es m\u00fcssen dringend L\u00f6sungen her.&#8220;<\/p>\n<p class=\"Typography_text-default__P3otY Typography_weight-normal__pqUbH storyline_paragraph_p__qSR5N\">Dieses Mal treffen die Warnstreiks weniger Bundesl\u00e4nder als bei den vorigen Ausst\u00e4nden, bei denen teils \u00fcber mehrere Tage hinweg der kommunale Nahverkehr nahezu bundesweit zum Erliegen kam. Wie zuletzt d\u00fcrfte es regional Unterschiede bei Streikdauer und -beginn geben.<\/p>\n<p class=\"Typography_text-default__P3otY Typography_weight-normal__pqUbH storyline_paragraph_p__qSR5N\">In den Tarifverhandlungen mit den kommunalen Arbeitgeberverb\u00e4nden und Verkehrsunternehmen geht es in den meisten Bundesl\u00e4ndern um bessere Arbeitsbedingungen im Rahmen der sogenannten Manteltarifvertr\u00e4ge. Diese regeln etwa Arbeitszeit, Pausenl\u00e4nge und freie Zeit zwischen den Schichten. In Bayern, Brandenburg, dem Saarland, Th\u00fcringen und bei der Hamburger Hochbahn wird zus\u00e4tzlich \u00fcber h\u00f6here L\u00f6hne und Geh\u00e4lter verhandelt.<\/p>\n<p class=\"Typography_text-default__P3otY Typography_weight-normal__pqUbH storyline_paragraph_p__qSR5N\">Verschont von Arbeitsk\u00e4mpfen blieb bisher vor allem Niedersachsen. Dort gilt bis Ende M\u00e4rz eine Friedenspflicht, w\u00e4hrend der nicht gestreikt werden darf.<\/p>\n<p class=\"Typography_text-s__wu_cm Typography_weight-normal__pqUbH Typography_color-darkgrey__sZEnP article-detail-footer_source__KslPc\">Quelle: ntv.de, lme\/dpa<\/p>\n","protected":false},"excerpt":{"rendered":"NRW bereits Dienstag betroffenVerdi ruft f\u00fcr Donnerstag in sieben Bundesl\u00e4ndern zu Nahverkehr-Streiks aufIn Hessen und Bremen ist noch&hellip;\n","protected":false},"author":2,"featured_media":872738,"comment_status":"","ping_status":"","sticky":false,"template":"","format":"standard","meta":{"footnotes":"","_share_on_mastodon":"0"},"categories":[5],"tags":[331,332,772,1890,2420,3364,29,30,13,2052,14,4186,15,1209,406,12,2459,6816,55],"class_list":["post-872737","post","type-post","status-publish","format-standard","has-post-thumbnail","category-nachrichten","tag-aktuelle-nachrichten","tag-aktuelle-news","tag-bayern","tag-brandenburg","tag-bremen","tag-de","tag-deutschland","tag-germany","tag-headlines","tag-hessen","tag-nachrichten","tag-nahverkehr","tag-news","tag-nordrhein-westfalen","tag-saarland","tag-schlagzeilen","tag-streiks","tag-verdi","tag-wirtschaft"],"share_on_mastodon":{"url":"https:\/\/pubeurope.com\/@de\/116238405460690457","error":""},"_links":{"self":[{"href":"https:\/\/www.europesays.com\/de\/wp-json\/wp\/v2\/posts\/872737","targetHints":{"allow":["GET"]}}],"collection":[{"href":"https:\/\/www.europesays.com\/de\/wp-json\/wp\/v2\/posts"}],"about":[{"href":"https:\/\/www.europesays.com\/de\/wp-json\/wp\/v2\/types\/post"}],"author":[{"embeddable":true,"href":"https:\/\/www.europesays.com\/de\/wp-json\/wp\/v2\/users\/2"}],"replies":[{"embeddable":true,"href":"https:\/\/www.europesays.com\/de\/wp-json\/wp\/v2\/comments?post=872737"}],"version-history":[{"count":0,"href":"https:\/\/www.europesays.com\/de\/wp-json\/wp\/v2\/posts\/872737\/revisions"}],"wp:featuredmedia":[{"embeddable":true,"href":"https:\/\/www.europesays.com\/de\/wp-json\/wp\/v2\/media\/872738"}],"wp:attachment":[{"href":"https:\/\/www.europesays.com\/de\/wp-json\/wp\/v2\/media?parent=872737"}],"wp:term":[{"taxonomy":"category","embeddable":true,"href":"https:\/\/www.europesays.com\/de\/wp-json\/wp\/v2\/categories?post=872737"},{"taxonomy":"post_tag","embeddable":true,"href":"https:\/\/www.europesays.com\/de\/wp-json\/wp\/v2\/tags?post=872737"}],"curies":[{"name":"wp","href":"https:\/\/api.w.org\/{rel}","templated":true}]}}