{"id":872784,"date":"2026-03-16T10:58:16","date_gmt":"2026-03-16T10:58:16","guid":{"rendered":"https:\/\/www.europesays.com\/de\/872784\/"},"modified":"2026-03-16T10:58:16","modified_gmt":"2026-03-16T10:58:16","slug":"bahnbruecke-gesperrt-pendlerverkehr-im-rhein-main-gebiet-stockt","status":"publish","type":"post","link":"https:\/\/www.europesays.com\/de\/872784\/","title":{"rendered":"Bahnbr\u00fccke gesperrt: Pendlerverkehr im Rhein-Main-Gebiet stockt"},"content":{"rendered":"<p>Auswirkungen bis Frankfurt <\/p>\n<p>Wichtige Bahnbr\u00fccke im Rhein-Main-Gebiet gesperrt<\/p>\n<p>Aktualisiert am 16.03.2026 &#8211; 07:09 UhrLesedauer: 1 Min.<\/p>\n<p><a href=\"#focus-0\" class=\"transition-colors duration-200 block text-current relative\" data-sctrack=\"FocusGalleryImage.Reference\"><img fetchpriority=\"high\" data-testid=\"Opener.Image\" style=\"--lqipURL:url('https:\/\/images.t-online.de\/2026\/03\/adYckDPVa8gT\/0x98:800x450\/fit-in\/150x0\/filters:blur(25)\/eine-s-bahn-der-linie-8-archivbild-die-strecke-wird-zwischen-mainz-und-wiesbaden-vollstaendig-gesperrt.jpg')\"   loading=\"eager\" src=\"https:\/\/www.europesays.com\/de\/wp-content\/uploads\/2026\/03\/eine-s-bahn-der-linie-8-archivbild-die-strecke-wird-zwischen-mainz-und-wiesbaden-vollstaendig-gesper.jpeg\" alt=\"Eine S-Bahn der Linie 8 (Archivbild): Die Strecke wird zwischen Mainz und Wiesbaden vollst\u00e4ndig gesperrt.\" title=\"Eine S-Bahn der Linie 8 (Archivbild): Die Strecke wird zwischen Mainz und Wiesbaden vollst\u00e4ndig gesperrt.\" width=\"800\" height=\"450\" class=\"bg-[url:var(--lqipURL)] bg-cover bg-center flex h-full w-full max-w-full\" decoding=\"async\"\/><img style=\"--width:32;--height:32\" loading=\"lazy\" src=\"https:\/\/frankfurt.t-online.de\/s\/paper\/_next\/static\/media\/zoom-in.f7dae02f.svg\" alt=\"Vergr\u00f6\u00dfern des Bildes\" title=\"Vergr\u00f6\u00dfern des Bildes\" class=\"block h-[calc(var(--height)_\/_16_*_1rem)] w-[calc(var(--width)_\/_16_*_1rem)] max-w-none absolute bottom-8 right-8 rounded-4 bg-snow p-8\" decoding=\"async\"\/><\/a><\/p>\n<p>Eine S-Bahn der Linie 8 (Archivbild): Die Strecke wird zwischen Mainz und Wiesbaden vollst\u00e4ndig gesperrt. (Quelle: dpa\/Sebastian Gollnow)<\/p>\n<p class=\"font-bold text-18 leading-17 user-text-lg:text-22 user-text-xl:text-24\">F\u00fcr notwendige Sanierungsarbeiten wird eine wichtige Bahnbr\u00fccke zwischen Mainz und Wiesbaden f\u00fcr Wochen gesperrt. Die Auswirkungen sind bis nach Frankfurt zu sp\u00fcren.<\/p>\n<p class=\"text-18 leading-17 user-text-lg:text-22 user-text-xl:text-24\">Bahnreisende im Rhein-Main-Gebiet m\u00fcssen sich derzeit auf weitere erhebliche Einschr\u00e4nkungen einstellen. Grund ist eine mehrw\u00f6chige Sperrung der Kaiserbr\u00fccke zwischen Mainz und Wiesbaden, die auch Verbindungen \u00fcber den wichtigen Bahnknoten Frankfurt betrifft.<\/p>\n<p class=\"text-18 leading-17 user-text-lg:text-22 user-text-xl:text-24\">Nach Angaben der Deutschen Bahn wird die Br\u00fccke noch bis zum 23. April f\u00fcr den Bahnverkehr gesperrt. In dieser Zeit entf\u00e4llt die S8 zwischen Mainz Hauptbahnhof und Wiesbaden Hauptbahnhof. Die Strecke zwischen Kelsterbach und Mainz Hauptbahnhof kann dagegen tags\u00fcber wieder befahren werden.<\/p>\n<p class=\"text-18 leading-17 user-text-lg:text-22 user-text-xl:text-24\">Die Bauarbeiten wirken sich auch auf den Fernverkehr aus. Z\u00fcge w\u00fcrden in der Regel umgeleitet oder fielen auf Verbindungen zwischen Frankfurt und Mainz beziehungsweise Wiesbaden teilweise aus. Fahrg\u00e4ste m\u00fcssten daher mit l\u00e4ngeren Reisezeiten rechnen, zudem k\u00f6nnten einzelne Halte entfallen.<\/p>\n<p class=\"text-18 leading-17 user-text-lg:text-22 user-text-xl:text-24\">F\u00fcr Pendler zwischen Mainz und Wiesbaden richtet die Bahn einen Ersatzverkehr mit Bussen ein. Die Sperrung ist notwendig, um Gleise und Weichen zu erneuern und Arbeiten f\u00fcr das neue digitale Stellwerk in Mainz durchzuf\u00fchren. F\u00fcr Fu\u00dfg\u00e4nger und Radfahrer bleibt die Kaiserbr\u00fccke w\u00e4hrend der gesamten Bauzeit jedoch ge\u00f6ffnet.<\/p>\n","protected":false},"excerpt":{"rendered":"Auswirkungen bis Frankfurt Wichtige Bahnbr\u00fccke im Rhein-Main-Gebiet gesperrt Aktualisiert am 16.03.2026 &#8211; 07:09 UhrLesedauer: 1 Min. Eine S-Bahn&hellip;\n","protected":false},"author":2,"featured_media":864971,"comment_status":"","ping_status":"","sticky":false,"template":"","format":"standard","meta":{"footnotes":"","_share_on_mastodon":"0"},"categories":[1829],"tags":[48320,2030,29,3600,2050,2051,30,2052,11467,1427,4186,16803,4544],"class_list":["post-872784","post","type-post","status-publish","format-standard","has-post-thumbnail","category-frankfurt-am-main","tag-bahnbruecke","tag-deutsche-bahn","tag-deutschland","tag-fernverkehr","tag-frankfurt","tag-frankfurt-am-main","tag-germany","tag-hessen","tag-kelsterbach","tag-mainz","tag-nahverkehr","tag-rhein-main-gebiet","tag-wiesbaden"],"share_on_mastodon":{"url":"https:\/\/pubeurope.com\/@de\/116238503842478975","error":""},"_links":{"self":[{"href":"https:\/\/www.europesays.com\/de\/wp-json\/wp\/v2\/posts\/872784","targetHints":{"allow":["GET"]}}],"collection":[{"href":"https:\/\/www.europesays.com\/de\/wp-json\/wp\/v2\/posts"}],"about":[{"href":"https:\/\/www.europesays.com\/de\/wp-json\/wp\/v2\/types\/post"}],"author":[{"embeddable":true,"href":"https:\/\/www.europesays.com\/de\/wp-json\/wp\/v2\/users\/2"}],"replies":[{"embeddable":true,"href":"https:\/\/www.europesays.com\/de\/wp-json\/wp\/v2\/comments?post=872784"}],"version-history":[{"count":0,"href":"https:\/\/www.europesays.com\/de\/wp-json\/wp\/v2\/posts\/872784\/revisions"}],"wp:featuredmedia":[{"embeddable":true,"href":"https:\/\/www.europesays.com\/de\/wp-json\/wp\/v2\/media\/864971"}],"wp:attachment":[{"href":"https:\/\/www.europesays.com\/de\/wp-json\/wp\/v2\/media?parent=872784"}],"wp:term":[{"taxonomy":"category","embeddable":true,"href":"https:\/\/www.europesays.com\/de\/wp-json\/wp\/v2\/categories?post=872784"},{"taxonomy":"post_tag","embeddable":true,"href":"https:\/\/www.europesays.com\/de\/wp-json\/wp\/v2\/tags?post=872784"}],"curies":[{"name":"wp","href":"https:\/\/api.w.org\/{rel}","templated":true}]}}