{"id":87280,"date":"2025-05-05T21:08:12","date_gmt":"2025-05-05T21:08:12","guid":{"rendered":"https:\/\/www.europesays.com\/de\/87280\/"},"modified":"2025-05-05T21:08:12","modified_gmt":"2025-05-05T21:08:12","slug":"lieber-arbeite-ich-bei-aldi-hebammen-protest-auf-dem-odeonsplatz","status":"publish","type":"post","link":"https:\/\/www.europesays.com\/de\/87280\/","title":{"rendered":"&#8222;Lieber arbeite ich bei Aldi&#8220;: Hebammen-Protest auf dem Odeonsplatz"},"content":{"rendered":"<p><strong><a href=\"https:\/\/www.abendzeitung-muenchen.de\/muenchen\/\" target=\"_blank\" rel=\"noopener\">M\u00fcnchen<\/a><\/strong> &#8211; Unter dem grauen, verregneten Himmel leuchtet in greller, pinker Schrift der Aufdruck &#8222;Midwife Crisis&#8220; (dt. Hebammenkrise) auf Regenschirmen und -ponchos. &#8222;Weil Hebammen nicht nur von Merci leben k\u00f6nnen&#8220;, steht auf einem Schild aus Pappe. Etwa 200 Menschen, vorwiegend Frauen, versammelten sich am Montag auf dem <a href=\"https:\/\/www.abendzeitung-muenchen.de\/thema\/odeonsplatz\/\" target=\"_blank\" rel=\"noopener\">Odeonsplatz<\/a>, es ist der internationale Hebammentag. Sie demonstrieren gegen den neuen Hebammenhilfevertrag, der zum 1. November 2025 in Kraft treten soll. Betroffen sind sogenannte Dienstbeleghebammen, die freiberuflich in Krei\u00dfs\u00e4len arbeiten \u2013 in Bayern stemmen sie \u00fcber 80 Prozent der Geburtshilfe in Kliniken, bundesweit sind es rund 20 Prozent.<\/p>\n<p>Nur noch 80 Prozent der \u00fcblichen Verg\u00fctung<\/p>\n<p>Der Vertrag legt neue Abrechnungsbetr\u00e4ge mit den <a href=\"https:\/\/www.abendzeitung-muenchen.de\/thema\/gesetzliche-krankenkassen\/\" target=\"_blank\" rel=\"noopener\">gesetzlichen Krankenkassen<\/a> fest. Was die Krankenkassen als Schritt hin zu mehr Qualit\u00e4t durch Eins-zu-eins-Betreuung preisen, sehen viele Hebammen als realit\u00e4tsferne Sch\u00f6nf\u00e4rberei.<\/p>\n<p><img decoding=\"async\" src=\"https:\/\/www.europesays.com\/de\/wp-content\/uploads\/2025\/04\/muc_silhouette_short.svg.svg+xml\"\/><\/p>\n<p>Ab November sollen Beleghebammen bei der Abrechnung lediglich 80 Prozent der \u00fcblichen Verg\u00fctung bekommen, bei der Betreuung von zwei Frauen nur noch zus\u00e4tzlich 30 Prozent der Fallpauschale. Ab vier Frauen bekommen sie sogar keine Zuschl\u00e4ge mehr.<\/p>\n<p>&#8222;Bekommen weniger f\u00fcr die gleiche Betreuung&#8220;<\/p>\n<p>Hebamme Maike Leifer vom Klinikum Harlaching erkl\u00e4rt der AZ: &#8222;Wir bekommen weniger, aber f\u00fcr die gleiche Betreuung und Verantwortung f\u00fcr die Frau.&#8220; Mehrere wichtige Pauschalen \u2013 wie die Erstuntersuchung des Kindes und die Herztonkontrolle \u2013 fallen au\u00dferdem weg. Wenn eine Schwangere wegen eines Notfalls in die Klinik kommt, d\u00fcrfe die Beleghebamme sie nicht abrechnen, sofern keine station\u00e4re Behandlung erfolgt, so Leifer.<\/p>\n<p>     <img decoding=\"async\" loading=\"lazy\" src=\"https:\/\/www.europesays.com\/de\/wp-content\/uploads\/2025\/05\/1558641_artikelbild-75proz_1E6f2F_kZ2tB2.jpg\" alt=\"Viele haben selbstgestaltete Plakate mitgebracht.\" title=\"Viele haben selbstgestaltete Plakate mitgebracht.\" width=\"609\" height=\"914\"\/><\/p>\n<p>      Viele haben selbstgestaltete Plakate mitgebracht.<br \/>\n      \u00a9 Daniel Loeper<\/p>\n<p>    Viele haben selbstgestaltete Plakate mitgebracht.<\/p>\n<p>von Daniel Loeper <\/p>\n<p>&#8222;}&#8220;&gt; <\/p>\n<p>&#8222;Da arbeite ich lieber bei Aldi an der Kasse&#8220;<\/p>\n<p>Sie bef\u00fcrchtet, dass sich viele freiberufliche Hebammen aus dem Beruf zur\u00fcckziehen. Leifer selbst werde aus der Klinik austreten, sagt sie der AZ. &#8222;Dann arbeitet man und bekommt das nicht mehr finanziert.&#8220; Es sei zwar schade, weil ihr Herz daf\u00fcr schlage, jedoch lohne sich die Arbeit durch die \u00c4nderungen nicht mehr f\u00fcr sie.<\/p>\n<p>Auch Gisela W\u00f6rz (60) aus F\u00fcrstenfeldbruck will aufh\u00f6ren, sollte der Vertrag so kommen. &#8222;Da arbeite ich lieber bei <a href=\"https:\/\/www.abendzeitung-muenchen.de\/organisation\/aldi-gruppe\/\" target=\"_blank\" rel=\"noopener\">Aldi<\/a> an der Kasse&#8220;, sagt sie auf der Demo zur AZ. Auch die Hebammen-Studentinnen Teresa Wagner (21) und Lara Thomas-Wittmann (24) sind besorgt um ihren zuk\u00fcnftigen Beruf. &#8222;Wir sind hier, weil wir nat\u00fcrlich wollen, dass unsere Zukunft gesichert ist&#8220;, sagen die beiden.\u00a0<\/p>\n<p>     <img decoding=\"async\" loading=\"lazy\" src=\"https:\/\/www.europesays.com\/de\/wp-content\/uploads\/2025\/05\/1558643_artikelbild-75proz_1E6f2U_uEFMEO.jpg\" alt=\"Die Hebammen-Studentinnen Teresa Wagner (21) und Lara Thomas-Wittmann (24) wollen sich am Montag f\u00fcr ihre Zukunft einsetzen.\" title=\"Die Hebammen-Studentinnen Teresa Wagner (21) und Lara Thomas-Wittmann (24) wollen sich am Montag f\u00fcr ihre Zukunft einsetzen.\" width=\"609\" height=\"457\"\/><\/p>\n<p>      Die Hebammen-Studentinnen Teresa Wagner (21) und Lara Thomas-Wittmann (24) wollen sich am Montag f\u00fcr ihre Zukunft einsetzen.<br \/>\n      \u00a9 ma<\/p>\n<p>    Die Hebammen-Studentinnen Teresa Wagner (21) und Lara Thomas-Wittmann (24) wollen sich am Montag f\u00fcr ihre Zukunft einsetzen.<\/p>\n<p>von ma <\/p>\n<p>&#8222;}&#8220;&gt; <\/p>\n<p>Stundensatz f\u00fcr Eins-zu-eins-Betreuung steigt<\/p>\n<p>Der Spitzenverband der gesetzlichen Krankenkassen (GKV) entgegnet, dass die Kassen den Hebammen insgesamt deutlich mehr zahlen w\u00fcrden. Vor allem f\u00fcr die durchgehende Eins-zu-eins-Betreuung werde der Stundensatz mehr als verdoppelt, hei\u00dft es in einer Mitteilung. Eine Arbeitsgruppe soll ab November die Auswirkungen des neuen Verg\u00fctungssystems \u00fcberpr\u00fcfen.<\/p>\n<p>\u00c4nderungen &#8222;schwer zu verstehen&#8220;<\/p>\n<p>In der Praxis sei die reine Eins-zu eins-Betreuung aber selten m\u00f6glich, da oft eine zweite Frau betreut werden m\u00fcsse, sagt Leifer. Eine solche Betreuung liegt dann vor, wenn die Hebamme eine Frau zwei Stunden vor und nach der Geburt betreut.<\/p>\n<p>    <a href=\"https:\/\/www.abendzeitung-muenchen.de\/bayern\/ohne-10-abi-kaum-chancen-wer-in-bayern-hebamme-werden-will-muss-jetzt-studieren-art-995439\" title=\"Ohne 1,0-Abi kaum Chancen in Bayern: Wer Hebamme werden will, muss jetzt studieren\" data-mrf-recirculation=\"Artikel-Link\" target=\"_blank\" rel=\"noopener\"><img decoding=\"async\" loading=\"lazy\" src=\"https:\/\/www.europesays.com\/de\/wp-content\/uploads\/2025\/05\/1464983_mehrzumthema_1CDXy__LlibPl.jpg\" alt=\"Praxiskoordinatorin Astrid Giesen (links) ist sehr zufrieden damit, wie Studentin Laura Simson das \u00dcbungspuppenbaby hoch hebt.\" title=\"Praxiskoordinatorin Astrid Giesen (links) ist sehr zufrieden damit, wie Studentin Laura Simson das \u00dcbungspuppenbaby hoch hebt.\" width=\"696\" height=\"390\"\/><\/a><\/p>\n<p>        <a href=\"https:\/\/www.abendzeitung-muenchen.de\/bayern\/ohne-10-abi-kaum-chancen-wer-in-bayern-hebamme-werden-will-muss-jetzt-studieren-art-995439\" title=\"Ohne 1,0-Abi kaum Chancen in Bayern: Wer Hebamme werden will, muss jetzt studieren\" data-mrf-recirculation=\"Artikel-Link\" target=\"_blank\" rel=\"noopener\">Ohne 1,0-Abi kaum Chancen in Bayern: Wer Hebamme werden will, muss jetzt &#8230;        <\/a><\/p>\n<p>              <img decoding=\"async\" alt=\"AZ-Plus\" src=\"https:\/\/www.europesays.com\/de\/wp-content\/uploads\/2025\/03\/badge-azplus.svg.svg+xml\"\/>                <\/p>\n<p>                X<\/p>\n<p>Sie haben den Artikel der Merkliste hinzugef\u00fcgt. <\/p>\n<p>                <a href=\"https:\/\/www.abendzeitung-muenchen.de\/meine-az\/merkliste\/\" title=\"Zur Merkliste\" target=\"_blank\" rel=\"noopener\"><br \/>\n                zur Merkliste<br \/>\n                <\/a>  <\/p>\n<p>Etwa 30 Prozent der Geburten im Belegsystem werden eins zu eins betreut, rund 60 Prozent eins zu zwei. Bei den festangestellten Hebammen werden etwa zwei Prozent der Frauen eins zu eins betreut, ein Viertel eins zu vier oder mehr. &#8222;Deswegen ist es f\u00fcr uns so schwer zu verstehen, dass jetzt die Beleghebammen sanktioniert werden, wo wir schon das Beste daf\u00fcr geben, dass die Frauen eine gute Betreuung haben&#8220;, sagt Leifer.<\/p>\n<p>&#8222;Es ist nicht egal, wie wir geboren werden&#8220;<\/p>\n<p>Auf der Demo wollen die Hebammen &#8222;sichtbar machen, was da gerade passiert&#8220;. Geburtshilfe gehe alle etwas an, sagt Leifer. &#8222;Es ist nicht egal, wie wir geboren werden.&#8220; Es sei wichtig, &#8222;dass es eine gute Betreuung gibt&#8220;. Die werde jedoch nicht erreicht, wenn alles au\u00dfer der Eins-zu-eins-Betreuung sanktioniert werde. &#8222;Wir m\u00fcssen die gute Geburtshilfe, die wir gerade in Bayern schon haben, durch das Belegsystem erhalten und f\u00f6rdern&#8220;, so ihre Forderung.\u00a0\u00a0<\/p>\n","protected":false},"excerpt":{"rendered":"M\u00fcnchen &#8211; Unter dem grauen, verregneten Himmel leuchtet in greller, pinker Schrift der Aufdruck &#8222;Midwife Crisis&#8220; (dt. Hebammenkrise)&hellip;\n","protected":false},"author":2,"featured_media":87281,"comment_status":"","ping_status":"","sticky":false,"template":"","format":"standard","meta":{"footnotes":""},"categories":[1827],"tags":[35870,772,3387,507,29,30,36301,1268,6782],"class_list":{"0":"post-87280","1":"post","2":"type-post","3":"status-publish","4":"format-standard","5":"has-post-thumbnail","7":"category-muenchen","8":"tag-hebammen","9":"tag-bayern","10":"tag-demo","11":"tag-demonstration","12":"tag-deutschland","13":"tag-germany","14":"tag-hebammenhilfevertrag","15":"tag-muenchen","16":"tag-odeonsplatz"},"share_on_mastodon":{"url":"https:\/\/pubeurope.com\/@de\/114457274421569188","error":""},"_links":{"self":[{"href":"https:\/\/www.europesays.com\/de\/wp-json\/wp\/v2\/posts\/87280","targetHints":{"allow":["GET"]}}],"collection":[{"href":"https:\/\/www.europesays.com\/de\/wp-json\/wp\/v2\/posts"}],"about":[{"href":"https:\/\/www.europesays.com\/de\/wp-json\/wp\/v2\/types\/post"}],"author":[{"embeddable":true,"href":"https:\/\/www.europesays.com\/de\/wp-json\/wp\/v2\/users\/2"}],"replies":[{"embeddable":true,"href":"https:\/\/www.europesays.com\/de\/wp-json\/wp\/v2\/comments?post=87280"}],"version-history":[{"count":0,"href":"https:\/\/www.europesays.com\/de\/wp-json\/wp\/v2\/posts\/87280\/revisions"}],"wp:featuredmedia":[{"embeddable":true,"href":"https:\/\/www.europesays.com\/de\/wp-json\/wp\/v2\/media\/87281"}],"wp:attachment":[{"href":"https:\/\/www.europesays.com\/de\/wp-json\/wp\/v2\/media?parent=87280"}],"wp:term":[{"taxonomy":"category","embeddable":true,"href":"https:\/\/www.europesays.com\/de\/wp-json\/wp\/v2\/categories?post=87280"},{"taxonomy":"post_tag","embeddable":true,"href":"https:\/\/www.europesays.com\/de\/wp-json\/wp\/v2\/tags?post=87280"}],"curies":[{"name":"wp","href":"https:\/\/api.w.org\/{rel}","templated":true}]}}