{"id":872860,"date":"2026-03-16T11:42:13","date_gmt":"2026-03-16T11:42:13","guid":{"rendered":"https:\/\/www.europesays.com\/de\/872860\/"},"modified":"2026-03-16T11:42:13","modified_gmt":"2026-03-16T11:42:13","slug":"wochen-gegen-rassismus-in-wuppertal","status":"publish","type":"post","link":"https:\/\/www.europesays.com\/de\/872860\/","title":{"rendered":"Wochen gegen Rassismus in Wuppertal"},"content":{"rendered":"<p class=\"text_ohne_einzug richtext text-em-55 !leading-serif mx-6 desktop:mx-0\">\u201eWir sind viele. Wir sind eins. Wir sind Wuppertal.\u201c, so lautet der Wuppertaler Leitspruch zu den Internationalen Wochen gegen Rassismus. Vom 16. bis zum 29. M\u00e4rz finden verschiedene Aktionen statt, um Toleranz und Gemeinschaft zu st\u00e4rken.<\/p>\n<p class=\"richtext text-em-55 !leading-serif mx-6 desktop:mx-0\">In der ehemaligen Bundesbahndirektion, D\u00f6ppersberg 41, er\u00f6ffnet am heutigen <strong class=\"font-bold dark:text-white-solid\">Montag, 16. M\u00e4rz<\/strong>, um <strong class=\"font-bold dark:text-white-solid\">16 Uhr<\/strong>, die Ausstellung \u201e1933 \u2013 Niemals vergessen\u201c, um an die nationalsozialistische Machtergreifung und den Widerstand in Wuppertal zu erinnern.<\/p>\n<p class=\"richtext text-em-55 !leading-serif mx-6 desktop:mx-0\">Kitas und Schulen sind am <strong class=\"font-bold dark:text-white-solid\">Donnerstag, 19. M\u00e4rz <\/strong>aufgerufen, kreative Beitr\u00e4ge in Form von Bildern und Videos zu ver\u00f6ffentlichen und das Kommunale Integrationszentrum zu verlinken, um ein gemeinsames Zeichen zu setzen. Gleichzeitig ruft die Stadt Wuppertal die Einrichtungen in einem Plakatwettbewerb dazu auf, Motive zum diesj\u00e4hrigen Motto bis zum <strong class=\"font-bold dark:text-white-solid\">30. April<\/strong> online einzureichen. Ausgew\u00e4hlte Beitr\u00e4ge werden in einer \u00f6ffentlichen Ausstellung pr\u00e4sentiert. Einer der Vorschl\u00e4ge wird das Kampagnenplakat f\u00fcr 2027. Bereits das diesj\u00e4hrige Plakatmotiv stammt von einer Wuppertaler Sch\u00fclerin.<\/p>\n<p class=\"richtext text-em-55 !leading-serif mx-6 desktop:mx-0\">Die Bergische Volkshochschule (VHS), Auer Schulstra\u00df 20, bietet in diesem Zeitraum ein breites Programm an. Als Start in den Internationalen Tag gegen Rassismus veranstaltet sie am <strong class=\"font-bold dark:text-white-solid\">Samstag, 21. M\u00e4rz<\/strong>, von <strong class=\"font-bold dark:text-white-solid\">10 bis 14 Uhr<\/strong> den interaktiven Workshop \u201eLernen aus der Geschichte\u201c. Zum Gespr\u00e4chsabend \u00fcber aktuelle Perspektiven auf Demokratie und gesellschaftlichen Zusammenhalt l\u00e4dt die VHS f\u00fcr <strong class=\"font-bold dark:text-white-solid\">Montag, 23. M\u00e4rz<\/strong>, um <strong class=\"font-bold dark:text-white-solid\">19:30 Uhr<\/strong>. Literatur- und Sozialwissenschaftler Jan Philipp Reemtsma h\u00e4lt einen kostenfreien Onlinevortrag \u00fcber Ursachen und Erscheinungsformen von Antisemitismus, <strong class=\"font-bold dark:text-white-solid\">Mittwoch, 25. M\u00e4rz, 19:30 bis 21 Uhr<\/strong>. Ein weiterer Vortrag greift die Verfolgungsgeschichte des j\u00fcdischen Fernsehunterhalters Hans Rosenthal auf, <strong class=\"font-bold dark:text-white-solid\">Donnerstag, 26. M\u00e4rz, 19 bis 20:30 Uhr<\/strong>, der Eintritt kostet f\u00fcnf Euro. Dar\u00fcber hinaus gibt es zwei kostenfreie Workshops zu digitaler Zivilcourage und Handlungsm\u00f6glichkeiten f\u00fcr den Alltag am<strong class=\"font-bold dark:text-white-solid\"> Samstag, 28. M\u00e4rz<\/strong>. Die Konzertlesung \u201eJesus ist nicht schwarz-wei\u00df\u201c am <strong class=\"font-bold dark:text-white-solid\">Donnerstag, 19. M\u00e4rz<\/strong>, um <strong class=\"font-bold dark:text-white-solid\">19 Uhr<\/strong> in der Citykirche Elberfeld, Kirchplatz 2, vereint Musik, Dialog und Erfahrungen mit Rassismus. Ein begleitender Workshop am <strong class=\"font-bold dark:text-white-solid\">Freitag, 20. M\u00e4rz, 13 bis 17 Uhr<\/strong>, erg\u00e4nzt Hintergrundwissen. Tickets f\u00fcr beide Veranstaltungen gibt es online unter www.wuppertal-live.de. Mit einem offenen Basketballtreff f\u00fcr 13- bis 27-J\u00e4hrige von <strong class=\"font-bold dark:text-white-solid\">18 bis 22 Uhr<\/strong> f\u00f6rdert das Haus der Jugend Elberfeld, Bergstra\u00dfe 50, Begegnung durch Sport.<\/p>\n<p class=\"richtext text-em-55 !leading-serif mx-6 desktop:mx-0\">Auch der Wuppertaler Sportverein m\u00f6chte mit der verbindenden Kraft des Sports ein Zeichen f\u00fcr Vielfalt, Respekt sowie Zusammenhalt setzen und beteiligt sich mit Aktionen rund um das Heimspiel gegen die Sportfreunde Lotte, <strong class=\"font-bold dark:text-white-solid\">Samstag, 21. M\u00e4rz<\/strong>, ab <strong class=\"font-bold dark:text-white-solid\">12 Uhr<\/strong>, Stadion am Zoo, Hubertusallee 4. Am Abend findet ein t\u00fcrkisch-persisches Konzert auf der Insel, Wiesenstra\u00dfe 6, statt. Einlass ist um <strong class=\"font-bold dark:text-white-solid\">19 Uhr<\/strong>. Das Deutsch-Ukrainische Kulturzentrum \u201eLerche\u201c sowie die Stadtteilbibliothek Barmen, Geschwister-Scholl-Platz 4, veranstalten am <strong class=\"font-bold dark:text-white-solid\">Sonntag, 22. M\u00e4rz, 14 Uhr<\/strong>, eine mehrsprachige Vorlese- und Bastelzeit f\u00fcr Kinder. Sp\u00e4ter richten der Stadtteilverein Dunua, die Westafrika-Hilfe Wuppertal, und der Verein DIDF Wuppertal ein Erz\u00e4hlcaf\u00e9 zum Zuh\u00f6ren und Solidarisieren aus, <strong class=\"font-bold dark:text-white-solid\">15 bis 18 Uhr<\/strong>, Bob-Campus, Max-Planck-Stra\u00dfe 19. Die Veranstalter laden erneut zum Vortrag von Dr. Cemal \u00d6zt\u00fcrk ein, <strong class=\"font-bold dark:text-white-solid\">Freitag, 27. M\u00e4rz, 18 bis 21 Uhr<\/strong>, um sich mit der St\u00e4rkung einer offenen und vielf\u00e4ltigen Gesellschaft zu befassen.<\/p>\n<p class=\"richtext text-em-55 !leading-serif mx-6 desktop:mx-0\">Die Grundschule Rottsieper H\u00f6he startet am <strong class=\"font-bold dark:text-white-solid\">Montag, 23. M\u00e4rz<\/strong>, in die kreative Projektwoche \u201eWir Rottis sind bunt\u201c. Einen Blick \u00fcber den Tellerrand erm\u00f6glicht die Alte Synagoge, Gen\u00fcgsamkeitstra\u00dfe, durch eine gemeinsame Verkostung ungarischer und israelischer Weine am<strong class=\"font-bold dark:text-white-solid\"> Mittwoch, 25. M\u00e4rz<\/strong>, um <strong class=\"font-bold dark:text-white-solid\">18 Uhr<\/strong>. Auf den Spuren des Kolonialismus f\u00fchrt die Initiative \u201eDecolonize Wuppertal\u201c am <strong class=\"font-bold dark:text-white-solid\">Sonntag, 29. M\u00e4rz<\/strong>, ab <strong class=\"font-bold dark:text-white-solid\">11 Uhr<\/strong>, durch den Stadtteil Elberfeld. Treffpunkt des Stadtrundgangs ist der Wuppertaler Hauptbahnhof.<\/p>\n","protected":false},"excerpt":{"rendered":"\u201eWir sind viele. Wir sind eins. Wir sind Wuppertal.\u201c, so lautet der Wuppertaler Leitspruch zu den Internationalen Wochen&hellip;\n","protected":false},"author":2,"featured_media":872861,"comment_status":"","ping_status":"","sticky":false,"template":"","format":"standard","meta":{"footnotes":"","_share_on_mastodon":"0"},"categories":[1840],"tags":[4249,22024,45725,3364,29,17659,16373,19525,25727,30,50713,1209,9839,9717,4418,6226,61552],"class_list":["post-872860","post","type-post","status-publish","format-standard","has-post-thumbnail","category-wuppertal","tag-rassismus","tag-aktionen","tag-beitraege","tag-de","tag-deutschland","tag-eins","tag-elberfeld","tag-gemeinsame","tag-gemeinschaft","tag-germany","tag-kreative","tag-nordrhein-westfalen","tag-toleranz","tag-uhr","tag-wuppertal","tag-wuppertaler","tag-zoo-wuppertal"],"share_on_mastodon":{"url":"https:\/\/pubeurope.com\/@de\/116238676630886383","error":""},"_links":{"self":[{"href":"https:\/\/www.europesays.com\/de\/wp-json\/wp\/v2\/posts\/872860","targetHints":{"allow":["GET"]}}],"collection":[{"href":"https:\/\/www.europesays.com\/de\/wp-json\/wp\/v2\/posts"}],"about":[{"href":"https:\/\/www.europesays.com\/de\/wp-json\/wp\/v2\/types\/post"}],"author":[{"embeddable":true,"href":"https:\/\/www.europesays.com\/de\/wp-json\/wp\/v2\/users\/2"}],"replies":[{"embeddable":true,"href":"https:\/\/www.europesays.com\/de\/wp-json\/wp\/v2\/comments?post=872860"}],"version-history":[{"count":0,"href":"https:\/\/www.europesays.com\/de\/wp-json\/wp\/v2\/posts\/872860\/revisions"}],"wp:featuredmedia":[{"embeddable":true,"href":"https:\/\/www.europesays.com\/de\/wp-json\/wp\/v2\/media\/872861"}],"wp:attachment":[{"href":"https:\/\/www.europesays.com\/de\/wp-json\/wp\/v2\/media?parent=872860"}],"wp:term":[{"taxonomy":"category","embeddable":true,"href":"https:\/\/www.europesays.com\/de\/wp-json\/wp\/v2\/categories?post=872860"},{"taxonomy":"post_tag","embeddable":true,"href":"https:\/\/www.europesays.com\/de\/wp-json\/wp\/v2\/tags?post=872860"}],"curies":[{"name":"wp","href":"https:\/\/api.w.org\/{rel}","templated":true}]}}