{"id":872900,"date":"2026-03-16T12:06:13","date_gmt":"2026-03-16T12:06:13","guid":{"rendered":"https:\/\/www.europesays.com\/de\/872900\/"},"modified":"2026-03-16T12:06:13","modified_gmt":"2026-03-16T12:06:13","slug":"dritte-auffuehrung-des-borgfeld-films-nach-dem-grossen-erfolg","status":"publish","type":"post","link":"https:\/\/www.europesays.com\/de\/872900\/","title":{"rendered":"Dritte Auff\u00fchrung des Borgfeld-Films nach dem gro\u00dfen Erfolg"},"content":{"rendered":"<p> Aufgrund des gro\u00dfen Interesses an &#8222;Borgfeld \u2013 Der Film&#8220; veranstaltet der B\u00fcrgerverein am kommenden Sonntag, 22. M\u00e4rz, eine weitere Vorf\u00fchrung. Daf\u00fcr wird der Gemeindesaal der evangelischen Kirchengemeinde in der Katrepeler Landstra\u00dfe 9 vor\u00fcbergehend wieder in einen Kinosaal umgewandelt. Beginn der Veranstaltung ist um 15 Uhr, Einlass ist ab 14.30 Uhr.<\/p>\n<p>Bei der Premiere im Oktober musste ein Teil der Besucher wieder nach Hause geschickt werden, da es im Gemeindesaal keinen Platz mehr gab. Auch die zweite Veranstaltung war sehr gut besucht \u2013 ebenfalls &#8222;hoffnungslos \u00fcberf\u00fcllt&#8220;, wie die Vorsitzende des B\u00fcrgervereins, Sandra Kwijas, es ausdr\u00fcckt.<\/p>\n<p>In &#8222;Borgfeld \u2013 Der Film&#8220; erz\u00e4hlen Bewohnerinnen und Bewohner Borgfelds aus ihren pers\u00f6nlichen Erinnerungen \u00fcber die Entwicklung des Ortes vom Ende des Zweiten Weltkriegs bis in die Gegenwart. Insgesamt enth\u00e4lt der Film 13 Interviews mit Menschen aus dem Stadtteil. &#8222;Diese Borgfelderinnen und Borgfelder haben die Nachkriegszeit unmittelbar erlebt \u2013 eine Zeit, in der sich Borgfeld vom Dorf zu einem lebendigen Bremer Stadtteil entwickelte, Wiesen zu Wohngebieten wurden und die Stra\u00dfenbahnlinie 4 das Ortsbild pr\u00e4gte&#8220;, erkl\u00e4rt der B\u00fcrgerverein.<\/p>\n<p>Gabriela Piontkowski, Johannes Huesmann und Klaus-Peter Fiege hatten den Film mit viel Engagement vorbereitet, umgesetzt und das Material aufwendig bearbeitet. Ihr Ziel war es, Geschichten aus der Vergangenheit f\u00fcr kommende Generationen festzuhalten. Das Ergebnis sei ein sehenswertes St\u00fcck Zeitgeschichte. Sie hoffe, dass der Saal wieder &#8222;sch\u00f6n voll wird&#8220;, sagt Sandra Kwijas. Der Film dauert etwa 80 Minuten, in einer Pause werden Kaffee und Kuchen zum Selbstkostenpreis angeboten. Eine Anmeldung f\u00fcr die kostenlose Vorf\u00fchrung ist nicht erforderlich.<\/p>\n<p>                        <a href=\"https:\/\/www.weser-kurier.de\/\" id=\"home\" class=\"button primary-primary font-size-15_1 m-0a customEvent\" data-layer-event-name=\"customEvent\" data-layer-trigger=\"click\" data-layer-category=\"artikelscoring\" data-layer-action=\"startseite_button\" data-layer-label=\"doc84zj3duwuqx1gc03i7eg\" data-layer-value=\"https:\/\/www.weser-kurier.de\/bremen\/stadtteil-borgfeld\/1\" rel=\"nofollow noopener\" target=\"_blank\">Zur Startseite<\/a><\/p>\n","protected":false},"excerpt":{"rendered":"Aufgrund des gro\u00dfen Interesses an &#8222;Borgfeld \u2013 Der Film&#8220; veranstaltet der B\u00fcrgerverein am kommenden Sonntag, 22. M\u00e4rz, eine&hellip;\n","protected":false},"author":2,"featured_media":512106,"comment_status":"","ping_status":"","sticky":false,"template":"","format":"standard","meta":{"footnotes":"","_share_on_mastodon":"0"},"categories":[1824],"tags":[2420,3364,29,30],"class_list":["post-872900","post","type-post","status-publish","format-standard","has-post-thumbnail","category-bremen","tag-bremen","tag-de","tag-deutschland","tag-germany"],"share_on_mastodon":{"url":"https:\/\/pubeurope.com\/@de\/116238770961023566","error":""},"_links":{"self":[{"href":"https:\/\/www.europesays.com\/de\/wp-json\/wp\/v2\/posts\/872900","targetHints":{"allow":["GET"]}}],"collection":[{"href":"https:\/\/www.europesays.com\/de\/wp-json\/wp\/v2\/posts"}],"about":[{"href":"https:\/\/www.europesays.com\/de\/wp-json\/wp\/v2\/types\/post"}],"author":[{"embeddable":true,"href":"https:\/\/www.europesays.com\/de\/wp-json\/wp\/v2\/users\/2"}],"replies":[{"embeddable":true,"href":"https:\/\/www.europesays.com\/de\/wp-json\/wp\/v2\/comments?post=872900"}],"version-history":[{"count":0,"href":"https:\/\/www.europesays.com\/de\/wp-json\/wp\/v2\/posts\/872900\/revisions"}],"wp:featuredmedia":[{"embeddable":true,"href":"https:\/\/www.europesays.com\/de\/wp-json\/wp\/v2\/media\/512106"}],"wp:attachment":[{"href":"https:\/\/www.europesays.com\/de\/wp-json\/wp\/v2\/media?parent=872900"}],"wp:term":[{"taxonomy":"category","embeddable":true,"href":"https:\/\/www.europesays.com\/de\/wp-json\/wp\/v2\/categories?post=872900"},{"taxonomy":"post_tag","embeddable":true,"href":"https:\/\/www.europesays.com\/de\/wp-json\/wp\/v2\/tags?post=872900"}],"curies":[{"name":"wp","href":"https:\/\/api.w.org\/{rel}","templated":true}]}}