{"id":872901,"date":"2026-03-16T12:07:16","date_gmt":"2026-03-16T12:07:16","guid":{"rendered":"https:\/\/www.europesays.com\/de\/872901\/"},"modified":"2026-03-16T12:07:16","modified_gmt":"2026-03-16T12:07:16","slug":"warnung-zum-ferienbeginn-adac-warnt-wegen-osterferien-in-niedersachsen-und-bremen-vor-staus-am-wochenende","status":"publish","type":"post","link":"https:\/\/www.europesays.com\/de\/872901\/","title":{"rendered":"Warnung zum Ferienbeginn: ADAC warnt wegen Osterferien in Niedersachsen und Bremen vor Staus am Wochenende"},"content":{"rendered":"<p>Warnung zum FerienbeginnADAC warnt wegen Osterferien in Niedersachsen und Bremen vor Staus am Wochenende<img decoding=\"async\" class=\"Image_img__fQCi0 Image_Img_16_9__4BLfH widget-picture-inline_maximizable__t_E7h\" loading=\"eager\" fetchpriority=\"high\" src=\"https:\/\/www.europesays.com\/de\/wp-content\/uploads\/2026\/03\/Auch-ohne-Tunnelsperrung-herrscht-gerade-zu-Stosszeiten-viel-Verkehr-auf-dem-Mittleren-Ring.webp.webp\" alt=\"Auch-ohne-Tunnelsperrung-herrscht-gerade-zu-Stosszeiten-viel-Verkehr-auf-dem-Mittleren-Ring\"\/>TeilenFolgen auf:<a href=\"https:\/\/www.whatsapp.com\/channel\/0029Va5cdVJD8SDp5YZgYF01\" title=\"Auf WhatsApp folgen\" target=\"_blank\" rel=\"nofollow noopener\"><img decoding=\"async\" src=\"https:\/\/www.n-tv.de\/socialIcons\/whatsapp.svg\" alt=\"whatsapp\" class=\"ArticleShare_icon__FsrC2\"\/><\/a><a href=\"https:\/\/news.google.com\/publications\/CAAiEPMdif5mpRNxiLOeUpHCwwsqFAgKIhDzHYn-ZqUTcYiznlKRwsML?hl=de&amp;gl=DE&amp;ceid=DE%3Ade\" title=\"Auf Google News folgen\" target=\"_blank\" rel=\"nofollow noopener\"><img decoding=\"async\" src=\"https:\/\/www.n-tv.de\/socialIcons\/google.svg\" alt=\"whatsapp\" class=\"ArticleShare_icon__FsrC2\"\/><\/a><\/p>\n<p class=\"Typography_text-m__XI0da Typography_weight-bold__uT6mq storyline_lead_text_leadtext__q_wg8\">Der ADAC hat wegen der beginnenden Osterferien in Niedersachsen und Bremen sowie des zunehmenden Ausflugsverkehrs f\u00fcr das kommende Wochenende vor Staus gewarnt.<\/p>\n<p class=\"Typography_text-default__P3otY Typography_weight-normal__pqUbH storyline_paragraph_p__qSR5N\">Besonders betroffen seien am Freitagnachmittag und am Samstagvormittag die Fernstra\u00dfen im Norden Deutschlands sowie die Routen in Richtung der Niederlande, teilte der Automobilklub am Montag in M\u00fcnchen mit. Auch im Bereich der Wintersportgebiete in den Alpen und Mittelgebirgen drohe Stau.<\/p>\n<p class=\"Typography_text-default__P3otY Typography_weight-normal__pqUbH storyline_paragraph_p__qSR5N\">Wie der ADAC weiter erkl\u00e4rte, ist in Hamburg wegen des am Freitag beginnenden Volksfests Fr\u00fchlingsdom rund um die Innenstadt mit einem erh\u00f6hten Verkehrsaufkommen zu rechnen. Auf wichtigen Transitstrecken im benachbarten Ausland k\u00f6nne es vor allem aufgrund von Bauarbeiten zu Verz\u00f6gerungen kommen &#8211; dazu z\u00e4hlte der ADAC in \u00d6sterreich die Tauern-, die Inntal- und die Brennerautobahn.<\/p>\n<p class=\"Typography_text-s__wu_cm Typography_weight-normal__pqUbH Typography_color-darkgrey__sZEnP article-detail-footer_source__KslPc\">Quelle: ntv.de, AFP<\/p>\n","protected":false},"excerpt":{"rendered":"Warnung zum FerienbeginnADAC warnt wegen Osterferien in Niedersachsen und Bremen vor Staus am WochenendeTeilenFolgen auf: Der ADAC hat&hellip;\n","protected":false},"author":2,"featured_media":872902,"comment_status":"","ping_status":"","sticky":false,"template":"","format":"standard","meta":{"footnotes":"","_share_on_mastodon":"0"},"categories":[1824],"tags":[2420,3364,29,30],"class_list":["post-872901","post","type-post","status-publish","format-standard","has-post-thumbnail","category-bremen","tag-bremen","tag-de","tag-deutschland","tag-germany"],"share_on_mastodon":{"url":"https:\/\/pubeurope.com\/@de\/116238774992017544","error":""},"_links":{"self":[{"href":"https:\/\/www.europesays.com\/de\/wp-json\/wp\/v2\/posts\/872901","targetHints":{"allow":["GET"]}}],"collection":[{"href":"https:\/\/www.europesays.com\/de\/wp-json\/wp\/v2\/posts"}],"about":[{"href":"https:\/\/www.europesays.com\/de\/wp-json\/wp\/v2\/types\/post"}],"author":[{"embeddable":true,"href":"https:\/\/www.europesays.com\/de\/wp-json\/wp\/v2\/users\/2"}],"replies":[{"embeddable":true,"href":"https:\/\/www.europesays.com\/de\/wp-json\/wp\/v2\/comments?post=872901"}],"version-history":[{"count":0,"href":"https:\/\/www.europesays.com\/de\/wp-json\/wp\/v2\/posts\/872901\/revisions"}],"wp:featuredmedia":[{"embeddable":true,"href":"https:\/\/www.europesays.com\/de\/wp-json\/wp\/v2\/media\/872902"}],"wp:attachment":[{"href":"https:\/\/www.europesays.com\/de\/wp-json\/wp\/v2\/media?parent=872901"}],"wp:term":[{"taxonomy":"category","embeddable":true,"href":"https:\/\/www.europesays.com\/de\/wp-json\/wp\/v2\/categories?post=872901"},{"taxonomy":"post_tag","embeddable":true,"href":"https:\/\/www.europesays.com\/de\/wp-json\/wp\/v2\/tags?post=872901"}],"curies":[{"name":"wp","href":"https:\/\/api.w.org\/{rel}","templated":true}]}}