{"id":872994,"date":"2026-03-16T12:58:13","date_gmt":"2026-03-16T12:58:13","guid":{"rendered":"https:\/\/www.europesays.com\/de\/872994\/"},"modified":"2026-03-16T12:58:13","modified_gmt":"2026-03-16T12:58:13","slug":"ostbevern-telekom-netzarbeiten-koennen-empfang-stoeren","status":"publish","type":"post","link":"https:\/\/www.europesays.com\/de\/872994\/","title":{"rendered":"Ostbevern: Telekom Netzarbeiten k\u00f6nnen Empfang st\u00f6ren"},"content":{"rendered":"<p>In Ostbevern kann es ab heute zu Beeintr\u00e4chtigungen im Mobilfunknetz der Deutschen Telekom kommen. Im Laufe der Woche will das Unternehmen den Mobilstandort an der Bahnhofstra\u00dfe modernisieren, hei\u00dft es von der Gemeinde Ostbevern.<\/p>\n<p>Modernisierungspl\u00e4ne der Deutschen Telekom<\/p>\n<p>Solche Modernisierungen laufen laut Telekom meist \u00fcber Softwareupdates aus der Ferne; in einigen F\u00e4llen ist jedoch ein Umbau vor Ort n\u00f6tig. Sp\u00e4testens Ende der Woche soll alles fertig sein.<\/p>\n","protected":false},"excerpt":{"rendered":"In Ostbevern kann es ab heute zu Beeintr\u00e4chtigungen im Mobilfunknetz der Deutschen Telekom kommen. Im Laufe der Woche&hellip;\n","protected":false},"author":2,"featured_media":872995,"comment_status":"","ping_status":"","sticky":false,"template":"","format":"standard","meta":{"footnotes":"","_share_on_mastodon":"0"},"categories":[1843],"tags":[13299,3364,11437,29,30,5544,15640,8970,1209,126135],"class_list":["post-872994","post","type-post","status-publish","format-standard","has-post-thumbnail","category-muenster","tag-bahnhofstrasse","tag-de","tag-deutsche-telekom","tag-deutschland","tag-germany","tag-infrastruktur","tag-mobilfunk","tag-muenster","tag-nordrhein-westfalen","tag-ostbevern"],"share_on_mastodon":{"url":"https:\/\/pubeurope.com\/@de\/116238975382114505","error":""},"_links":{"self":[{"href":"https:\/\/www.europesays.com\/de\/wp-json\/wp\/v2\/posts\/872994","targetHints":{"allow":["GET"]}}],"collection":[{"href":"https:\/\/www.europesays.com\/de\/wp-json\/wp\/v2\/posts"}],"about":[{"href":"https:\/\/www.europesays.com\/de\/wp-json\/wp\/v2\/types\/post"}],"author":[{"embeddable":true,"href":"https:\/\/www.europesays.com\/de\/wp-json\/wp\/v2\/users\/2"}],"replies":[{"embeddable":true,"href":"https:\/\/www.europesays.com\/de\/wp-json\/wp\/v2\/comments?post=872994"}],"version-history":[{"count":0,"href":"https:\/\/www.europesays.com\/de\/wp-json\/wp\/v2\/posts\/872994\/revisions"}],"wp:featuredmedia":[{"embeddable":true,"href":"https:\/\/www.europesays.com\/de\/wp-json\/wp\/v2\/media\/872995"}],"wp:attachment":[{"href":"https:\/\/www.europesays.com\/de\/wp-json\/wp\/v2\/media?parent=872994"}],"wp:term":[{"taxonomy":"category","embeddable":true,"href":"https:\/\/www.europesays.com\/de\/wp-json\/wp\/v2\/categories?post=872994"},{"taxonomy":"post_tag","embeddable":true,"href":"https:\/\/www.europesays.com\/de\/wp-json\/wp\/v2\/tags?post=872994"}],"curies":[{"name":"wp","href":"https:\/\/api.w.org\/{rel}","templated":true}]}}