{"id":873188,"date":"2026-03-16T14:48:13","date_gmt":"2026-03-16T14:48:13","guid":{"rendered":"https:\/\/www.europesays.com\/de\/873188\/"},"modified":"2026-03-16T14:48:13","modified_gmt":"2026-03-16T14:48:13","slug":"zahl-der-beschwerden-hat-in-bremen-deutlich-zugenommen","status":"publish","type":"post","link":"https:\/\/www.europesays.com\/de\/873188\/","title":{"rendered":"Zahl der Beschwerden hat in Bremen deutlich zugenommen"},"content":{"rendered":"<ul>\n<li>Beim Bremer Datenschutzbeauftragten gingen im vergangenen Jahr 765 Beschwerden ein, dies entspricht einer Steigerung um 48 Prozent gegen\u00fcber 2024.<\/li>\n<li>Ein neu gemeldeter Bereich betrifft Bedienstete des Amtsgerichtes Bremen, die unbefugt Melderegister abgefragt haben; dabei handelte es sich laut Utermark um &#8222;reine Neugier&#8220;, nicht um Stalking.<\/li>\n<li>Ein gravierender Hackerangriff auf einen Krankenhauskonzern betraf personenbezogene Daten von Patientinnen, Patienten und Besch\u00e4ftigten in Bremen; Video\u00fcberwachung bleibt mit 19 Prozent gro\u00dfer Beschwerdeanteil.<\/li>\n<\/ul>\n<p>            Mehr anzeigen<br \/>\n            Weniger anzeigen<\/p>\n<p>Im vergangenen Jahr wurden beim Bremer Datenschutzbeauftragten 765 Beschwerden eingereicht. Dies entspricht einer Steigerung um 48 Prozent gegen\u00fcber 2024. &#8222;Digitale Souver\u00e4nit\u00e4t gewinnt daf\u00fcr, personenbezogene Daten effektiv zu sch\u00fctzen, eine immer gr\u00f6\u00dfere Bedeutung&#8220;, erkl\u00e4rte Timo Utermark, Landesbeauftragter f\u00fcr Datenschutz und Informationsfreiheit, am Montag im Rahmen der Vorstellung seines Jahresberichtes. Auch im Bereich der gemeldeten Datenschutzverletzungen gab es laut Utermark einen deutlichen Anstieg. Die Zahl stieg von 205 auf 260.<\/p>\n<p>Besondere Schwerpunkte seien innerhalb dieser Beschwerden nicht zu verzeichnen, so Utermark. &#8222;Es gab sozusagen querbeet in allen Bereichen Zuw\u00e4chse.&#8220; Einen gro\u00dfen Anteil der Beschwerden mache allerdings mit einem Anteil von 19 Prozent weiterhin der Bereich der Video\u00fcberwachung aus. Neu seien Beschwerden aus dem Bereich des Amtsgerichtes Bremen. Hier haben offenbar mehrere Bedienstete ihre beruflich eingerichteten Zugriffe auf das Melderegister genutzt, um nicht dienstlich veranlasste Abfragen zu t\u00e4tigen. N\u00e4here Angaben dazu, wozu die privaten Abfragen dienten, wollte Utermark am Montag nicht machen. Nur so viel: &#8222;Es geht nicht um Stalking, sondern um reine Neugier.&#8220;<\/p>\n<p>Gravierender Hackerangriff<\/p>\n<p>Gravierend sei ein Hackerangriff auf einen Krankenhauskonzern gewesen, der auch im Land Bremen Einrichtungen betreibt. Von dem Angriff seien personenbezogene Daten von Patientinnen und Patienten, aber auch von Besch\u00e4ftigten betroffen gewesen.<\/p>\n<p>Ansonsten handele es sich bei dem Gros der F\u00e4lle um das &#8222;normale datenschutzrechtliche Brot-und-Butter-Gesch\u00e4ft&#8220;: Unternehmen, die Krankmeldungen von Besch\u00e4ftigten in Dateien ver\u00f6ffentlichten, auf die unberechtigte Personen Zugriff hatten, Firmen, die in noch strittigen F\u00e4llen personenbezogene Daten an Inkassounternehmen weitergaben, F\u00e4lle, in denen bei getrennt lebenden Sorgeberechtigten nicht beide der Ver\u00f6ffentlichung von Bildern der gemeinsamen Kinder in den sozialen Medien zugestimmt hatten, nennt Utermark als Beispiele.<\/p>\n<p>                Diese Fragen und Antworten wurden mit KI basierend auf unseren Artikeln erstellt.<br \/>\n                <a class=\"more-btn\" href=\"https:\/\/www.weser-kurier.de\/generative-ki\/\" rel=\"nofollow noopener\" target=\"_blank\"><br \/>\n                    \u2192 Mehr Infos<br \/>\n                <\/a><\/p>\n<p>                        <a href=\"https:\/\/www.weser-kurier.de\/\" id=\"home\" class=\"button primary-primary font-size-15_1 m-0a customEvent\" data-layer-event-name=\"customEvent\" data-layer-trigger=\"click\" data-layer-category=\"artikelscoring\" data-layer-action=\"startseite_button\" data-layer-label=\"doc8500wzdp5vr1f2cfkig9\" data-layer-value=\"https:\/\/www.weser-kurier.de\/bremen\/1\" rel=\"nofollow noopener\" target=\"_blank\">Zur Startseite<\/a><\/p>\n","protected":false},"excerpt":{"rendered":"Beim Bremer Datenschutzbeauftragten gingen im vergangenen Jahr 765 Beschwerden ein, dies entspricht einer Steigerung um 48 Prozent gegen\u00fcber&hellip;\n","protected":false},"author":2,"featured_media":873189,"comment_status":"","ping_status":"","sticky":false,"template":"","format":"standard","meta":{"footnotes":"","_share_on_mastodon":"0"},"categories":[1824],"tags":[2420,3364,29,30],"class_list":["post-873188","post","type-post","status-publish","format-standard","has-post-thumbnail","category-bremen","tag-bremen","tag-de","tag-deutschland","tag-germany"],"share_on_mastodon":{"url":"https:\/\/pubeurope.com\/@de\/116239407921818907","error":""},"_links":{"self":[{"href":"https:\/\/www.europesays.com\/de\/wp-json\/wp\/v2\/posts\/873188","targetHints":{"allow":["GET"]}}],"collection":[{"href":"https:\/\/www.europesays.com\/de\/wp-json\/wp\/v2\/posts"}],"about":[{"href":"https:\/\/www.europesays.com\/de\/wp-json\/wp\/v2\/types\/post"}],"author":[{"embeddable":true,"href":"https:\/\/www.europesays.com\/de\/wp-json\/wp\/v2\/users\/2"}],"replies":[{"embeddable":true,"href":"https:\/\/www.europesays.com\/de\/wp-json\/wp\/v2\/comments?post=873188"}],"version-history":[{"count":0,"href":"https:\/\/www.europesays.com\/de\/wp-json\/wp\/v2\/posts\/873188\/revisions"}],"wp:featuredmedia":[{"embeddable":true,"href":"https:\/\/www.europesays.com\/de\/wp-json\/wp\/v2\/media\/873189"}],"wp:attachment":[{"href":"https:\/\/www.europesays.com\/de\/wp-json\/wp\/v2\/media?parent=873188"}],"wp:term":[{"taxonomy":"category","embeddable":true,"href":"https:\/\/www.europesays.com\/de\/wp-json\/wp\/v2\/categories?post=873188"},{"taxonomy":"post_tag","embeddable":true,"href":"https:\/\/www.europesays.com\/de\/wp-json\/wp\/v2\/tags?post=873188"}],"curies":[{"name":"wp","href":"https:\/\/api.w.org\/{rel}","templated":true}]}}