{"id":873190,"date":"2026-03-16T14:49:18","date_gmt":"2026-03-16T14:49:18","guid":{"rendered":"https:\/\/www.europesays.com\/de\/873190\/"},"modified":"2026-03-16T14:49:18","modified_gmt":"2026-03-16T14:49:18","slug":"hertha-bsc-bremen-senkt-die-abloese-fuer-stuermer-leihgabe-kownacki-sport","status":"publish","type":"post","link":"https:\/\/www.europesays.com\/de\/873190\/","title":{"rendered":"Hertha BSC: Bremen senkt die Abl\u00f6se f\u00fcr St\u00fcrmer-Leihgabe-Kownacki | Sport"},"content":{"rendered":"<p><a class=\"skip-content skip-content--link\" href=\"#in-content-skip-link-target-v-0-0\">TTS-Player \u00fcberspringen\u21b5<\/a><a id=\"in-content-skip-link-target-v-0-0\" class=\"skip-content--target-link-hidden skip-content skip-content--target-link\" href=\"#in-content-skip-link-target-v-0-0\">Artikel weiterlesen<\/a><\/p>\n<p><b>Bleibt Dawid Kownacki (29) bei Hertha? Der St\u00fcrmer ist von Werder Bremen ausgeliehen. Der Deal: Zun\u00e4chst 500.000 Euro Leihgeb\u00fchr. Schie\u00dft der Pole die Berliner zum Aufstieg, verl\u00e4ngert sich sein Vertrag bis 2029. Hertha m\u00fcsste in diesem Fall drei Millionen Euro an Bremen zahlen. Ohne Aufstieg ist die Abl\u00f6se frei verhandelbar. Und in dieses Szenario kommt Bewegung rein.<\/b><\/p>\n<p>BILD erfuhr: Werder Bremen (Platz 15) plant nicht mit Kownacki f\u00fcr die kommende Bundesliga-Saison. Sollten die Hanseaten absteigen, d\u00fcrfte auch sein letzter Bef\u00fcrworter, Trainer Daniel Thioune (51), unter dem Kownacki in D\u00fcsseldorf 2024\/25 13 Tore gelangen, Werder verlassen. F\u00fcr Hertha k\u00f6nnte sich dadurch eine Chance ergeben. Die Bremer zeigen sich gespr\u00e4chsbereit und signalisieren Entgegenkommen bei einer m\u00f6glichen Transfer-Abl\u00f6se. Sie wollen verhindern, dass der St\u00fcrmer seinen gutdotierten Vertrag in Bremen bis 2027 absitzt. Beim j\u00fcngsten Transfermarkt-Update geh\u00f6rte Kownacki <a href=\"https:\/\/www.bild.de\/sport\/fussball\/hertha-bsc-ueberraschend-er-ist-der-einzige-hertha-gewinner-69b305eafb57a17205969869\" class=\"text-link\" rel=\"nofollow noopener\" target=\"_blank\">zu den gr\u00f6\u00dften Verlierern im Hertha-Kader.<\/a> Sein Marktwert sank von 2,5 auf 1,7 Millionen Euro. Die Berliner k\u00f6nnten den Preis noch weiter dr\u00fccken. Kurz: F\u00fcr eine gute Million Euro w\u00fcrde Werder den St\u00fcrmer abgeben. Greift Hertha zu? <\/p>\n<p>Mehr zum ThemaKownacki spielt durchwachsene Saison<\/p>\n<p>Im Spiel gegen seinen Ex-Klub D\u00fcsseldorf am Sonntag (13.30 Uhr, RTL und Sky) muss Kownacki  Werbung in eigener Sache machen. Sportlich \u00fcberzeugt hat er noch nicht. Gegen Bochum beendete Kownacki seine Durststrecke von 105 Tagen ohne Treffer (bisher vier Saisontore). Zuvor hatte er zuletzt Ende November in Kiel getroffen. Der Knipser ist einer der Hertha-Pechv\u00f6gel dieser Saison: In der Hinrunde fiel er wegen einer Kn\u00f6chelverletzung acht Wochen aus, im Januar legte ihn eine Grippe flach. Kaum zur\u00fcck, sah Kownacki beim 2:2 gegen Darmstadt wegen einer vermeintlichen T\u00e4tlichkeit die Rote Karte. Der DFB sperrte ihn f\u00fcr drei Meisterschaftsspiele. Kownacki muss jetzt liefern, um Hertha von einer festen Verpflichtung zu \u00fcberzeugen.<\/p>\n","protected":false},"excerpt":{"rendered":"TTS-Player \u00fcberspringen\u21b5Artikel weiterlesen Bleibt Dawid Kownacki (29) bei Hertha? Der St\u00fcrmer ist von Werder Bremen ausgeliehen. Der Deal:&hellip;\n","protected":false},"author":2,"featured_media":873191,"comment_status":"","ping_status":"","sticky":false,"template":"","format":"standard","meta":{"footnotes":"","_share_on_mastodon":"0"},"categories":[1824],"tags":[2420,3364,29,30,1088,7648,806,4581,45,7649,784],"class_list":["post-873190","post","type-post","status-publish","format-standard","has-post-thumbnail","category-bremen","tag-bremen","tag-de","tag-deutschland","tag-germany","tag-hertha-bsc","tag-kownacki-dawid","tag-sport-leuchtturm-berlin","tag-sport-tag-im-ticker","tag-texttospeech","tag-thioune-daniel","tag-zweite-bundesliga"],"share_on_mastodon":{"url":"https:\/\/pubeurope.com\/@de\/116239411881674247","error":""},"_links":{"self":[{"href":"https:\/\/www.europesays.com\/de\/wp-json\/wp\/v2\/posts\/873190","targetHints":{"allow":["GET"]}}],"collection":[{"href":"https:\/\/www.europesays.com\/de\/wp-json\/wp\/v2\/posts"}],"about":[{"href":"https:\/\/www.europesays.com\/de\/wp-json\/wp\/v2\/types\/post"}],"author":[{"embeddable":true,"href":"https:\/\/www.europesays.com\/de\/wp-json\/wp\/v2\/users\/2"}],"replies":[{"embeddable":true,"href":"https:\/\/www.europesays.com\/de\/wp-json\/wp\/v2\/comments?post=873190"}],"version-history":[{"count":0,"href":"https:\/\/www.europesays.com\/de\/wp-json\/wp\/v2\/posts\/873190\/revisions"}],"wp:featuredmedia":[{"embeddable":true,"href":"https:\/\/www.europesays.com\/de\/wp-json\/wp\/v2\/media\/873191"}],"wp:attachment":[{"href":"https:\/\/www.europesays.com\/de\/wp-json\/wp\/v2\/media?parent=873190"}],"wp:term":[{"taxonomy":"category","embeddable":true,"href":"https:\/\/www.europesays.com\/de\/wp-json\/wp\/v2\/categories?post=873190"},{"taxonomy":"post_tag","embeddable":true,"href":"https:\/\/www.europesays.com\/de\/wp-json\/wp\/v2\/tags?post=873190"}],"curies":[{"name":"wp","href":"https:\/\/api.w.org\/{rel}","templated":true}]}}