{"id":873203,"date":"2026-03-16T14:55:14","date_gmt":"2026-03-16T14:55:14","guid":{"rendered":"https:\/\/www.europesays.com\/de\/873203\/"},"modified":"2026-03-16T14:55:14","modified_gmt":"2026-03-16T14:55:14","slug":"bundesliga-rocco-reitz-wechselt-von-gladbach-zu-leipzig","status":"publish","type":"post","link":"https:\/\/www.europesays.com\/de\/873203\/","title":{"rendered":"Bundesliga: Rocco Reitz wechselt von Gladbach zu Leipzig"},"content":{"rendered":"<p class=\"p1 sm:p1-medium items-start pb-[20px]\" data-selector=\"body-paragraph\" data-external-selector=\"body-elements-paragraph\" data-v-f16c667d=\"\" data-v-439309db=\"\">\u00dcberrascht kann niemand mehr gewesen sein von der Vollzugsmeldung, mit der <a data-rtr-index=\"0\" title=\"Borussia M\u00f6nchengladbach\" href=\"https:\/\/www.faz.net\/aktuell\/sport\/thema\/borussia-moenchengladbach\" rel=\"nofollow noopener\" target=\"_blank\">Borussia M\u00f6nchengladbach<\/a> am Montag die neue Fu\u00dfballwoche er\u00f6ffnet hat. Rocco Reitz wechselt zur kommenden Saison vom Niederrhein zu RB Leipzig, nachdem seit etlichen Wochen bekannt war, dass der Mittelfeldspieler, die Borussia und der s\u00e4chsische Bundesligaklub \u00fcber diesen Transfer verhandeln. Nun ist es vollbracht, und in der offiziellen Erz\u00e4hlung gibt es nur Gewinner.<\/p>\n<p class=\"p1 sm:p1-medium items-start pb-[20px]\" data-selector=\"body-paragraph\" data-external-selector=\"body-elements-paragraph\" data-v-f16c667d=\"\" data-v-439309db=\"\">\u201eDie Abl\u00f6sesumme, die wir f\u00fcr Rocco erhalten werden, ist die h\u00f6chste, die Borussia je f\u00fcr einen selbst ausgebildeten Spieler generieren konnte\u201c, sagt der Gladbacher Sportvorstand <a data-rtr-index=\"1\" title=\"Rouven Schr\u00f6der\" href=\"https:\/\/www.faz.net\/aktuell\/sport\/thema\/rouven-schroeder\" rel=\"nofollow noopener\" target=\"_blank\">Rouven Schr\u00f6der<\/a>, w\u00e4hrend sein Leipziger Kollege Marcel Sch\u00e4fer verk\u00fcndet: \u201eRocco Reitz war unser absoluter Wunschspieler f\u00fcr das zentrale Mittelfeld. Wir erhalten einen absolut vielseitigen Spieler, der als Bindeglied zwischen Defensive und Offensive eine zentrale Rolle bei uns einnehmen und uns verst\u00e4rken wird.\u201c<\/p>\n<p class=\"p1 sm:p1-medium items-start pb-[20px]\" data-selector=\"body-paragraph\" data-external-selector=\"body-elements-paragraph\" data-v-f16c667d=\"\" data-v-439309db=\"\">Reitz kann sich \u00fcber eine h\u00fcbsche Gehaltssteigerung freuen und auf Eins\u00e4tze in der Champions League hoffen, und doch tut dieser Vereinswechsel vielen Menschen weh. Denn der geb\u00fcrtige Duisburger verk\u00f6rperte die Borussia in den vergangenen Jahren wie kein anderer Spieler. Seit seinem ersten Lebenstag ist der heute 23-J\u00e4hrige Mitglied im Klub, weil ein Onkel ihn als Geschenk zur Geburt bei der Borussia anmeldete.<\/p>\n<p>Noch schlimmer w\u00e4re nur K\u00f6ln<\/p>\n<p class=\"p1 sm:p1-medium items-start pb-[20px]\" data-selector=\"body-paragraph\" data-external-selector=\"body-elements-paragraph\" data-v-f16c667d=\"\" data-v-439309db=\"\">Er durchlief alle Jugendmannschaften im sogenannten Fohlenstall, war Publikumsliebling und das Gesicht des Versuches, in Anbindung an die alte Fohlen-Tradition der 1970er Jahre wieder verst\u00e4rkt selbst ausgebildete Spieler im Profiteam zu etablieren. Und nun das. Ausgerechnet <a data-rtr-index=\"9\" title=\"Leipzig\" href=\"https:\/\/www.faz.net\/aktuell\/feuilleton\/thema\/leipzig\" rel=\"nofollow noopener\" target=\"_blank\">Leipzig<\/a>, ein Klub, den viele Fu\u00dfballromantiker aus der Gladbacher Nordkurve verachten. Ausgerechnet in der Woche vor dem Derby beim Erzrivalen 1. FC K\u00f6ln am Samstag (15.30 Uhr\/live bei Sky und <a data-li-document-ref=\"18727822\" href=\"https:\/\/www.faz.net\/fussball-bundesliga-heute-liveticker-mit-spielplan-tabelle-und-teams-18727822.html\" rel=\"nofollow noopener\" target=\"_blank\">im F.A.Z.-Liveticker zur Fu\u00dfball-Bundesliga<\/a>).<\/p>\n<p class=\"p1 sm:p1-medium items-start pb-[20px]\" data-selector=\"body-paragraph\" data-external-selector=\"body-elements-paragraph\" data-v-f16c667d=\"\" data-v-439309db=\"\">Noch schlimmer w\u00e4re nur gewesen, wenn sich Reitz den K\u00f6lnern angeschlossen h\u00e4tte. Dort k\u00f6nnen sie nun \u00fcber den untreu gewordenen Herzensborussen spotten, aber auch bei der Borussia regt sich Widerstand. Fans fordern in den Foren zum Klub, dass das Eigengew\u00e4chs auf die Bank verbannt werden sollte, worauf Reitz entgegnet: \u201eIch kann versprechen, dass ich mich in jedem verbleibenden Spiel mit allem, was ich habe, zerrei\u00dfen werde \u2013 vor allem im Derby jetzt am Wochenende.\u201c Zugleich k\u00f6nne er aber \u201everstehen, dass der eine oder andere meinen Entschluss, den Verein zu verlassen, nicht nachvollziehen kann\u201c.<\/p>\n<p class=\"p1 sm:p1-medium items-start pb-[20px]\" data-selector=\"body-paragraph\" data-external-selector=\"body-elements-paragraph\" data-v-f16c667d=\"\" data-v-439309db=\"\">Dass Reitz nach Leipzig geht, zu einem Klub mit weniger Tradition und weniger Publikumswucht als die Borussia, passt tats\u00e4chlich auf den ersten Blick nicht zu dem Bild, das Reitz als Repr\u00e4sentant und Gladbacher Kapit\u00e4n abgegeben hat: Er wirkte traditionsbewusst und tief verbunden mit den Werten der Borussia. Aber offenkundig hat kein anderer Klub eine \u00e4hnlich gute Gesamtperspektive geboten: mit einem hohen Gehalt, der Aussicht, sofort viel Verantwortung zu \u00fcbernehmen, und ander Spitze der Bundesliga mitzuspielen. Im Kader von Rasenballsport Leipzig wird n\u00e4mlich der Platz von Xaver Schlager frei.<\/p>\n<p>Treibstoff Transfergewinne<\/p>\n<p class=\"p1 sm:p1-medium items-start pb-[20px]\" data-selector=\"body-paragraph\" data-external-selector=\"body-elements-paragraph\" data-v-f16c667d=\"\" data-v-439309db=\"\">Allerdings stagnierte Reitz zuletzt ein wenig in seiner Entwicklung, war eine solide Gr\u00f6\u00dfe im Abstiegskampf, aber kein Anf\u00fchrer, der die entscheidenden Impulse zur Rettung setzt. Mit dem Wechsel soll die Karriere nun wieder Fahrt aufnehmen, denn mit vielen Eins\u00e4tzen in einer der besten Mannschaften der Bundesliga steigen auch Reitz\u2018 Chancen auf Eins\u00e4tze in der Nationalmannschaft, w\u00e4hrend die Gladbacher Spielr\u00e4ume f\u00fcr ihre Zukunftsplanungen bekommen.<\/p>\n<p class=\"p1 sm:p1-medium items-start pb-[20px]\" data-selector=\"body-paragraph\" data-external-selector=\"body-elements-paragraph\" data-v-f16c667d=\"\" data-v-439309db=\"\">Rund 20 Millionen Euro soll der Klub von RB bekommen, was weniger ist als urspr\u00fcnglich gefordert. In z\u00e4hen Verhandlungen noch mehr Geld zu erl\u00f6sen, lag aber nicht im Interesse von Schr\u00f6der, der nun unter neuen Voraussetzungen an der Zukunft der im Mittelma\u00df feststeckenden Borussia arbeiten kann.<\/p>\n<p class=\"p1 sm:p1-medium items-start pb-[20px]\" data-selector=\"body-paragraph\" data-external-selector=\"body-elements-paragraph\" data-v-f16c667d=\"\" data-v-439309db=\"\">\u201eDer fr\u00fche Zeitpunkt der Einigung hilft uns sehr bei unseren Planungen\u201c, sagt der Sportchef, dessen Klub dringend auf Transfergewinne als Treibstoff f\u00fcr die eigene Entwicklung angewiesen ist. Gewinnbringende Verk\u00e4ufe im zweistelligen Millionenbereich sind grunds\u00e4tzlich selten am Niederrhein. Nach dem Ende der Pandemie z\u00e4hlte das Ausbleiben solcher Gesch\u00e4fte sogar zu den Hauptursachen f\u00fcr die sportliche Stagnation. Dieser Zustand soll nun durchbrochen werden.<\/p>\n","protected":false},"excerpt":{"rendered":"\u00dcberrascht kann niemand mehr gewesen sein von der Vollzugsmeldung, mit der Borussia M\u00f6nchengladbach am Montag die neue Fu\u00dfballwoche&hellip;\n","protected":false},"author":2,"featured_media":873126,"comment_status":"","ping_status":"","sticky":false,"template":"","format":"standard","meta":{"footnotes":"","_share_on_mastodon":"0"},"categories":[1832],"tags":[3364,29,30,71,859],"class_list":["post-873203","post","type-post","status-publish","format-standard","has-post-thumbnail","category-leipzig","tag-de","tag-deutschland","tag-germany","tag-leipzig","tag-sachsen"],"share_on_mastodon":{"url":"https:\/\/pubeurope.com\/@de\/116239435634721039","error":""},"_links":{"self":[{"href":"https:\/\/www.europesays.com\/de\/wp-json\/wp\/v2\/posts\/873203","targetHints":{"allow":["GET"]}}],"collection":[{"href":"https:\/\/www.europesays.com\/de\/wp-json\/wp\/v2\/posts"}],"about":[{"href":"https:\/\/www.europesays.com\/de\/wp-json\/wp\/v2\/types\/post"}],"author":[{"embeddable":true,"href":"https:\/\/www.europesays.com\/de\/wp-json\/wp\/v2\/users\/2"}],"replies":[{"embeddable":true,"href":"https:\/\/www.europesays.com\/de\/wp-json\/wp\/v2\/comments?post=873203"}],"version-history":[{"count":0,"href":"https:\/\/www.europesays.com\/de\/wp-json\/wp\/v2\/posts\/873203\/revisions"}],"wp:featuredmedia":[{"embeddable":true,"href":"https:\/\/www.europesays.com\/de\/wp-json\/wp\/v2\/media\/873126"}],"wp:attachment":[{"href":"https:\/\/www.europesays.com\/de\/wp-json\/wp\/v2\/media?parent=873203"}],"wp:term":[{"taxonomy":"category","embeddable":true,"href":"https:\/\/www.europesays.com\/de\/wp-json\/wp\/v2\/categories?post=873203"},{"taxonomy":"post_tag","embeddable":true,"href":"https:\/\/www.europesays.com\/de\/wp-json\/wp\/v2\/tags?post=873203"}],"curies":[{"name":"wp","href":"https:\/\/api.w.org\/{rel}","templated":true}]}}