{"id":873207,"date":"2026-03-16T14:58:15","date_gmt":"2026-03-16T14:58:15","guid":{"rendered":"https:\/\/www.europesays.com\/de\/873207\/"},"modified":"2026-03-16T14:58:15","modified_gmt":"2026-03-16T14:58:15","slug":"einbruchserie-in-stuttgart-unbekannte-brechen-in-mehrere-wohnungen-und-haeuser-ein-zeugen-gesucht-stuttgart","status":"publish","type":"post","link":"https:\/\/www.europesays.com\/de\/873207\/","title":{"rendered":"Einbruchserie in Stuttgart: Unbekannte brechen in mehrere Wohnungen und H\u00e4user ein \u2013 Zeugen gesucht &#8211; Stuttgart"},"content":{"rendered":"<p>\t\t\t\t\t\t\t\t\t\t\t\t\t\t\t\t\t\t\t\t\t\t\t\t\t\t\t\t\t\t\t\t\t\t\t\t   \t\t\t\t\t \t\t\t\t   \t      \t\t\t\t   <img decoding=\"async\" id=\"article-image\" fetchpriority=\"high\" alt=\"Einbruchserie in Stuttgart: Unbekannte brechen in mehrere Wohnungen und H\u00e4user ein \u2013 Zeugen gesucht\" title=\"Einbruchserie in Stuttgart: Unbekannte brechen in mehrere Wohnungen und H\u00e4user ein \u2013 Zeugen gesucht\" src=\"https:\/\/www.europesays.com\/de\/wp-content\/uploads\/2026\/03\/media.media.74f89fb8-b438-4749-aad9-d3cc62173555.original700.jpg\" data-linkto=\"https:\/\/www.esslinger-zeitung.de\/javascript:void(0);\"\/>\t\t\t\t\t\t\t\t\t\t\t\t\t\t\t\t\t\t\t\t\t\t\t\tDie T\u00e4ter hebelten Fenster und T\u00fcren auf, um in die Geb\u00e4ude zu gelangen. (Symbolbild)\u00a0Foto: Philipp von Ditfurth\/dpa\t\t\t<\/p>\n<p>Am vergangenen Wochenende sind Unbekannte in Wohnungen und H\u00e4user in Stuttgarter eingebrochen. Die Polizei sucht Zeugen.<\/p>\n<p>Unbekannte sind am vergangenen Wochenende in mehrere Wohnungen und H\u00e4user in <a href=\"https:\/\/www.esslinger-zeitung.de\/thema\/Stuttgart\" title=\"Stuttgart\" class=\"art_thema\" rel=\"nofollow noopener\" target=\"_blank\">Stuttgart<\/a> eingebrochen. Die Taten ereigneten sich zwischen Freitag und Sonntag an der Hermann-Pleuer-Stra\u00dfe, Schrozberger Stra\u00dfe, R\u00fcmelinstra\u00dfe, Senefelderstra\u00dfe, Engelbergstra\u00dfe, Karlsbader Stra\u00dfe und Werderstra\u00dfe, wie die <a href=\"https:\/\/www.esslinger-zeitung.de\/thema\/Polizei\" title=\"Polizei\" class=\"art_thema\" rel=\"nofollow noopener\" target=\"_blank\">Polizei<\/a> mitteilte.<\/p>\n<p>Die T\u00e4ter hebelten Fenster und T\u00fcren auf, um in die Geb\u00e4ude zu gelangen. Sie stahlen Schmuck, Bargeld und andere Wertgegenst\u00e4nde von bislang unbekanntem Wert. Die Polizei bittet <a href=\"https:\/\/www.esslinger-zeitung.de\/thema\/Zeugen\" title=\"Zeugen\" class=\"art_thema\" rel=\"nofollow noopener\" target=\"_blank\">Zeugen<\/a>, sich unter der Telefonnummer 0711\/89 90 57 78 bei der Kriminalpolizei zu melden.<\/p>\n","protected":false},"excerpt":{"rendered":"Die T\u00e4ter hebelten Fenster und T\u00fcren auf, um in die Geb\u00e4ude zu gelangen. (Symbolbild)\u00a0Foto: Philipp von Ditfurth\/dpa Am&hellip;\n","protected":false},"author":2,"featured_media":873208,"comment_status":"","ping_status":"","sticky":false,"template":"","format":"standard","meta":{"footnotes":"","_share_on_mastodon":"0"},"categories":[1830],"tags":[1634,3364,29,2819,30,121,8248,1441,4996],"class_list":["post-873207","post","type-post","status-publish","format-standard","has-post-thumbnail","category-stuttgart","tag-baden-wuerttemberg","tag-de","tag-deutschland","tag-einbruch","tag-germany","tag-polizei","tag-polizeibericht-stuttgart","tag-stuttgart","tag-zeugen"],"share_on_mastodon":{"url":"https:\/\/pubeurope.com\/@de\/116239447508648480","error":""},"_links":{"self":[{"href":"https:\/\/www.europesays.com\/de\/wp-json\/wp\/v2\/posts\/873207","targetHints":{"allow":["GET"]}}],"collection":[{"href":"https:\/\/www.europesays.com\/de\/wp-json\/wp\/v2\/posts"}],"about":[{"href":"https:\/\/www.europesays.com\/de\/wp-json\/wp\/v2\/types\/post"}],"author":[{"embeddable":true,"href":"https:\/\/www.europesays.com\/de\/wp-json\/wp\/v2\/users\/2"}],"replies":[{"embeddable":true,"href":"https:\/\/www.europesays.com\/de\/wp-json\/wp\/v2\/comments?post=873207"}],"version-history":[{"count":0,"href":"https:\/\/www.europesays.com\/de\/wp-json\/wp\/v2\/posts\/873207\/revisions"}],"wp:featuredmedia":[{"embeddable":true,"href":"https:\/\/www.europesays.com\/de\/wp-json\/wp\/v2\/media\/873208"}],"wp:attachment":[{"href":"https:\/\/www.europesays.com\/de\/wp-json\/wp\/v2\/media?parent=873207"}],"wp:term":[{"taxonomy":"category","embeddable":true,"href":"https:\/\/www.europesays.com\/de\/wp-json\/wp\/v2\/categories?post=873207"},{"taxonomy":"post_tag","embeddable":true,"href":"https:\/\/www.europesays.com\/de\/wp-json\/wp\/v2\/tags?post=873207"}],"curies":[{"name":"wp","href":"https:\/\/api.w.org\/{rel}","templated":true}]}}