{"id":873209,"date":"2026-03-16T14:59:16","date_gmt":"2026-03-16T14:59:16","guid":{"rendered":"https:\/\/www.europesays.com\/de\/873209\/"},"modified":"2026-03-16T14:59:16","modified_gmt":"2026-03-16T14:59:16","slug":"vfb-stuttgart-6-fc-energie-cottbus","status":"publish","type":"post","link":"https:\/\/www.europesays.com\/de\/873209\/","title":{"rendered":"VfB Stuttgart | 6 FC Energie Cottbus"},"content":{"rendered":"<p>Die U19 musste sich am Samstag dem FC Energie Cottbus ungl\u00fccklich mit 3:4 geschlagen geben. Die Partie begann schwungvoll und mit Chancen auf beiden Seiten. Enis Redzepi (17.) und Neno Zezelj (26.) hatten die ersten Einschussm\u00f6glichkeiten f\u00fcr den VfB, der in Minute 29 durch einen Fernschuss von Edwin Kracht in R\u00fcckstand geriet. Die Jungs aus Cannstatt arbeiteten in der Folge am Ausgleich, hatten durch Enis Redzepi eine gute Kopfballchance (41.), brachten den Ball aber nicht im Tor unter und kassierten kurz vor der Pause sogar das 0:2, als Maris Sch\u00f6\u00dfler per Elfmeter erh\u00f6hte.<\/p>\n<p>Nach dem Seitenwechsel bestimmte der VfB die Begegnung klar und war entschlossen, eine Aufholjagd zu starten. Nachdem ein Kopfball von Emirhan Agzikara an die Latte segelte (48.) und ein Freisto\u00df von Tuncay Durna nur an den Pfosten ging (52.), besorgte Neno Zezelj per Abstauber nach einem Freisto\u00df den verdienten Anschlusstreffer (69.). Sechs Minuten sp\u00e4ter legte Neno Zezelj nach einer einstudierten Freisto\u00dfvariante sogar das 2:2 nach (75.). Beim Gleichstand blieb es allerdings nur drei Minuten lang, da Energie in Minute 79 durch \u00a0Shawn Wei\u00dfenberg sofort wieder in F\u00fchrung ging. Erneut war der VfB gefordert, erneut gelang eine Antwort: In \u00dcberzahl \u2013 ein Cottbuser sah in der 90. Minute die gelb-rote Karte \u2013 traf Kapit\u00e4n Matthaios Tsigkas in der ersten Minute der Nachspielzeit zum 3:3. Das letzte Wort hatten jedoch einmal mehr die Gastgeber, die in der f\u00fcnften Minute der Nachspielzeit den entscheidenden Konter zum 4:3 durch Aaron Reschke fuhren.<\/p>\n<p>Somit musste sich die U19 des VfB nach einem wilden Schlagabtausch mit 3:4 geschlagen geben und bleibt in der Hauptrunde der DFB-Nachwuchsliga bei sieben Punkten. Kommenden Samstag um 11 Uhr steht das Halbfinale des DFB-Pokals der Junioren beim VfL Bochum an.<\/p>\n<p><a class=\"teaser-wrapper\" href=\"https:\/\/www.vfb.de\/tv\/video\/junioren\/nlz-torparade\/U19_Bericht_FC_Energie_Cottbus_-_VfB_Stuttgart\/\" target=\"_self\" rel=\"nofollow noopener\"><br \/>\n<img decoding=\"async\" src=\"https:\/\/www.europesays.com\/de\/wp-content\/uploads\/2026\/03\/49233_9dc69972-6c95-4ea4-8128-3bbd03ad3596_00000_x_0x0.jpg\" alt=\"Kompakt: FC Energie Cottbus - VfB U19\"\/><\/p>\n<p><img decoding=\"async\" src=\"https:\/\/www.europesays.com\/de\/wp-content\/uploads\/2025\/06\/play-button-white.png\" alt=\"VfB TV Icon\"\/><\/p>\n<p><\/a><\/p>\n","protected":false},"excerpt":{"rendered":"Die U19 musste sich am Samstag dem FC Energie Cottbus ungl\u00fccklich mit 3:4 geschlagen geben. Die Partie begann&hellip;\n","protected":false},"author":2,"featured_media":873210,"comment_status":"","ping_status":"","sticky":false,"template":"","format":"standard","meta":{"footnotes":"","_share_on_mastodon":"0"},"categories":[1830],"tags":[1634,3364,29,30,1441],"class_list":["post-873209","post","type-post","status-publish","format-standard","has-post-thumbnail","category-stuttgart","tag-baden-wuerttemberg","tag-de","tag-deutschland","tag-germany","tag-stuttgart"],"share_on_mastodon":{"url":"https:\/\/pubeurope.com\/@de\/116239451640320561","error":""},"_links":{"self":[{"href":"https:\/\/www.europesays.com\/de\/wp-json\/wp\/v2\/posts\/873209","targetHints":{"allow":["GET"]}}],"collection":[{"href":"https:\/\/www.europesays.com\/de\/wp-json\/wp\/v2\/posts"}],"about":[{"href":"https:\/\/www.europesays.com\/de\/wp-json\/wp\/v2\/types\/post"}],"author":[{"embeddable":true,"href":"https:\/\/www.europesays.com\/de\/wp-json\/wp\/v2\/users\/2"}],"replies":[{"embeddable":true,"href":"https:\/\/www.europesays.com\/de\/wp-json\/wp\/v2\/comments?post=873209"}],"version-history":[{"count":0,"href":"https:\/\/www.europesays.com\/de\/wp-json\/wp\/v2\/posts\/873209\/revisions"}],"wp:featuredmedia":[{"embeddable":true,"href":"https:\/\/www.europesays.com\/de\/wp-json\/wp\/v2\/media\/873210"}],"wp:attachment":[{"href":"https:\/\/www.europesays.com\/de\/wp-json\/wp\/v2\/media?parent=873209"}],"wp:term":[{"taxonomy":"category","embeddable":true,"href":"https:\/\/www.europesays.com\/de\/wp-json\/wp\/v2\/categories?post=873209"},{"taxonomy":"post_tag","embeddable":true,"href":"https:\/\/www.europesays.com\/de\/wp-json\/wp\/v2\/tags?post=873209"}],"curies":[{"name":"wp","href":"https:\/\/api.w.org\/{rel}","templated":true}]}}