{"id":873286,"date":"2026-03-16T15:40:18","date_gmt":"2026-03-16T15:40:18","guid":{"rendered":"https:\/\/www.europesays.com\/de\/873286\/"},"modified":"2026-03-16T15:40:18","modified_gmt":"2026-03-16T15:40:18","slug":"karlsruhe-mann-nach-angriff-auf-ex-freundin-in-untersuchungshaft","status":"publish","type":"post","link":"https:\/\/www.europesays.com\/de\/873286\/","title":{"rendered":"Karlsruhe: Mann nach Angriff auf Ex-Freundin in Untersuchungshaft"},"content":{"rendered":"<p>\t\t\t\t\t\t\t\t\t\t\t\t\t\t\t\t\t\t\t\t\t\t\t\t\t\t\t\t      \t\t            \t\t             \t\t\t\t   \t\t\t\t\t   <img decoding=\"async\" id=\"article-image\" fetchpriority=\"high\" alt=\"Karlsruhe: Mann nach Angriff auf Ex-Freundin in Untersuchungshaft\" title=\"Karlsruhe: Mann nach Angriff auf Ex-Freundin in Untersuchungshaft\" src=\"https:\/\/www.europesays.com\/de\/wp-content\/uploads\/2026\/03\/media.media.d2434fe6-e259-4464-8229-aabf01bb99f0.16x9_700.jpg\" data-linkto=\"https:\/\/www.stuttgarter-nachrichten.de\/javascript:void(0);\"\/>\t\t\t\t\t\t\t\t\t\t\t\t\t\t\t\t\t\t\t\t\t\t\t\tDer 38-J\u00e4hrige befindet sich in Untersuchungshaft. (Symbolbild)\u00a0Foto: Karl-Josef Hildenbrand\/dpa\/Karl-Josef Hildenbrand\t\t\t<\/p>\n<p>Eine 27-J\u00e4hrige will pers\u00f6nliche Gegenst\u00e4nde aus der Wohnung ihres Ex-Partners abholen \u2013 stattdessen soll der Mann sie angegriffen haben. Was die Staatsanwaltschaft ihm vorwirft.<\/p>\n<p>Ein 36-J\u00e4hriger sitzt in <a href=\"https:\/\/www.stuttgarter-nachrichten.de\/thema\/Untersuchungshaft\" title=\"Untersuchungshaft\" class=\"art_thema\" rel=\"nofollow noopener\" target=\"_blank\">Untersuchungshaft<\/a>, nachdem er seine Ex-Freundin in <a href=\"https:\/\/www.stuttgarter-nachrichten.de\/thema\/Karlsruhe\" title=\"Karlsruhe\" class=\"art_thema\" rel=\"nofollow noopener\" target=\"_blank\">Karlsruhe<\/a> angegriffen und verletzt haben soll. Ihm wird versuchter Totschlag vorgeworfen, wie die Staatsanwaltschaft Karlsruhe mitteilte.<\/p>\n<p>Laut der Ermittler hatte die 27-J\u00e4hrige am sp\u00e4ten Samstagnachmittag pers\u00f6nliche Gegenst\u00e4nde aus der Wohnung ihres Ex-Partners abholen wollen. Als der Mann ihr die T\u00fcr ge\u00f6ffnet habe, soll er ihr unvermittelt mit der Faust ins Gesicht geschlagen und sie anschlie\u00dfend gew\u00fcrgt haben. Danach habe der 36-J\u00e4hrige der Frau ein Brotmesser an den Hals gehalten und ihr eine oberfl\u00e4chliche Schnittwunde zugef\u00fcgt, w\u00e4hrend er ihr mit dem Tod gedroht habe, so die Staatsanwaltschaft.<\/p>\n<p>Nachbarin wird zur Zeugin <\/p>\n<p>In einem Moment der Unaufmerksamkeit des Beschuldigten habe die 27-J\u00e4hrige aus der Wohnung fliehen k\u00f6nnen. Durch ihre Gegenwehr sei der Mann ebenfalls verletzt worden. Eine aufmerksame Nachbarin hatte den Angaben nach die <a href=\"https:\/\/www.stuttgarter-nachrichten.de\/thema\/Polizei\" title=\"Polizei\" class=\"art_thema\" rel=\"nofollow noopener\" target=\"_blank\">Polizei<\/a> alarmiert.<\/p>\n<p>Der 36-J\u00e4hrige wurde bereits dem Haftrichter vorgef\u00fchrt. Wegen des Verdachts des versuchten Totschlags in Tateinheit mit gef\u00e4hrlicher K\u00f6rperverletzung und Bedrohung erlie\u00df dieser Haftbefehl gegen den Verd\u00e4chtigen. <\/p>\n","protected":false},"excerpt":{"rendered":"Der 38-J\u00e4hrige befindet sich in Untersuchungshaft. (Symbolbild)\u00a0Foto: Karl-Josef Hildenbrand\/dpa\/Karl-Josef Hildenbrand Eine 27-J\u00e4hrige will pers\u00f6nliche Gegenst\u00e4nde aus der Wohnung&hellip;\n","protected":false},"author":2,"featured_media":873287,"comment_status":"","ping_status":"","sticky":false,"template":"","format":"standard","meta":{"footnotes":"","_share_on_mastodon":"0"},"categories":[1844],"tags":[1634,3364,29,30,8903,121,4853],"class_list":["post-873286","post","type-post","status-publish","format-standard","has-post-thumbnail","category-karlsruhe","tag-baden-wuerttemberg","tag-de","tag-deutschland","tag-germany","tag-karlsruhe","tag-polizei","tag-untersuchungshaft"],"share_on_mastodon":{"url":"https:\/\/pubeurope.com\/@de\/116239612787462765","error":""},"_links":{"self":[{"href":"https:\/\/www.europesays.com\/de\/wp-json\/wp\/v2\/posts\/873286","targetHints":{"allow":["GET"]}}],"collection":[{"href":"https:\/\/www.europesays.com\/de\/wp-json\/wp\/v2\/posts"}],"about":[{"href":"https:\/\/www.europesays.com\/de\/wp-json\/wp\/v2\/types\/post"}],"author":[{"embeddable":true,"href":"https:\/\/www.europesays.com\/de\/wp-json\/wp\/v2\/users\/2"}],"replies":[{"embeddable":true,"href":"https:\/\/www.europesays.com\/de\/wp-json\/wp\/v2\/comments?post=873286"}],"version-history":[{"count":0,"href":"https:\/\/www.europesays.com\/de\/wp-json\/wp\/v2\/posts\/873286\/revisions"}],"wp:featuredmedia":[{"embeddable":true,"href":"https:\/\/www.europesays.com\/de\/wp-json\/wp\/v2\/media\/873287"}],"wp:attachment":[{"href":"https:\/\/www.europesays.com\/de\/wp-json\/wp\/v2\/media?parent=873286"}],"wp:term":[{"taxonomy":"category","embeddable":true,"href":"https:\/\/www.europesays.com\/de\/wp-json\/wp\/v2\/categories?post=873286"},{"taxonomy":"post_tag","embeddable":true,"href":"https:\/\/www.europesays.com\/de\/wp-json\/wp\/v2\/tags?post=873286"}],"curies":[{"name":"wp","href":"https:\/\/api.w.org\/{rel}","templated":true}]}}