{"id":873338,"date":"2026-03-16T16:10:14","date_gmt":"2026-03-16T16:10:14","guid":{"rendered":"https:\/\/www.europesays.com\/de\/873338\/"},"modified":"2026-03-16T16:10:14","modified_gmt":"2026-03-16T16:10:14","slug":"stuhr-freut-sich-auf-den-fruehjahrs-und-gewerbemarkt","status":"publish","type":"post","link":"https:\/\/www.europesays.com\/de\/873338\/","title":{"rendered":"Stuhr freut sich auf den Fr\u00fchjahrs- und Gewerbemarkt"},"content":{"rendered":"<ol class=\"id-DonaldBreadcrumb lp_west_breadcrumb id-DonaldBreadcrumb--default\" data-k5a-pos=\"west_breadcrumb\">\n<li class=\"id-Breadcrumb-item\"><a href=\"https:\/\/www.kreiszeitung.de\/\" class=\"id-Breadcrumb-link\" data-id-ec=\"{\" shn=\"\" textlink=\"\" data-k5a-pos=\"1_startseite\" rel=\"nofollow noopener\" target=\"_blank\">Startseite<\/a><\/li>\n<li class=\"id-Breadcrumb-item\"><a href=\"https:\/\/www.kreiszeitung.de\/lokales\/\" class=\"id-Breadcrumb-link\" data-id-ec=\"{\" shn=\"\" textlink=\"\" data-k5a-pos=\"2_lokales\" rel=\"nofollow noopener\" target=\"_blank\">Lokales<\/a><\/li>\n<li class=\"id-Breadcrumb-item\"><a href=\"https:\/\/www.kreiszeitung.de\/lokales\/diepholz\/\" class=\"id-Breadcrumb-link\" data-id-ec=\"{\" shn=\"\" textlink=\"\" diepholz=\"\" data-k5a-pos=\"3_landkreisDiepholz\" rel=\"nofollow noopener\" target=\"_blank\">Landkreis Diepholz<\/a><\/li>\n<li class=\"id-Breadcrumb-item\"><a href=\"https:\/\/www.kreiszeitung.de\/lokales\/diepholz\/stuhr-ort52271\/\" class=\"id-Breadcrumb-link\" data-id-ec=\"{\" shn=\"\" textlink=\"\" data-k5a-pos=\"4_stuhr\" rel=\"nofollow noopener\" target=\"_blank\">Stuhr<\/a><\/li>\n<\/ol>\n<p class=\"id-Story-timestamp id-Story-timestamp--default\">Stand: 16.03.2026, 17:00 Uhr<\/p>\n<p class=\"id-Story-authors id-Story-authors--default\">Von: <a class=\"id-Story-authors-link lp_west_author\" href=\"https:\/\/www.kreiszeitung.de\/autor\/lars-warnecke-gu4523aq3.html\" title=\"Zur Autorenseite von Lars Warnecke\" data-id-ec=\"{\" shn=\"\" author-link=\"\" warnecke=\"\" data-k5a-pos=\"west_author\" rel=\"nofollow noopener\" target=\"_blank\">Lars Warnecke<\/a><\/p>\n<p class=\"id-Story-interactionBar id-Story-interactionBar--default\">DruckenTeilen<\/p>\n<p><a href=\"https:\/\/profile.google.com\/cp\/Cg0vZy8xMWNzcWI1bHo3GgA\" class=\"id-Story-googleFollowButton id-Story-googleFollowButton--default\" target=\"_blank\" data-id-ec=\"{\" shn=\"\" google-follow=\"\" auf=\"\" google=\"\" folgen=\"\" rel=\"nofollow noopener\">Uns auf Google folgen<\/a><img decoding=\"async\" class=\"id-RatioPlaceholder-element wv_story_el_image\" src=\"https:\/\/www.europesays.com\/de\/wp-content\/uploads\/2026\/03\/41832957-brinkumer-gewerbemarkt-3k7a.jpg\" loading=\"eager\" fetchpriority=\"high\"   height=\"792\" width=\"1408\" alt=\"Brinkumer Gewerbemarkt \"\/>Jannik Wendt (l.) und Lars Gudat freuen sich auf das bunte Treiben beim Stuhrer Fr\u00fchjahrs- und Gewerbemarkt: \u201eHier ist f\u00fcr jeden etwas dabei \u2013 vom Aussteller bis zur ganzen Familie\u201c, erkl\u00e4ren beide. \u00a9\u00a0Lars Warnecke <\/p>\n<p class=\"id-StoryElement-leadText\">Nach zweij\u00e4hriger Pause startet vom 17. bis 19. April der Stuhrer Fr\u00fchjahrs- und Gewerbemarkt auf dem neuen Festplatz am Brunnenweg. Rund 100 Aussteller \u2013 von etablierten Firmen bis zu jungen Start-ups \u2013 pr\u00e4sentieren ihre Angebote.<\/p>\n<p class=\"id-StoryElement-paragraph\">Stuhr \u2013 In der Gemeinde Stuhr bereitet man sich nach zweij\u00e4hriger Pause wieder auf ein besonderes Wochenende vor: Vom 17. bis 19. April \u00f6ffnet der Stuhrer Fr\u00fchjahrs- und Gewerbemarkt einmal mehr seine Pforten. Auf dem neuen Festplatz am Brunnenweg pr\u00e4sentieren fast 100 Unternehmen, Institutionen und Vereine ihre Produkte, Dienstleistungen und Angebote \u2013 ein breites Spektrum, welches sowohl etablierte ortsans\u00e4ssige Firmen wie Cordes &amp; Graefe als auch junge lokale Start-ups umfasst.<\/p>\n<p class=\"id-StoryElement-paragraph\">\u201eWir sind begeistert, dass wir auf den letzten Metern noch nahezu alle Ausstellerpl\u00e4tze vergeben konnten\u201c, freut sich Peer Beyersdorff, Wirtschaftsf\u00f6rderer der Gemeinde. \u201eDie Mischung aus Gewerbe, Handwerk, Dienstleistungen und Vereinspr\u00e4sentationen macht den Markt f\u00fcr die Besucherinnen und Besucher besonders attraktiv. Hier kann man sich umfassend informieren und Neues entdecken.\u201c<\/p>\n<p class=\"id-StoryElement-paragraph\">Organisiert wird die XXL-Veranstaltung einmal mehr von der Brinkumer Interessengemeinschaft (Big) in Kooperation mit der Interessengemeinschaft Stuhrer Unternehmen (Isu). Lars Gudat, erster Vorsitzender der Big, berichtet: \u201eDas ist schon die 16. Auflage, und wir freuen uns \u00fcber die enorme Resonanz. F\u00fcr das Innenzelt sind noch wenige Pl\u00e4tze frei \u2013 wir pr\u00fcfen, ob gr\u00f6\u00dfere oder mehrere kleine Aussteller dort noch unterkommen k\u00f6nnen. Ansonsten sind drau\u00dfen alle Fl\u00e4chen vergeben.\u201c<\/p>\n<p class=\"id-StoryElement-paragraph\">Auch das Rahmenprogramm kann sich sehen lassen: Am Samstagabend findet eine exklusive Ausstellerparty statt, gefolgt von einer \u00f6ffentlichen Abendveranstaltung mit limitierten 500 Tickets, die im Vorverkauf erh\u00e4ltlich sein werden. \u201eWir m\u00f6chten, dass die Besucher nicht nur die Aussteller erleben, sondern auch ein sch\u00f6nes gemeinsames Event genie\u00dfen k\u00f6nnen\u201c, erkl\u00e4rt Gudat.<\/p>\n<p class=\"id-StoryElement-paragraph\">F\u00fcr die j\u00fcngeren G\u00e4ste gibt es ebenfalls besondere Attraktionen: Ein Autoscooter auf dem Festgel\u00e4nde sorgt f\u00fcr Fahrspa\u00df, am Sonntag, 19. April, erg\u00e4nzt ein \u201eTag der Feuerwehr\u201c das Programm mit Vorf\u00fchrungen und Mitmachaktionen  direkt neben dem Markt. \u201eDie Zusammenarbeit mit der Ortsfeuerwehr Brinkum l\u00e4uft hervorragend, und die Familien k\u00f6nnen spannende Einblicke gewinnen\u201c, k\u00fcndigt Jannik Wendt, einer der Marktmeister, an.<\/p>\n<p><img decoding=\"async\" class=\"id-RatioPlaceholder-element wv_story_el_image\" src=\"https:\/\/www.europesays.com\/de\/wp-content\/uploads\/2026\/03\/41432887-stuhrer-gewerbemarkt-R5BG.jpg\" loading=\"lazy\"   height=\"619\" width=\"1100\" alt=\"Stuhrer Gewerbemarkt \"\/>Beim Markt pr\u00e4sentieren Unternehmen, Vereine und Institutionen auf dem Festplatz am Brunnenweg ihre Angebote \u2013 und laden das Publikum zum Entdecken, Informieren und Mitmachen ein. \u00a9\u00a0Rainer Jysch (Archiv)<\/p>\n<p class=\"id-StoryElement-paragraph\">Beyersdorff betont zudem die Bedeutung des Gewerbemarktes f\u00fcr die regionale Wirtschaft: \u201eDie Messe bietet nicht nur Werbung f\u00fcr die Aussteller, sondern st\u00e4rkt auch die Sichtbarkeit der Unternehmen und f\u00f6rdert den Kontakt zwischen Handel, Handwerk und B\u00fcrgern.\u201c<\/p>\n<p class=\"id-StoryElement-paragraph\">Lars Gudat f\u00fcgt hinzu: \u201eBesonders stolz sind wir auf das ehrenamtliche Engagement unseres Marktmeisterteams. Ohne Jannik Wendt und Arne Budelmann w\u00e4re die Organisation in dieser Form nicht m\u00f6glich. Sie bringen die ganze Energie und Kreativit\u00e4t ein, die f\u00fcr einen erfolgreichen Markt n\u00f6tig ist.\u201c<\/p>\n<blockquote class=\"id-StoryElement-blockquote\">\n<p class=\"id-StoryElement-blockquote-text\">Der Markt ist mehr als eine Messe \u2013 er ist ein Erlebnis f\u00fcr die ganze Region.<\/p>\n<\/blockquote>\n<p class=\"id-StoryElement-paragraph\">Die \u00d6ffnungszeiten f\u00fcr Besucher sind am Freitag von 14 bis 18 Uhr sowie am Samstag und Sonntag jeweils von 11 bis 18 Uhr. Wer als Aussteller noch dabei sein m\u00f6chte, sollte sich beeilen: Anmeldeschluss ist der 31. M\u00e4rz. Alle Informationen und Anmeldeunterlagen sind auf der Webseite abrufbar: www.stuhrer-gewerbemarkt.de<\/p>\n<p class=\"id-StoryElement-paragraph\">\u201eDer Stuhrer Fr\u00fchjahrs- und Gewerbemarkt ist mehr als eine Messe \u2013 er ist Treffpunkt f\u00fcr Wirtschaft, Vereine und Familien und ein echtes Erlebnis f\u00fcr die ganze Region\u201c, befindet Lars Gudat. Man darf gespannt sein.<\/p>\n","protected":false},"excerpt":{"rendered":"Startseite Lokales Landkreis Diepholz Stuhr Stand: 16.03.2026, 17:00 Uhr Von: Lars Warnecke DruckenTeilen Uns auf Google folgenJannik Wendt&hellip;\n","protected":false},"author":2,"featured_media":873339,"comment_status":"","ping_status":"","sticky":false,"template":"","format":"standard","meta":{"footnotes":"","_share_on_mastodon":"0"},"categories":[1824],"tags":[2420,3364,29,30],"class_list":["post-873338","post","type-post","status-publish","format-standard","has-post-thumbnail","category-bremen","tag-bremen","tag-de","tag-deutschland","tag-germany"],"share_on_mastodon":{"url":"https:\/\/pubeurope.com\/@de\/116239730839615157","error":""},"_links":{"self":[{"href":"https:\/\/www.europesays.com\/de\/wp-json\/wp\/v2\/posts\/873338","targetHints":{"allow":["GET"]}}],"collection":[{"href":"https:\/\/www.europesays.com\/de\/wp-json\/wp\/v2\/posts"}],"about":[{"href":"https:\/\/www.europesays.com\/de\/wp-json\/wp\/v2\/types\/post"}],"author":[{"embeddable":true,"href":"https:\/\/www.europesays.com\/de\/wp-json\/wp\/v2\/users\/2"}],"replies":[{"embeddable":true,"href":"https:\/\/www.europesays.com\/de\/wp-json\/wp\/v2\/comments?post=873338"}],"version-history":[{"count":0,"href":"https:\/\/www.europesays.com\/de\/wp-json\/wp\/v2\/posts\/873338\/revisions"}],"wp:featuredmedia":[{"embeddable":true,"href":"https:\/\/www.europesays.com\/de\/wp-json\/wp\/v2\/media\/873339"}],"wp:attachment":[{"href":"https:\/\/www.europesays.com\/de\/wp-json\/wp\/v2\/media?parent=873338"}],"wp:term":[{"taxonomy":"category","embeddable":true,"href":"https:\/\/www.europesays.com\/de\/wp-json\/wp\/v2\/categories?post=873338"},{"taxonomy":"post_tag","embeddable":true,"href":"https:\/\/www.europesays.com\/de\/wp-json\/wp\/v2\/tags?post=873338"}],"curies":[{"name":"wp","href":"https:\/\/api.w.org\/{rel}","templated":true}]}}