{"id":873357,"date":"2026-03-16T16:20:18","date_gmt":"2026-03-16T16:20:18","guid":{"rendered":"https:\/\/www.europesays.com\/de\/873357\/"},"modified":"2026-03-16T16:20:18","modified_gmt":"2026-03-16T16:20:18","slug":"ssb-stuttgart-gibt-es-diese-woche-einen-streik","status":"publish","type":"post","link":"https:\/\/www.europesays.com\/de\/873357\/","title":{"rendered":"SSB Stuttgart: Gibt es diese Woche einen Streik?"},"content":{"rendered":"<p>Diese Woche kommt es wieder zu Warnstreiks im \u00d6PNV. M\u00fcssen auch Fahrg\u00e4ste in Stuttgart mit Einschr\u00e4nkungen rechnen?<\/p>\n<p><img decoding=\"async\" alt=\"\" src=\"https:\/\/www.europesays.com\/de\/wp-content\/uploads\/2026\/03\/abdb1cba-4ae4-4c39-9e6e-f15f4e9b7f40.jpeg\"\/><\/p>\n<p>16.03.2026, 17:07 UhrStuttgart<\/p>\n<p><a href=\"https:\/\/swp1.clpsh.com\/anhoeren?utm_source=swp&amp;utm_medium=deeplink&amp;utm_campaign=article_action_bar\" target=\"_blank\" class=\"lh-sm text-color-neutral-60\" id=\"u-article-header__listen-link\" rel=\"nofollow noopener\">Jetzt in der App anh\u00f6ren<\/a><img loading=\"lazy\" decoding=\"async\" src=\"https:\/\/www.europesays.com\/de\/wp-content\/uploads\/2026\/03\/f8751672-35ee-4b98-aa6b-57cfb091a0ef.jpg\" class=\"u-base-image__image\" width=\"1200\" height=\"675\" alt=\"Verdi-Warnstreiks im Nahverkehr - Baden-W\u00fcrttemberg: ARCHIV - 02.02.2026, Baden-W\u00fcrttemberg, Stuttgart: Streikende der Stuttgarter Stra\u00dfenbahnen AG (SSB) gehen am fr\u00fchen Morgen zu einem Stra\u00dfenbahn-Depot. (zu dpa: \u00abWarnstreiks im Nahverkehr vom Tisch \u2013 Einigung in Tarifrunde\u00bb) Foto: Marijan Murat\/dpa +++ dpa-Bildfunk +++\"\/><\/p>\n<p class=\"u-base-image__cap m-0\">Diese Woche wird erneut der Nahverkehr in mehreren Bundesl\u00e4ndern bestreikt. Ist auch Stuttgart betroffen?<\/p>\n<p>Marijan Murat\/dpa<\/p>\n<p class=\"u-paragraph\" lazy=\"true\">Die Gewerkschaft ver.di hat diese Woche in mehreren Bundesl\u00e4ndern zu Warnstreiks aufgerufen. Davon sind Nordrhein-Westfalen, Bayern, Brandenburg, Hamburg und das Saarland betroffen. In Stuttgart kommt es im \u00d6PNV allerdings zu keinen Warnstreiks.<\/p>\n<p>Kein SSB-Streik in Stuttgart: Tarifeinigung in BW bereits erzielt<\/p>\n<p class=\"u-paragraph\" lazy=\"true\">Im Nahverkehr von Stuttgart, Karlsruhe und Co. drohen aktuell keine Ausst\u00e4nde mehr. Die Gewerkschaft Verdi und die Arbeitgeber haben sich laut der Deutschen Presse-Agentur (dpa) in Baden-W\u00fcrttemberg bereits am 10. M\u00e4rz 2026 mit dem kommunalen Arbeitgeberverband (KAV) geeinigt. Die Tarifparteien hatten seit Mitte Januar verhandelt. Anfang Februar hatten die Bus- und Bahnfahrer einen Tag lang ihre Arbeit niedergelegt. Im Mittelpunkt der Tarifverhandlungen standen die Arbeitsbedingungen.<\/p>\n<p class=\"u-paragraph\" lazy=\"true\">Der Abschluss umfasst demnach ein Gesamtpaket, das sowohl Verbesserungen f\u00fcr die Besch\u00e4ftigten als auch Planungssicherheit f\u00fcr die Betriebe schafft. Alle wesentlichen Ungerechtigkeiten bei Zuschl\u00e4gen und Eingruppierung werden behoben, so Verdi. So steigt beispielsweise der Nachtzugang um ein Viertel &#8211; und auch andere Zuschl\u00e4ge werden schrittweise erh\u00f6ht. Die Bezahlung von \u00dcberstunden werde ebenfalls verbessert. Der KAV betonte, dass die Einigung einen ausgewogenen Kompromiss darstellt. Sie erm\u00f6gliche Verbesserungen, ohne die kommunalen Haushalte \u00fcberm\u00e4\u00dfig zu belasten.<\/p>\n<p>&#13;<br \/>\n      &#13;<br \/>\n    &#13;<br \/>\n  &#13;<br \/>\n&#13;<br \/>\n&#13;<\/p>\n<p class=\"u-paragraph\" lazy=\"true\">Die kommunalen Nahverkehrsbetriebe besch\u00e4ftigen rund 6.700 Menschen im S\u00fcdwesten. Der Manteltarifvertrag mit allen Regelungen wird bis Ende Dezember 2029 verl\u00e4ngert. Die Friedenspflicht in diesem Kontext gilt bis Januar 2030.<\/p>\n<p>Aktuelle Warnstreiks diese Woche<\/p>\n<p class=\"u-paragraph\" lazy=\"true\">Die Warnstreiks diese Woche finden im Rahmen der bundesweiten Tarifrunde statt, in der laut Verdi die Arbeitsbedingungen f\u00fcr knapp 100.000 Besch\u00e4ftigte in 150 Unternehmen in allen Bundesl\u00e4ndern verhandelt werden. Zugleich geht es in Bayern, Brandenburg, Th\u00fcringen, dem Saarland und bei der Hamburger Hochbahn auch um die L\u00f6hne und Geh\u00e4lter der Besch\u00e4ftigten.<\/p>\n<p class=\"u-paragraph\" lazy=\"true\">\u201eWir haben in den L\u00e4ndern teils sehr unterschiedliche Verhandlungsst\u00e4nde\u201c, sagte die ver.di-Vizevorsitzende Christine Behle vor den n\u00e4chsten Warnstreiks im \u00d6PNV. \u201eWir rufen daher nur dort zu Streiks auf, wo es jetzt wirklich Druck braucht\u201c, sagte sie. W\u00e4hrend in Schleswig-Holstein und Baden-W\u00fcrttemberg bereits ein Tarifergebnis vorliegt, wird in fast allen anderen Bundesl\u00e4ndern noch verhandelt. Wegen der unterschiedlichen Tarifvertr\u00e4ge hat ver.di in jedem Land eigene Forderungen aufgestellt.<\/p>\n<p class=\"u-paragraph\" lazy=\"true\">Mit Material der dpa<\/p>\n","protected":false},"excerpt":{"rendered":"Diese Woche kommt es wieder zu Warnstreiks im \u00d6PNV. M\u00fcssen auch Fahrg\u00e4ste in Stuttgart mit Einschr\u00e4nkungen rechnen? 16.03.2026,&hellip;\n","protected":false},"author":2,"featured_media":873358,"comment_status":"","ping_status":"","sticky":false,"template":"","format":"standard","meta":{"footnotes":"","_share_on_mastodon":"0"},"categories":[1830],"tags":[1634,3364,29,30,1441],"class_list":["post-873357","post","type-post","status-publish","format-standard","has-post-thumbnail","category-stuttgart","tag-baden-wuerttemberg","tag-de","tag-deutschland","tag-germany","tag-stuttgart"],"share_on_mastodon":{"url":"https:\/\/pubeurope.com\/@de\/116239769959667050","error":""},"_links":{"self":[{"href":"https:\/\/www.europesays.com\/de\/wp-json\/wp\/v2\/posts\/873357","targetHints":{"allow":["GET"]}}],"collection":[{"href":"https:\/\/www.europesays.com\/de\/wp-json\/wp\/v2\/posts"}],"about":[{"href":"https:\/\/www.europesays.com\/de\/wp-json\/wp\/v2\/types\/post"}],"author":[{"embeddable":true,"href":"https:\/\/www.europesays.com\/de\/wp-json\/wp\/v2\/users\/2"}],"replies":[{"embeddable":true,"href":"https:\/\/www.europesays.com\/de\/wp-json\/wp\/v2\/comments?post=873357"}],"version-history":[{"count":0,"href":"https:\/\/www.europesays.com\/de\/wp-json\/wp\/v2\/posts\/873357\/revisions"}],"wp:featuredmedia":[{"embeddable":true,"href":"https:\/\/www.europesays.com\/de\/wp-json\/wp\/v2\/media\/873358"}],"wp:attachment":[{"href":"https:\/\/www.europesays.com\/de\/wp-json\/wp\/v2\/media?parent=873357"}],"wp:term":[{"taxonomy":"category","embeddable":true,"href":"https:\/\/www.europesays.com\/de\/wp-json\/wp\/v2\/categories?post=873357"},{"taxonomy":"post_tag","embeddable":true,"href":"https:\/\/www.europesays.com\/de\/wp-json\/wp\/v2\/tags?post=873357"}],"curies":[{"name":"wp","href":"https:\/\/api.w.org\/{rel}","templated":true}]}}