{"id":873359,"date":"2026-03-16T16:21:19","date_gmt":"2026-03-16T16:21:19","guid":{"rendered":"https:\/\/www.europesays.com\/de\/873359\/"},"modified":"2026-03-16T16:21:19","modified_gmt":"2026-03-16T16:21:19","slug":"s-bahn-stuttgart-fahrgaeste-erhalten-kein-geld-zurueck-trotz-chaos","status":"publish","type":"post","link":"https:\/\/www.europesays.com\/de\/873359\/","title":{"rendered":"S-Bahn Stuttgart: Fahrg\u00e4ste erhalten kein Geld zur\u00fcck trotz Chaos"},"content":{"rendered":"<p>Wer nicht wie bestellt liefert, muss Geld r\u00fcckerstatten. So ist das auch bei der Deutschen Bahn (DB) als Anbieter des Betriebs der S-Bahn Stuttgart: <a href=\"https:\/\/www.swr.de\/swraktuell\/baden-wuerttemberg\/stuttgart\/s-bahn-baustellen-sperrungen-probleme-unpuenktlichkeit-ersatzverkehr-100.html\" class=\"link link-inline inline-link\" title=\"&quot;Verl\u00e4sslichkeit derzeit massiv gest\u00f6rt&quot; - S-Bahn Stuttgart: Baustellen auf Rekordniveau, P\u00fcnktlichkeit auf Tiefpunkt\" rel=\"nofollow noopener\" target=\"_blank\">2025 gab es so viele Baustellen wie nie zuvor im S-Bahn-Netz der Region<\/a>. Und diese sorgen f\u00fcr Abweichungen vom Fahrplan und gravierende Zugausf\u00e4lle &#8211; auch im Zusammenhang mit Stuttgart 21, aber nicht nur. Der Verband Region Stuttgart (VRS), der den S-Bahn-Verkehr bestellt und einkauft, bekommt deshalb f\u00fcr 2025 eine Entsch\u00e4digung von rund zwei Millionen Euro von der Bahn. Und die Fahrg\u00e4ste als eigentlich Betroffene?<\/p>\n<p><img src=\"https:\/\/www.europesays.com\/de\/wp-content\/uploads\/2026\/03\/1713273393040,streik-hauptbahnhof-s-bahn-100~_v-16x9@2dS_-6be50a9c75559ca1aaf1d0b25bae287afdcd877a.j.jpeg\"   class=\"\" data-copyright=\"Foto: dpa Bildfunk, picture alliance\/dpa | Julian Rettig\" alt=\"Warten auf die S-Bahn: Das Jahr 2025 war f\u00fcr die Fahrg\u00e4ste ein Jahr der Pr\u00fcfung. (Symbolbild)\" title=\"Warten auf die S-Bahn: Das Jahr 2025 war f\u00fcr die Fahrg\u00e4ste ein Jahr der Pr\u00fcfung. (Symbolbild) (Foto: dpa Bildfunk, picture alliance\/dpa | Julian Rettig)\" width=\"320\" height=\"180\" loading=\"lazy\" decoding=\"async\"\/><\/p>\n<p>Warten auf die S-Bahn: Das Jahr 2025 war f\u00fcr die Fahrg\u00e4ste ein Jahr der Pr\u00fcfung. (Symbolbild)<\/p>\n<p><a href=\"https:\/\/www.picture-alliance.com\/\" target=\"_blank\" rel=\"external noopener noreferrer external nofollow\" class=\"link\" tabindex=\"-1\" itemprop=\"url\"><br \/>\ndpa Bildfunk<br \/>\n<\/a><\/p>\n<p><a rel=\"external nofollow\" class=\"link\" tabindex=\"-1\" itemprop=\"url\"><br \/>\npicture alliance\/dpa | Julian Rettig<br \/>\n<\/a><\/p>\n<p>VRS: Lieber p\u00fcnktliche S-Bahn als Entsch\u00e4digung <\/p>\n<p>Das Geld wird jedenfalls nicht, wie vielleicht von einigen erhofft, an die S-Bahn-Nutzerinnen und -Nutzer ausgezahlt. Das best\u00e4tigt Daniel Deubel, Leitender Direktor f\u00fcr Wirtschaft und Infrastruktur beim VRS, dem SWR. Insgesamt hat der VRS 2025 sogar 8,2 Millionen Euro von der Bahn erhalten. Von einem gro\u00dfen Teil musste der Verband aber Schienenersatzverkehr (SEV) finanzieren, um ausfallende Z\u00fcge zu kompensieren. Deshalb bleiben nur diese rund zwei Millionen Euro als tats\u00e4chliche Entsch\u00e4digung. Kein Grund zur Freude, so Deubel: Keine Entsch\u00e4digungen und daf\u00fcr zuverl\u00e4ssige S-Bahnen w\u00e4ren dem VRS deutlich lieber.<\/p>\n<blockquote class=\"quote-blockquote\">\n<p>Uns w\u00e4re es am liebsten, wir w\u00fcrden gar keine Entsch\u00e4digung bekommen, sondern die Bahn w\u00fcrde einfach p\u00fcnktlich fahren.<\/p>\n<\/blockquote>\n<p>Die zwei Millionen Euro will der VRS nun wieder investieren &#8211; in eine Verbesserung des SEV. In den vergangenen Jahren habe man davon zum Beispiel sogenannte Schienenersatzverkehr-K\u00fcmmerer finanziert, Wegeleitungen optimiert, Stellen geschaffen zur SEV-Koordination und \u00e4hnliches. So komme das Geld letztlich den leidgepr\u00fcften Fahrg\u00e4sten zugute. &#8222;F\u00fcr uns ist das Wichtigste, dass die Verkehre besser werden&#8220;, sagte Deubel. Im Falle einer Auszahlung an die Fahrg\u00e4ste w\u00e4ren es ohnehin nur wenige Euros, die der Verband pro Person auszahlen w\u00fcrde. <\/p>\n<p>Region Stuttgart<\/p>\n<p><a href=\"https:\/\/www.swr.de\/swraktuell\/baden-wuerttemberg\/stuttgart\/s-bahn-baustellen-sperrungen-probleme-unpuenktlichkeit-ersatzverkehr-100.html\" title=\"&quot;Verl\u00e4sslichkeit derzeit massiv gest\u00f6rt&quot; - S-Bahn Stuttgart: Baustellen auf Rekordniveau, P\u00fcnktlichkeit auf Tiefpunkt\" class=\"teasertracking clickzone link\" role=\"presentation\" tabindex=\"-1\" rel=\"nofollow noopener\" target=\"_blank\"><\/p>\n<p><img src=\"https:\/\/www.europesays.com\/de\/wp-content\/uploads\/2026\/03\/1773402466578,s-bahn-bad-cannstatt-102~_v-1x1@2dXS_-9a91314e681c924f29ec89ca45e4e12f5b1d728e.jpg\"   class=\"\" data-copyright=\"Foto: dpa Bildfunk, picture alliance\/dpa | Christoph Schmidt\" alt=\"eine S-Bahn und eine Regionalbahn im Bahnhof Stuttgart-Bad Cannstatt (Archivbild)\" title=\"eine S-Bahn und eine Regionalbahn im Bahnhof Stuttgart-Bad Cannstatt (Archivbild) (Foto: dpa Bildfunk, picture alliance\/dpa | Christoph Schmidt)\" width=\"320\" height=\"320\" loading=\"lazy\" decoding=\"async\"\/><\/p>\n<p><\/a><\/p>\n<p><a href=\"https:\/\/www.swr.de\/swraktuell\/baden-wuerttemberg\/stuttgart\/s-bahn-baustellen-sperrungen-probleme-unpuenktlichkeit-ersatzverkehr-100.html\" title=\"&quot;Verl\u00e4sslichkeit derzeit massiv gest\u00f6rt&quot; - S-Bahn Stuttgart: Baustellen auf Rekordniveau, P\u00fcnktlichkeit auf Tiefpunkt\" class=\"teasertracking clickzone link\" rel=\"nofollow noopener\" target=\"_blank\"><br \/>\n&#8222;Verl\u00e4sslichkeit derzeit massiv gest\u00f6rt&#8220;<br \/>\nS-Bahn Stuttgart: Baustellen auf Rekordniveau, P\u00fcnktlichkeit auf Tiefpunkt<br \/>\n<\/a><\/p>\n<p><a href=\"https:\/\/www.swr.de\/swraktuell\/baden-wuerttemberg\/stuttgart\/s-bahn-baustellen-sperrungen-probleme-unpuenktlichkeit-ersatzverkehr-100.html\" title=\"&quot;Verl\u00e4sslichkeit derzeit massiv gest\u00f6rt&quot; - S-Bahn Stuttgart: Baustellen auf Rekordniveau, P\u00fcnktlichkeit auf Tiefpunkt\" class=\"teasertracking clickzone link\" rel=\"nofollow noopener\" target=\"_blank\"><\/p>\n<p>Die S-Bahn gilt als R\u00fcckgrat des \u00f6ffentlichen Verkehrs in der Region Stuttgart. Doch 2025 war f\u00fcr Fahrg\u00e4ste besonders bitter. Ein Grund sind die vielen Baustellen. Wie sieht 2026 aus?\n<\/p>\n<p><\/a><\/p>\n<p>Verkehrsclub: Geld zu erstatten w\u00e4re nur symbolischer Akt<\/p>\n<p>Laut Gero Treuner vom Verkehrsclub Baden-W\u00fcrttemberg w\u00e4re eine Auszahlung an die Fahrg\u00e4ste eh nur ein symbolischer Akt. &#8222;Ein voller Ausgleich k\u00f6nnte so eine Entsch\u00e4digung nicht sein. Daf\u00fcr sind die Beeintr\u00e4chtigungen zu gro\u00df&#8220;, sagt Treuner. Er selbst sei momentan \u00fcberfordert mit den vielen Baustellen-Meldungen und komme nicht mehr hinterher. Die Baustellen-Situation beschreibt Treuner als &#8222;dramatisch&#8220;. Das sehen viele Fahrg\u00e4ste, besonders im Rems-Murr-Kreis, aufgrund der<a href=\"https:\/\/www.swr.de\/swraktuell\/baden-wuerttemberg\/stuttgart\/sperrung-bahn-b14-stau-behinderungen-100.html\" class=\"link link-inline inline-link\" title=\"24. Februar bis 25. M\u00e4rz 2026 - Neue Staus rund um Stuttgart erwartet: Was eine Bahnsperrung damit zu tun hat\" rel=\"nofollow noopener\" target=\"_blank\"> aktuellen Sperrung zwischen Bad Cannstatt und Fellbach<\/a> auch so.<\/p>\n<p>Stuttgart<\/p>\n<p><a href=\"https:\/\/www.swr.de\/swraktuell\/baden-wuerttemberg\/stuttgart\/schienenersatzverkehr-s-bahn-verband-region-verbesserung-s21-digitaler-knoten-100.html\" title=\"S-Bahnverkehr eingeschr\u00e4nkt wegen Stuttgart 21 - Chaos im Schienenersatzverkehr in der Region Stuttgart - so soll er besser werden\" class=\"teasertracking clickzone link\" role=\"presentation\" tabindex=\"-1\" rel=\"nofollow noopener\" target=\"_blank\"><\/p>\n<p><img src=\"https:\/\/www.europesays.com\/de\/wp-content\/uploads\/2026\/03\/1769161331826,verband-region-stuttgart-verbessert-schienenersatzverkehr-102~_v-1x1@2dXS_-9a91314e681.jpeg\"   class=\"\" data-copyright=\"Foto: dpa Bildfunk, Marijan Murat\" alt=\"Ein Aufkleber weist an einer Ersatzhaltestelle auf Schienenersatzverkehr hin\" title=\"Ein Aufkleber weist an einer Ersatzhaltestelle auf Schienenersatzverkehr hin (Foto: dpa Bildfunk, Marijan Murat)\" width=\"320\" height=\"320\" loading=\"lazy\" decoding=\"async\"\/><\/p>\n<p><\/a><\/p>\n<p><a href=\"https:\/\/www.swr.de\/swraktuell\/baden-wuerttemberg\/stuttgart\/schienenersatzverkehr-s-bahn-verband-region-verbesserung-s21-digitaler-knoten-100.html\" title=\"S-Bahnverkehr eingeschr\u00e4nkt wegen Stuttgart 21 - Chaos im Schienenersatzverkehr in der Region Stuttgart - so soll er besser werden\" class=\"teasertracking clickzone link\" rel=\"nofollow noopener\" target=\"_blank\"><br \/>\nS-Bahnverkehr eingeschr\u00e4nkt wegen Stuttgart 21<br \/>\nChaos im Schienenersatzverkehr in der Region Stuttgart &#8211; so soll er besser werden<br \/>\n<\/a><\/p>\n<p><a href=\"https:\/\/www.swr.de\/swraktuell\/baden-wuerttemberg\/stuttgart\/schienenersatzverkehr-s-bahn-verband-region-verbesserung-s21-digitaler-knoten-100.html\" title=\"S-Bahnverkehr eingeschr\u00e4nkt wegen Stuttgart 21 - Chaos im Schienenersatzverkehr in der Region Stuttgart - so soll er besser werden\" class=\"teasertracking clickzone link\" rel=\"nofollow noopener\" target=\"_blank\"><\/p>\n<p>Wegen Bauarbeiten f\u00fcr Stuttgart 21 rechnet der Verband Region Stuttgart weiter mit Einschr\u00e4nkungen bei den Regionalbahnen. Ein besserer Schienenersatzverkehr soll helfen.\n<\/p>\n<p><\/a><\/p>\n<p>Auch die Regelungen der DB macht den Baustellen-geplagten Fahrg\u00e4sten in der Region wenig Hoffnung auf Entsch\u00e4digung. Denn laut DB sind die mit Baustellen verbundenen Einschr\u00e4nkungen im Zug-Angebot und planm\u00e4\u00dfig l\u00e4ngere SEV-Fahrzeiten (unter anderem mit Bussen) keine Grundlage f\u00fcr Entsch\u00e4digung. Bedeutet: Entsch\u00e4digung an Fahrg\u00e4ste seitens der DB gibt es erst, wenn zum Beispiel der Schienenersatzverkehr au\u00dferplanm\u00e4\u00dfig sp\u00e4ter ankommt. <\/p>\n<p>F\u00fcr Entsch\u00e4digung m\u00fcsste auch der SEV sehr fehlerhaft sein<\/p>\n<p>F\u00fcr alle, die ein Deutschlandticket besitzen und im Nahverkehr eine Versp\u00e4tung von mindestens 60 Minuten haben, gibt es <a href=\"https:\/\/www.bahn.de\/faq\/deutschlandticket-verspaetung-erstattung\" class=\"link link-inline inline-link\" title=\"Versp\u00e4tung im Nahverkehr\" target=\"_blank\" rel=\"external noopener noreferrer nofollow\" data-pjax=\"0\">1,50 Euro Entsch\u00e4digung pro Fall<\/a>. Aber: Beitr\u00e4ge unter 4 Euro werden aufgrund einer gesetzlichen Bagatellgrenze nicht ausgezahlt. Zumindest in der Theorie gibt es da eine gute Nachricht: Fahrg\u00e4ste k\u00f6nnen mehrere Versp\u00e4tungsf\u00e4lle sammeln, f\u00fcr jeden ein Fahrgastformular ausf\u00fcllen und beim Fahrgastservice einreichen. Maximal werden pro Monat 25 Prozent der Kosten f\u00fcr das Deutschlandticket zur\u00fcckerstattet. In der Praxis liegen die H\u00fcrden und der Aufwand so hoch, dass kaum einer diese Erstattung einfordern wird.<\/p>\n","protected":false},"excerpt":{"rendered":"Wer nicht wie bestellt liefert, muss Geld r\u00fcckerstatten. So ist das auch bei der Deutschen Bahn (DB) als&hellip;\n","protected":false},"author":2,"featured_media":873360,"comment_status":"","ping_status":"","sticky":false,"template":"","format":"standard","meta":{"footnotes":"","_share_on_mastodon":"0"},"categories":[1830],"tags":[1634,3364,29,30,1441],"class_list":["post-873359","post","type-post","status-publish","format-standard","has-post-thumbnail","category-stuttgart","tag-baden-wuerttemberg","tag-de","tag-deutschland","tag-germany","tag-stuttgart"],"share_on_mastodon":{"url":"https:\/\/pubeurope.com\/@de\/116239773780071742","error":""},"_links":{"self":[{"href":"https:\/\/www.europesays.com\/de\/wp-json\/wp\/v2\/posts\/873359","targetHints":{"allow":["GET"]}}],"collection":[{"href":"https:\/\/www.europesays.com\/de\/wp-json\/wp\/v2\/posts"}],"about":[{"href":"https:\/\/www.europesays.com\/de\/wp-json\/wp\/v2\/types\/post"}],"author":[{"embeddable":true,"href":"https:\/\/www.europesays.com\/de\/wp-json\/wp\/v2\/users\/2"}],"replies":[{"embeddable":true,"href":"https:\/\/www.europesays.com\/de\/wp-json\/wp\/v2\/comments?post=873359"}],"version-history":[{"count":0,"href":"https:\/\/www.europesays.com\/de\/wp-json\/wp\/v2\/posts\/873359\/revisions"}],"wp:featuredmedia":[{"embeddable":true,"href":"https:\/\/www.europesays.com\/de\/wp-json\/wp\/v2\/media\/873360"}],"wp:attachment":[{"href":"https:\/\/www.europesays.com\/de\/wp-json\/wp\/v2\/media?parent=873359"}],"wp:term":[{"taxonomy":"category","embeddable":true,"href":"https:\/\/www.europesays.com\/de\/wp-json\/wp\/v2\/categories?post=873359"},{"taxonomy":"post_tag","embeddable":true,"href":"https:\/\/www.europesays.com\/de\/wp-json\/wp\/v2\/tags?post=873359"}],"curies":[{"name":"wp","href":"https:\/\/api.w.org\/{rel}","templated":true}]}}