{"id":873389,"date":"2026-03-16T16:44:21","date_gmt":"2026-03-16T16:44:21","guid":{"rendered":"https:\/\/www.europesays.com\/de\/873389\/"},"modified":"2026-03-16T16:44:21","modified_gmt":"2026-03-16T16:44:21","slug":"musikerin-diane-warren-geht-seit-17-jahren-leer-aus","status":"publish","type":"post","link":"https:\/\/www.europesays.com\/de\/873389\/","title":{"rendered":"Musikerin Diane Warren geht seit 17 Jahren leer aus"},"content":{"rendered":"<p>Diane Warren <\/p>\n<p>Musikerin geht zum 17. Mal bei den Oscars leer aus<\/p>\n<p>Aktualisiert am 16.03.2026 &#8211; 11:20 UhrLesedauer: 2 Min.<\/p>\n<p><a href=\"#focus-0\" class=\"transition-colors duration-200 block text-current relative\" data-sctrack=\"FocusGalleryImage.Reference\"><img fetchpriority=\"high\" data-testid=\"Opener.Image\" style=\"--lqipURL:url('https:\/\/images.t-online.de\/2026\/03\/IlVwGMAKrJiO\/0x193:1123x632\/fit-in\/150x0\/filters:blur(25)\/diane-warren-ihre-erste-nominierung-war-1988.jpg')\"   loading=\"eager\" src=\"https:\/\/www.europesays.com\/de\/wp-content\/uploads\/2026\/03\/diane-warren-ihre-erste-nominierung-war-1988.jpg\" alt=\"Diane Warren: Ihre erste Nominierung war 1988.\" title=\"Diane Warren: Ihre erste Nominierung war 1988.\" width=\"1123\" height=\"632\" class=\"bg-[url:var(--lqipURL)] bg-cover bg-center flex h-full w-full max-w-full\" decoding=\"async\"\/><img style=\"--width:32;--height:32\" loading=\"lazy\" src=\"https:\/\/www.t-online.de\/s\/paper\/_next\/static\/media\/zoom-in.f7dae02f.svg\" alt=\"Vergr\u00f6\u00dfern des Bildes\" title=\"Vergr\u00f6\u00dfern des Bildes\" class=\"block h-[calc(var(--height)_\/_16_*_1rem)] w-[calc(var(--width)_\/_16_*_1rem)] max-w-none absolute bottom-8 right-8 rounded-4 bg-snow p-8\" decoding=\"async\"\/><\/a><\/p>\n<p>Diane Warren: Ihre erste Nominierung war 1988. (Quelle: AP Photo\/Gregory Bull)<\/p>\n<p class=\"font-bold text-18 leading-17 user-text-lg:text-22 user-text-xl:text-24\">Musikerin Diane Warren hat bei den Oscars ihre Pechstr\u00e4hne fortgesetzt und damit wohl einen Rekord aufgestellt.<\/p>\n<p class=\"text-18 leading-17 user-text-lg:text-22 user-text-xl:text-24\">In der Nacht auf Montag wurden die diesj\u00e4hrigen Academy Awards vergeben. Es war die 98. Oscarverleihung. Unter anderem wurde &#8222;One Battle After Another&#8220; als Bester Film ausgezeichnet, Jessie Buckley erhielt den Preis als Beste Schauspielerin f\u00fcr &#8222;Hamnet&#8220;. Eine Person ging an diesem Abend jedoch leer aus \u2013 und das nicht zum ersten Mal.<\/p>\n<p class=\"text-18 leading-17 user-text-lg:text-22 user-text-xl:text-24\">Musikerin Diane Warren wurde bereits 17-mal f\u00fcr einen Oscar nominiert, 1988 hatte sie ihre erste Chance auf einen Goldjungen. Gewonnen hat sie bislang keinen. In diesem Jahr wurde die 69-j\u00e4hrige Komponistin und Songwriterin mit dem Lied &#8222;Dear Me&#8220; f\u00fcr den Besten Filmsong nominiert. Die Troph\u00e4e ging dann jedoch an den Netflix-Hit &#8222;KPop Demon Hunters&#8220;. Berichten zufolge hat sie mit ihrer Pechstr\u00e4hne jetzt sogar einen Rekord aufgestellt.<\/p>\n<p class=\"text-18 leading-17 user-text-lg:text-22 user-text-xl:text-24\">Diane Warren war 1988 f\u00fcr das Lied &#8222;Nothing&#8217;s Gonna Stop Us Now&#8220; im Film &#8222;Mannequin&#8220; f\u00fcr den Oscar nominiert worden, verlor das Rennen in dem Jahr jedoch gegen einen Song aus dem Film &#8222;Dirty Dancing&#8220;. Seitdem war sie f\u00fcr Songs aus Filmen wie &#8222;Armageddon&#8220;, &#8222;Pearl Harbor&#8220; und &#8222;The Hunting Ground&#8220; nominiert worden. Vergangenes Jahr hatte sie gegen das Lied &#8222;El Mal&#8220; aus &#8222;Emilia P\u00e9rez&#8220; verloren.<\/p>\n<p class=\"text-18 leading-17 user-text-lg:text-22 user-text-xl:text-24\">Mit der erneuten Entt\u00e4uschung am Sonntagabend hat Diane Warren nun Medienberichten zufolge den Tontechniker Greg P. Russell als gr\u00f6\u00dften Oscar-Pechvogel \u00fcberholt. Laut &#8222;Entertainment Weekly&#8220; und &#8222;The Guardian&#8220; ist die Musikerin nun die Person mit den meisten Oscarnominierungen ohne Gewinn.<\/p>\n<p class=\"text-18 leading-17 user-text-lg:text-22 user-text-xl:text-24\">Ein Trostpflaster gibt es f\u00fcr sie aber: 2022 wurde die K\u00fcnstlerin von der Filmakademie mit einem Ehren-Oscar ausgezeichnet.<\/p>\n","protected":false},"excerpt":{"rendered":"Diane Warren Musikerin geht zum 17. Mal bei den Oscars leer aus Aktualisiert am 16.03.2026 &#8211; 11:20 UhrLesedauer:&hellip;\n","protected":false},"author":2,"featured_media":873390,"comment_status":"","ping_status":"","sticky":false,"template":"","format":"standard","meta":{"footnotes":"","_share_on_mastodon":"0"},"categories":[1772],"tags":[188090,29,192997,214,30,192998,1779,810,2846,3583,24602,155913,215],"class_list":["post-873389","post","type-post","status-publish","format-standard","has-post-thumbnail","category-musik","tag-188090","tag-deutschland","tag-diane-warren","tag-entertainment","tag-germany","tag-jessie-buckley","tag-music","tag-musik","tag-netflix","tag-oscar","tag-oscarverleihung","tag-pechstraehne","tag-unterhaltung"],"share_on_mastodon":{"url":"https:\/\/pubeurope.com\/@de\/116239864076617802","error":""},"_links":{"self":[{"href":"https:\/\/www.europesays.com\/de\/wp-json\/wp\/v2\/posts\/873389","targetHints":{"allow":["GET"]}}],"collection":[{"href":"https:\/\/www.europesays.com\/de\/wp-json\/wp\/v2\/posts"}],"about":[{"href":"https:\/\/www.europesays.com\/de\/wp-json\/wp\/v2\/types\/post"}],"author":[{"embeddable":true,"href":"https:\/\/www.europesays.com\/de\/wp-json\/wp\/v2\/users\/2"}],"replies":[{"embeddable":true,"href":"https:\/\/www.europesays.com\/de\/wp-json\/wp\/v2\/comments?post=873389"}],"version-history":[{"count":0,"href":"https:\/\/www.europesays.com\/de\/wp-json\/wp\/v2\/posts\/873389\/revisions"}],"wp:featuredmedia":[{"embeddable":true,"href":"https:\/\/www.europesays.com\/de\/wp-json\/wp\/v2\/media\/873390"}],"wp:attachment":[{"href":"https:\/\/www.europesays.com\/de\/wp-json\/wp\/v2\/media?parent=873389"}],"wp:term":[{"taxonomy":"category","embeddable":true,"href":"https:\/\/www.europesays.com\/de\/wp-json\/wp\/v2\/categories?post=873389"},{"taxonomy":"post_tag","embeddable":true,"href":"https:\/\/www.europesays.com\/de\/wp-json\/wp\/v2\/tags?post=873389"}],"curies":[{"name":"wp","href":"https:\/\/api.w.org\/{rel}","templated":true}]}}