{"id":873423,"date":"2026-03-16T17:05:14","date_gmt":"2026-03-16T17:05:14","guid":{"rendered":"https:\/\/www.europesays.com\/de\/873423\/"},"modified":"2026-03-16T17:05:14","modified_gmt":"2026-03-16T17:05:14","slug":"radfahrer-sprechen-ueber-gefaehrliche-situationen","status":"publish","type":"post","link":"https:\/\/www.europesays.com\/de\/873423\/","title":{"rendered":"Radfahrer sprechen \u00fcber gef\u00e4hrliche Situationen"},"content":{"rendered":"<p class=\"mb-6 text-xs md:text-m lg:text-l font-serif group-[.font-sans]:font-sans \">\n    Wer in einer Gro\u00dfstadt wie <a href=\"https:\/\/www.augsburger-allgemeine.de\/augsburg\/\" target=\"_self\" class=\"underline \" rel=\"nofollow noopener\">Augsburg<\/a> regelm\u00e4\u00dfig aufs Fahrrad steigt, kennt sie. Diese Momente, in denen man haarscharf an einem Unfall vorbeischrammt\u00a0\u2013 wortw\u00f6rtlich. <a href=\"https:\/\/www.augsburger-allgemeine.de\/augsburg\/augsburg-diese-strassen-sind-augsburgs-neuralgische-punkte-wo-es-besonders-haeufig-unfaelle-gibt-113660184\" target=\"_self\" class=\"underline \" rel=\"nofollow noopener\">Ein Fahrzeug \u00fcberholt zu knapp, f\u00e4hrt zu weit auf den Fahrradstreifen oder nimmt einem an der Ampel gar die Vorfahrt.<\/a> Auf unseren Social-Media-Kan\u00e4len haben wir Leserinnen und Leser nach ebensolchen Situationen gefragt. Eine Nutzerin schrieb uns: \u201eEs passiert leider fast jeden Tag etwas Gef\u00e4hrliches, vor allem wenn <a href=\"https:\/\/www.ka-news.de\/auto\" target=\"_self\" class=\"underline \" rel=\"nofollow noopener\">Autos<\/a> abbiegen.\u201c Ein anderer erz\u00e4hlte, dass er an der Br\u00fccke beim B\u00e4renwirt bremsen musste, weil ein Auto bei Rot \u00fcber die Ampel gefahren war. In der Folge sei er gest\u00fcrzt und habe sich das Schl\u00fcsselbein gebrochen. <a href=\"https:\/\/www.augsburger-allgemeine.de\/neu-ulm\/autotuer-geht-ploetzlich-auf-60-jaehrige-radfahrerin-stuerzt-112974403\" target=\"_self\" class=\"underline \" rel=\"nofollow noopener\">Einen Unfall hatten die folgenden Radlerinnen und Radler zwar noch nicht<\/a> \u2013 aber fast. Drei Berichte von Situationen, die gerade noch einmal gut gegangen sind.\n  <\/p>\n<ul data-module-id=\"DragDropModule\" class=\"flex flex-wrap justify-start group-[.no-bookmarks]:hidden\">\n<li class=\"mb-3 mr-3\">\n    Sophia Krotter<\/p>\n<p>      Icon Haken im Kreis gesetzt<\/p>\n<p>      Icon Plus im Kreis<\/p>\n<\/li>\n<li class=\"mb-3 mr-3\">\n    Augsburg<\/p>\n<p>      Icon Haken im Kreis gesetzt<\/p>\n<p>      Icon Plus im Kreis<\/p>\n<\/li>\n<li class=\"mb-3 mr-3\">\n    Auto<\/p>\n<p>      Icon Haken im Kreis gesetzt<\/p>\n<p>      Icon Plus im Kreis<\/p>\n<\/li>\n<\/ul>\n","protected":false},"excerpt":{"rendered":"Wer in einer Gro\u00dfstadt wie Augsburg regelm\u00e4\u00dfig aufs Fahrrad steigt, kennt sie. Diese Momente, in denen man haarscharf&hellip;\n","protected":false},"author":2,"featured_media":873424,"comment_status":"","ping_status":"","sticky":false,"template":"","format":"standard","meta":{"footnotes":"","_share_on_mastodon":"0"},"categories":[1846],"tags":[680,513,145255,772,193002,3364,29,548,663,3934,1234,514,30,13,155397,30443,193003,14,15,12,1284],"class_list":["post-873423","post","type-post","status-publish","format-standard","has-post-thumbnail","category-augsburg","tag-augsburg","tag-auto","tag-aystetten","tag-bayern","tag-daniel-preis","tag-de","tag-deutschland","tag-eu","tag-europa","tag-europe","tag-fahrrad","tag-fahrzeug","tag-germany","tag-headlines","tag-inningen","tag-lechhausen","tag-lisa-unger","tag-nachrichten","tag-news","tag-schlagzeilen","tag-unfall"],"share_on_mastodon":{"url":"https:\/\/pubeurope.com\/@de\/116239946774664699","error":""},"_links":{"self":[{"href":"https:\/\/www.europesays.com\/de\/wp-json\/wp\/v2\/posts\/873423","targetHints":{"allow":["GET"]}}],"collection":[{"href":"https:\/\/www.europesays.com\/de\/wp-json\/wp\/v2\/posts"}],"about":[{"href":"https:\/\/www.europesays.com\/de\/wp-json\/wp\/v2\/types\/post"}],"author":[{"embeddable":true,"href":"https:\/\/www.europesays.com\/de\/wp-json\/wp\/v2\/users\/2"}],"replies":[{"embeddable":true,"href":"https:\/\/www.europesays.com\/de\/wp-json\/wp\/v2\/comments?post=873423"}],"version-history":[{"count":0,"href":"https:\/\/www.europesays.com\/de\/wp-json\/wp\/v2\/posts\/873423\/revisions"}],"wp:featuredmedia":[{"embeddable":true,"href":"https:\/\/www.europesays.com\/de\/wp-json\/wp\/v2\/media\/873424"}],"wp:attachment":[{"href":"https:\/\/www.europesays.com\/de\/wp-json\/wp\/v2\/media?parent=873423"}],"wp:term":[{"taxonomy":"category","embeddable":true,"href":"https:\/\/www.europesays.com\/de\/wp-json\/wp\/v2\/categories?post=873423"},{"taxonomy":"post_tag","embeddable":true,"href":"https:\/\/www.europesays.com\/de\/wp-json\/wp\/v2\/tags?post=873423"}],"curies":[{"name":"wp","href":"https:\/\/api.w.org\/{rel}","templated":true}]}}