{"id":873484,"date":"2026-03-16T17:39:15","date_gmt":"2026-03-16T17:39:15","guid":{"rendered":"https:\/\/www.europesays.com\/de\/873484\/"},"modified":"2026-03-16T17:39:15","modified_gmt":"2026-03-16T17:39:15","slug":"kirchen-in-bremen-und-bremerhaven-verlieren-mehr-als-7-500-mitglieder","status":"publish","type":"post","link":"https:\/\/www.europesays.com\/de\/873484\/","title":{"rendered":"Kirchen in Bremen und Bremerhaven verlieren mehr als 7.500 Mitglieder"},"content":{"rendered":"<p class=\"article-toplinewrapper\">\n<p>Standdatum: 16. M\u00e4rz 2026.<\/p>\n<p>Audio<\/p>\n<p><img decoding=\"async\" class=\"image -image-with-fallback -image-rounded  lazyload\" src=\"data:image\/gif;base64,R0lGODlhEAAJAIAAAP\/\/\/\/\/\/\/yH5BAEKAAEALAAAAAAQAAkAAAIKjI+py+0Po5yUFQA7\"   alt=\"Die katholische Kirche der Gemeinde St. Johann w\u00e4hrend eines Gottesdienstes.\" data-image-owner=\"Radio Bremen\" data-image-title=\"Die katholische Kirche der Gemeinde St. Johann w\u00e4hrend eines Gottesdienstes.\" data-image-src=\"https:\/\/www.butenunbinnen.de\/bilder\/kirche-102~_v-800x450_c-1773682474582.jpg\" data-image-rights-src=\"\/bilder\/kirche-102~_v-640x360_c-1773682474582.jpg\"\/><\/p>\n<p>Auch hier bleiben die Kirchenb\u00e4nke teilweise leer: die katholische Kirche St. Johann im Bremer Schnoor.<\/p>\n<p>Bild: Radio Bremen<\/p>\n<p>Audio-Ende<\/p>\n<p class=\"article-intro\">Die Bremische Evangelische Kirche meldet f\u00fcr das vergangene Jahr rund 6.500 Mitglieder weniger als im Vorjahr. Die katholische Kirche verlor landesweit gut 1.100 Gl\u00e4ubige.<\/p>\n<p>Mehr als 740 entfallen auf das Bremer Stadtgebiet, das zum Bistum Osnabr\u00fcck geh\u00f6rt, und weitere 366 auf Bremen-Nord und Bremerhaven, die Teil des Bistums Hildesheim sind. Insgesamt z\u00e4hlt die katholische Kirche im Land Bremen somit aktuell noch mehr als 61.100 Mitglieder. Die Bremische Evangelische Kirche meldet hingegen etwa 145.000 Mitglieder.<\/p>\n<p>130.000 Mitglieder weniger in Niedersachsen und Bremen<\/p>\n<p>Auch in Niedersachsen gehen die Mitgliederzahlen der evangelischen und katholischen Kirche weiter zur\u00fcck. Den sechs evangelischen Landeskirchen und drei katholischen Bist\u00fcmern in Bremen und Niedersachsen geh\u00f6rten zum Stichtag 31. Dezember 2025 in beiden Bundesl\u00e4ndern insgesamt noch rund 4,09 Millionen Menschen an, wie die Kirchen mitteilten. Darunter sind 2,88 Millionen Protestanten und 1,21 Millionen Katholiken. <\/p>\n<p>Damit haben die beiden gro\u00dfen Kirchen in Niedersachsen und Bremen gegen\u00fcber dem Vorjahr rund 130.000 Menschen verloren. Verantwortlich daf\u00fcr waren vor allem Austritte und Sterbef\u00e4lle.<\/p>\n<p>Ein Viertel der Bremerinnen und Bremer ist evangelisch<\/p>\n<p>Der Anteil der Protestanten in Niedersachsen liegt den Zahlen zufolge aktuell etwa bei rund 35 Prozent. In Bremen ist noch ein knappes Viertel der Einwohnerinnen und Einwohner evangelisch. In den vergangenen zehn Jahren hat die bremische Kirche knapp somit ein Drittel ihrer Mitglieder verloren.<\/p>\n<p>F\u00fcr die katholische Kirche lassen sich Niedersachsen und Bremen schwer auseinanderrechnen, die Bist\u00fcmer umfassen beide L\u00e4nder. Nicht in der Statistik enthalten sind die Freikirchen.<\/p>\n<p>Mehr Eintritte in Oldenburg<\/p>\n<p>Bei den Zahlen zu Austritten und Eintritten sowie Taufen und Sterbef\u00e4llen gab es unterschiedliche Tendenzen: Oldenburg und Braunschweig meldeten leicht gesunkene Austrittszahlen, in Bremen stiegen sie dagegen. Braunschweig und Bremen verzeichneten mehr Taufen, Oldenburg dagegen weniger. In Oldenburg stieg gegen\u00fcber dem Vorjahr auch die Zahl der Eintritte.<\/p>\n<p>Insgesamt konnten aber positive Tendenzen den Mitgliederverlust nicht auch nur ann\u00e4hernd wettmachen: In einigen Landeskirchen erreichte die Zahl der Austritte die der verstorbenen Kirchenmitglieder oder \u00fcberschritt sie sogar.<\/p>\n<p>Mehr zu Kirchen in Bremen:<\/p>\n<p class=\"article-legal-agencies\"><strong>Quellen<\/strong>:<br \/>\nbuten un binnen und epd.\n<\/p>\n<p class=\"article-legal-broadcast-reference\"><strong>Dieses Thema im Programm:<\/strong><br \/>\nBremen Eins, Rundschau, 16. M\u00e4rz 2026, 16:00 Uhr<\/p>\n","protected":false},"excerpt":{"rendered":"Standdatum: 16. M\u00e4rz 2026. Audio Auch hier bleiben die Kirchenb\u00e4nke teilweise leer: die katholische Kirche St. Johann im&hellip;\n","protected":false},"author":2,"featured_media":873485,"comment_status":"","ping_status":"","sticky":false,"template":"","format":"standard","meta":{"footnotes":"","_share_on_mastodon":"0"},"categories":[1824],"tags":[2420,3364,29,30],"class_list":["post-873484","post","type-post","status-publish","format-standard","has-post-thumbnail","category-bremen","tag-bremen","tag-de","tag-deutschland","tag-germany"],"share_on_mastodon":{"url":"https:\/\/pubeurope.com\/@de\/116240080335697289","error":""},"_links":{"self":[{"href":"https:\/\/www.europesays.com\/de\/wp-json\/wp\/v2\/posts\/873484","targetHints":{"allow":["GET"]}}],"collection":[{"href":"https:\/\/www.europesays.com\/de\/wp-json\/wp\/v2\/posts"}],"about":[{"href":"https:\/\/www.europesays.com\/de\/wp-json\/wp\/v2\/types\/post"}],"author":[{"embeddable":true,"href":"https:\/\/www.europesays.com\/de\/wp-json\/wp\/v2\/users\/2"}],"replies":[{"embeddable":true,"href":"https:\/\/www.europesays.com\/de\/wp-json\/wp\/v2\/comments?post=873484"}],"version-history":[{"count":0,"href":"https:\/\/www.europesays.com\/de\/wp-json\/wp\/v2\/posts\/873484\/revisions"}],"wp:featuredmedia":[{"embeddable":true,"href":"https:\/\/www.europesays.com\/de\/wp-json\/wp\/v2\/media\/873485"}],"wp:attachment":[{"href":"https:\/\/www.europesays.com\/de\/wp-json\/wp\/v2\/media?parent=873484"}],"wp:term":[{"taxonomy":"category","embeddable":true,"href":"https:\/\/www.europesays.com\/de\/wp-json\/wp\/v2\/categories?post=873484"},{"taxonomy":"post_tag","embeddable":true,"href":"https:\/\/www.europesays.com\/de\/wp-json\/wp\/v2\/tags?post=873484"}],"curies":[{"name":"wp","href":"https:\/\/api.w.org\/{rel}","templated":true}]}}