{"id":873486,"date":"2026-03-16T17:40:13","date_gmt":"2026-03-16T17:40:13","guid":{"rendered":"https:\/\/www.europesays.com\/de\/873486\/"},"modified":"2026-03-16T17:40:13","modified_gmt":"2026-03-16T17:40:13","slug":"dutzende-apotheken-streiken-ende-maerz-in-bremen-hintergruende","status":"publish","type":"post","link":"https:\/\/www.europesays.com\/de\/873486\/","title":{"rendered":"Dutzende Apotheken streiken Ende M\u00e4rz in Bremen \u2013 Hintergr\u00fcnde"},"content":{"rendered":"<ul>\n<li>Mindestens 27 Apotheken in Bremen bleiben am 23. M\u00e4rz wegen eines bundesweiten Protesttags der Apothekerschaft geschlossen; weitere k\u00f6nnten kurzfristig hinzukommen.<\/li>\n<li>Laut Apothekerkammer wird die Versorgung durch drei Notdienstapotheken in Bremen und eine in Bremerhaven sowie ge\u00f6ffnete Apotheken gesichert, Patienten m\u00fcssen dennoch l\u00e4ngere Wege einkalkulieren.<\/li>\n<li>Hintergrund des Protests ist aus Sicht der Apothekerschaft die \u201eexistenzbedrohende Situation durch chronische Unterfinanzierung\u201c, sie fordert eine Erh\u00f6hung des Apothekenhonorars und weitere Ma\u00dfnahmen.<\/li>\n<\/ul>\n<p>            Mehr anzeigen<br \/>\n            Weniger anzeigen<\/p>\n<p>\n     In Bremen k\u00f6nnten Ende M\u00e4rz zahlreiche <a href=\"https:\/\/www.weser-kurier.de\/thema\/apotheke-q13107184\/\" rel=\"nofollow noopener\" target=\"_blank\">Apotheke<\/a>n geschlossen bleiben. Hintergrund ist ein <a href=\"https:\/\/www.weser-kurier.de\/bremen\/stadtteil-borgfeld\/kunden-zeigen-ueberwiegend-verstaendnis-fuer-den-protest-der-apotheker-doc7qn4i12xr5x13fzt3h0t\" rel=\"nofollow noopener\" target=\"_blank\">bundesweiter Protesttag der Apothekerschaft<\/a> am 23. M\u00e4rz, zu dem die Bundesvereinigung Deutscher Apothekerverb\u00e4nde (ABDA) aufgerufen hat. Auch in Bremen beteiligen sich Apotheken an der Aktion.\n<\/p>\n<p>Mehr als die H\u00e4lfte der Apotheken geschlossen? <\/p>\n<p>Nach aktuellem Stand haben sich 27 Apotheken f\u00fcr den Protest registriert. &#8222;So wie es ausschaut, werden noch weitere Apotheken kurzfristig dazu kommen&#8220;, sagt Isabel Justus, Gesch\u00e4ftsf\u00fchrerin der Apothekerkammer Bremen. Die Apothekerschaft gehe deshalb davon aus, dass mehr als die H\u00e4lfte der Apotheken in Bremen an diesem Tag geschlossen bleibt.<\/p>\n<p>    <a href=\"https:\/\/www.weser-kurier.de\/bremen\/apotheken-in-bremen-sollen-mehr-impfungen-anbieten-doc82fj5pbyenk1j4ijvve\" rel=\"nofollow noopener\" target=\"_blank\">Derzeit gibt es laut Apothekerkammer 118 Apotheken in Bremen.<\/a> Die Versorgung der Patientinnen und Patienten soll trotz der Protestaktion sichergestellt werden. &#8222;Zum einen wird die Versorgung der Bev\u00f6lkerung durch die Notdienstapotheken sichergestellt, dies sind drei in Bremen und eine in Bremerhaven&#8220;, erkl\u00e4rt Justus. Au\u00dferdem w\u00fcrden die Apotheken, die sich nicht an der Protestaktion beteiligen, ge\u00f6ffnet bleiben.\n<\/p>\n<p>Apothekerkammer spricht von &#8222;existenzbedrohender Situation&#8220;<\/p>\n<p>Dennoch m\u00fcssen sich Bremerinnen und Bremer auf Einschr\u00e4nkungen einstellen. Die Apothekerkammer geht davon aus, dass Patientinnen und Patienten l\u00e4ngere Wege zu einer ge\u00f6ffneten Apotheke zur\u00fccklegen m\u00fcssen.<\/p>\n<p>Aus Sicht der Apothekerschaft steht hinter dem Protest eine angespannte wirtschaftliche Situation. &#8222;Die Apotheken in Bremen befinden sich in einer existenzbedrohenden Situation, weil sie chronisch unterfinanziert sind&#8220;, sagt Justus.<\/p>\n<p>34 Apothekenschlie\u00dfungen in Bremen seit 2016<\/p>\n<p>Hintergrund ist vor allem die Entwicklung des Apothekenhonorars. F\u00fcr die Abgabe eines verschreibungspflichtigen Arzneimittels erhalten Apotheken derzeit 8,35 Euro pro Packung. Seit 2004 habe es lediglich eine einzige Anpassung gegeben \u2013 im Jahr 2013 sei das Honorar um 25 Cent von 8,10 auf 8,35 Euro erh\u00f6ht worden, erkl\u00e4rt Justus. Gleichzeitig seien die Gesamtkosten der Apotheken um 65 Prozent gestiegen, die Personalkosten sogar um fast 80 Prozent.<\/p>\n<p>Konkrete wirtschaftliche Kennzahlen f\u00fcr Bremen liegen laut Apothekerkammer zwar nicht vor. Als Indikator nennt Justus jedoch die Entwicklung der Apothekenzahlen. Bremen hat laut ABDA aktuell mit 16 Apotheken pro 100.000 Einwohnerinnen und Einwohnern die niedrigste Apothekendichte in Deutschland. In den vergangenen 15 Jahren wurden 56 Apotheken geschlossen, so ABDA. <\/p>\n<p>Apothekerschaft fordert Honorarer\u00f6hung<\/p>\n<p>Die Apothekerschaft fordert daher von der Bundesregierung eine bessere finanzielle Ausstattung der Apotheken. \u201eWir fordern die Bundesregierung auf, ihr Versprechen aus dem Koalitionsvertrag endlich einzul\u00f6sen und die fl\u00e4chendeckende Versorgung durch eine faire Verg\u00fctung zu sichern\u201c, sagt Justus.<\/p>\n<p>Konkret geht es um eine Erh\u00f6hung des Honorars von 8,35 auf 9,50 Euro pro abgegebener Packung eines verschreibungspflichtigen Medikaments. Eine solche Anpassung w\u00fcrde aus Sicht der Apotheker zumindest einen Teil der gestiegenen Kosten ausgleichen. Au\u00dferdem sei eine h\u00f6here Verg\u00fctung notwendig, um im Wettbewerb um Fachkr\u00e4fte konkurrenzf\u00e4hige Geh\u00e4lter zahlen zu k\u00f6nnen.<\/p>\n<p>Bundesregierung will sich an Vereinbarung halten<\/p>\n<p>Bundesgesundheitsministerin Nina Warken (CDU) betonte Ende Februar im Bundestag, dass die im Koalitionsvertrag vereinbarte Honorarerh\u00f6hung kommen solle. &#8222;Nat\u00fcrlich stehen wir auch, das sage ich ganz deutlich, zur Verabredung im Koalitionsvertrag.&#8220; Eine entsprechende Verordnung solle im Fr\u00fchjahr auf den Weg gebracht werden.<\/p>\n<p>Dar\u00fcber hinaus k\u00fcndigte Warken weitere Schritte zur wirtschaftlichen St\u00e4rkung der Apotheken an. So solle unter anderem eine Verordnung erm\u00f6glichen, dass Preisnachl\u00e4sse in Form handels\u00fcblicher Skonti zwischen Apotheken und pharmazeutischem Gro\u00dfhandel wieder m\u00f6glich werden. Zudem werde der Zuschuss f\u00fcr Nacht- und Notdienste nahezu verdoppelt.<\/p>\n<p>Au\u00dferdem sei geplant, dass das Apothekenhonorar k\u00fcnftig zwischen Apothekerverband und Spitzenverband Bund der Krankenkassen verhandelt wird. Gleichzeitig sollen verst\u00e4rkte Kontrollen bei Transporteuren eingef\u00fchrt werden, um gleiche Bedingungen f\u00fcr Vor-Ort-Apotheken und Versandapotheken zu schaffen \u2013 etwa bei der Einhaltung von K\u00fchlketten.<\/p>\n<p>                Diese Fragen und Antworten wurden mit KI basierend auf unseren Artikeln erstellt.<br \/>\n                <a class=\"more-btn\" href=\"https:\/\/www.weser-kurier.de\/generative-ki\/\" rel=\"nofollow noopener\" target=\"_blank\"><br \/>\n                    \u2192 Mehr Infos<br \/>\n                <\/a><\/p>\n<p>                        <a href=\"https:\/\/www.weser-kurier.de\/\" id=\"home\" class=\"button primary-primary font-size-15_1 m-0a customEvent\" data-layer-event-name=\"customEvent\" data-layer-trigger=\"click\" data-layer-category=\"artikelscoring\" data-layer-action=\"startseite_button\" data-layer-label=\"doc84zxhhjvymfwxoi6nh4\" data-layer-value=\"https:\/\/www.weser-kurier.de\/bremen\/1\" rel=\"nofollow noopener\" target=\"_blank\">Zur Startseite<\/a><\/p>\n","protected":false},"excerpt":{"rendered":"Mindestens 27 Apotheken in Bremen bleiben am 23. M\u00e4rz wegen eines bundesweiten Protesttags der Apothekerschaft geschlossen; weitere k\u00f6nnten&hellip;\n","protected":false},"author":2,"featured_media":873487,"comment_status":"","ping_status":"","sticky":false,"template":"","format":"standard","meta":{"footnotes":"","_share_on_mastodon":"0"},"categories":[1824],"tags":[2420,3364,29,30],"class_list":["post-873486","post","type-post","status-publish","format-standard","has-post-thumbnail","category-bremen","tag-bremen","tag-de","tag-deutschland","tag-germany"],"share_on_mastodon":{"url":"https:\/\/pubeurope.com\/@de\/116240084012184548","error":""},"_links":{"self":[{"href":"https:\/\/www.europesays.com\/de\/wp-json\/wp\/v2\/posts\/873486","targetHints":{"allow":["GET"]}}],"collection":[{"href":"https:\/\/www.europesays.com\/de\/wp-json\/wp\/v2\/posts"}],"about":[{"href":"https:\/\/www.europesays.com\/de\/wp-json\/wp\/v2\/types\/post"}],"author":[{"embeddable":true,"href":"https:\/\/www.europesays.com\/de\/wp-json\/wp\/v2\/users\/2"}],"replies":[{"embeddable":true,"href":"https:\/\/www.europesays.com\/de\/wp-json\/wp\/v2\/comments?post=873486"}],"version-history":[{"count":0,"href":"https:\/\/www.europesays.com\/de\/wp-json\/wp\/v2\/posts\/873486\/revisions"}],"wp:featuredmedia":[{"embeddable":true,"href":"https:\/\/www.europesays.com\/de\/wp-json\/wp\/v2\/media\/873487"}],"wp:attachment":[{"href":"https:\/\/www.europesays.com\/de\/wp-json\/wp\/v2\/media?parent=873486"}],"wp:term":[{"taxonomy":"category","embeddable":true,"href":"https:\/\/www.europesays.com\/de\/wp-json\/wp\/v2\/categories?post=873486"},{"taxonomy":"post_tag","embeddable":true,"href":"https:\/\/www.europesays.com\/de\/wp-json\/wp\/v2\/tags?post=873486"}],"curies":[{"name":"wp","href":"https:\/\/api.w.org\/{rel}","templated":true}]}}