{"id":874009,"date":"2026-03-16T22:33:14","date_gmt":"2026-03-16T22:33:14","guid":{"rendered":"https:\/\/www.europesays.com\/de\/874009\/"},"modified":"2026-03-16T22:33:14","modified_gmt":"2026-03-16T22:33:14","slug":"baustellen-stoeren-mannheims-ice-linien-bahnverkehr","status":"publish","type":"post","link":"https:\/\/www.europesays.com\/de\/874009\/","title":{"rendered":"Baustellen st\u00f6ren Mannheims ICE-Linien &#8211; Bahnverkehr"},"content":{"rendered":"<p class=\"rhp-dpa-teaser\"><b>Gro\u00dfbaustellen in anderen Bundesl\u00e4ndern haben massive Auswirkungen auf ICE-Linien, die \u00fcber Mannheim f\u00fchren. Es kommt zu l\u00e4ngeren Fahrzeiten und dem Wegfall von Direktz\u00fcgen.<\/b><\/p>\n<p>Der f\u00fcr die Pfalz wichtigste ICE-Knotenbahnhof in Mannheim ist im M\u00e4rz und April sowie von Mai bis Juli von Gro\u00dfbaustellen im Netz der <a class=\"rtr-entity\" data-rtr-entity=\"Deutsche Bahn\" data-rtr-id=\"2c8485399ba5853abb187a70d476d39491b77207\" data-rtr-score=\"14.502044743805628\" data-rtr-etype=\"organisation\" data-rtr-index=\"4\" href=\"https:\/\/www.rheinpfalz.de\/themen\/deutsche-bahn?utm_source=rheinpfalz.de&amp;utm_medium=tms&amp;utm_campaign=intext\" rel=\"nofollow noopener\" target=\"_blank\">Deutschen Bahn<\/a> (<a class=\"rtr-entity\" data-rtr-entity=\"DB\" data-rtr-id=\"22157c9fc401ed7d4a816867ed71a5787e1f7af1\" data-rtr-score=\"86.66586480635074\" data-rtr-etype=\"organisation\" data-rtr-index=\"58\" href=\"https:\/\/www.rheinpfalz.de\/themen\/bahncard\" rel=\"nofollow noopener\" target=\"_blank\">DB<\/a>) stark betroffen. Vom 27. M\u00e4rz bis zum 13. April wird auf der normalerweise extrem dicht befahrenen Strecke zwischen <a class=\"rtr-entity\" data-rtr-entity=\"Hanau\" data-rtr-id=\"ba9365040189c94cf8471e54c9cbb45c8e8f73fa\" data-rtr-score=\"14.011306230454656\" data-rtr-etype=\"location\" data-rtr-index=\"52\" href=\"https:\/\/www.rheinpfalz.de\/themen\/hanau?utm_source=rheinpfalz.de&amp;utm_medium=tms&amp;utm_campaign=intext\" rel=\"nofollow noopener\" target=\"_blank\">Hanau<\/a><\/p>\n<p class=\"rhp-teaser\"><b>Gro\u00dfbaustellen in anderen Bundesl\u00e4ndern haben massive Auswirkungen auf ICE-Linien, die \u00fcber Mannheim f\u00fchren. Es kommt zu l\u00e4ngeren Fahrzeiten und dem Wegfall von Direktz\u00fcgen.<\/b><\/p>\n","protected":false},"excerpt":{"rendered":"Gro\u00dfbaustellen in anderen Bundesl\u00e4ndern haben massive Auswirkungen auf ICE-Linien, die \u00fcber Mannheim f\u00fchren. Es kommt zu l\u00e4ngeren Fahrzeiten&hellip;\n","protected":false},"author":2,"featured_media":874010,"comment_status":"","ping_status":"","sticky":false,"template":"","format":"standard","meta":{"footnotes":"","_share_on_mastodon":"0"},"categories":[1845],"tags":[988,1634,296,6429,5219,3364,2030,29,24490,7137,548,663,3934,6192,30,692,24207,46,13,8285,43967,2229,15352,71,2096,14,4229,15,16935,4180,12,55,605],"class_list":["post-874009","post","type-post","status-publish","format-standard","has-post-thumbnail","category-mannheim","tag-aschaffenburg","tag-baden-wuerttemberg","tag-berlin","tag-braunschweig","tag-db","tag-de","tag-deutsche-bahn","tag-deutschland","tag-eisenach","tag-erfurt","tag-eu","tag-europa","tag-europe","tag-fulda","tag-germany","tag-hamburg","tag-hanau","tag-hannover","tag-headlines","tag-hildesheim","tag-homburg","tag-ice","tag-kaiserslautern","tag-leipzig","tag-mannheim","tag-nachrichten","tag-neustadt","tag-news","tag-pfalz","tag-saarbruecken","tag-schlagzeilen","tag-wirtschaft","tag-wolfsburg"],"share_on_mastodon":{"url":"https:\/\/pubeurope.com\/@de\/116241236453731546","error":""},"_links":{"self":[{"href":"https:\/\/www.europesays.com\/de\/wp-json\/wp\/v2\/posts\/874009","targetHints":{"allow":["GET"]}}],"collection":[{"href":"https:\/\/www.europesays.com\/de\/wp-json\/wp\/v2\/posts"}],"about":[{"href":"https:\/\/www.europesays.com\/de\/wp-json\/wp\/v2\/types\/post"}],"author":[{"embeddable":true,"href":"https:\/\/www.europesays.com\/de\/wp-json\/wp\/v2\/users\/2"}],"replies":[{"embeddable":true,"href":"https:\/\/www.europesays.com\/de\/wp-json\/wp\/v2\/comments?post=874009"}],"version-history":[{"count":0,"href":"https:\/\/www.europesays.com\/de\/wp-json\/wp\/v2\/posts\/874009\/revisions"}],"wp:featuredmedia":[{"embeddable":true,"href":"https:\/\/www.europesays.com\/de\/wp-json\/wp\/v2\/media\/874010"}],"wp:attachment":[{"href":"https:\/\/www.europesays.com\/de\/wp-json\/wp\/v2\/media?parent=874009"}],"wp:term":[{"taxonomy":"category","embeddable":true,"href":"https:\/\/www.europesays.com\/de\/wp-json\/wp\/v2\/categories?post=874009"},{"taxonomy":"post_tag","embeddable":true,"href":"https:\/\/www.europesays.com\/de\/wp-json\/wp\/v2\/tags?post=874009"}],"curies":[{"name":"wp","href":"https:\/\/api.w.org\/{rel}","templated":true}]}}