{"id":874218,"date":"2026-03-17T00:31:37","date_gmt":"2026-03-17T00:31:37","guid":{"rendered":"https:\/\/www.europesays.com\/de\/874218\/"},"modified":"2026-03-17T00:31:37","modified_gmt":"2026-03-17T00:31:37","slug":"fruehling-im-westfalenpark-in-dortmund-warum-sich-ein-besuch-auch-schon-im-maerz-lohnt","status":"publish","type":"post","link":"https:\/\/www.europesays.com\/de\/874218\/","title":{"rendered":"Fr\u00fchling im Westfalenpark in Dortmund: Warum sich ein Besuch auch schon im M\u00e4rz lohnt"},"content":{"rendered":"<p>\t\t\t\t\t\t\t\t<a href=\"https:\/\/www.ruhrbarone.de\/fruehling-im-westfalenpark-in-dortmund-warum-sich-ein-besuch-auch-schon-im-maerz-lohnt\/256468\/aa-westfalenpark-dortmund-ruhrbarone-3-26-0\/\" rel=\"attachment wp-att-256471 nofollow noopener\" target=\"_blank\"><img fetchpriority=\"high\" decoding=\"async\" class=\"wp-image-256471\" src=\"https:\/\/www.europesays.com\/de\/wp-content\/uploads\/2026\/03\/AA-Westfalenpark-Dortmund-Ruhrbarone-3-26-0-1024x768.jpg\" alt=\"\" width=\"650\" height=\"488\"  \/><\/a>Im Westfalenpark in Dortmund im M\u00e4rz 2026. Foto(s): Robin Patzwaldt<\/p>\n<p data-start=\"74\" data-end=\"560\"><strong>Der Kalender sagt fast noch Winter, doch wer im M\u00e4rz durch den <a href=\"https:\/\/www.ruhrbarone.de\/ruhrbarone-ausflugstipp-der-westfalenpark-in-dortmund\/155694\/\" rel=\"nofollow noopener\" target=\"_blank\">Dortmunder Westfalenpark<\/a> spaziert, merkt schnell: Der Fr\u00fchling steht bereits in den Startl\u00f6chern.<\/strong><\/p>\n<p data-start=\"74\" data-end=\"560\">W\u00e4hrend viele Menschen Parks und G\u00e4rten erst ab April oder Mai auf dem Zettel haben, entfaltet dieser weitl\u00e4ufige Park schon deutlich fr\u00fcher seinen ganz eigenen Reiz. Gerade jetzt liegt eine besondere Stimmung \u00fcber den Wegen, Wiesen und Beeten \u2013 eine Mischung aus Ruhe, Erwartung und den ersten Farbtupfern des neuen Gartenjahres.<\/p>\n<p>Die ersten Farben nach dem Winter<\/p>\n<p data-start=\"601\" data-end=\"930\"><a href=\"https:\/\/www.ruhrbarone.de\/fruehling-im-westfalenpark-in-dortmund-warum-sich-ein-besuch-auch-schon-im-maerz-lohnt\/256468\/aa-westfalenpark-dortmund-ruhrbarone-3-26-2\/\" rel=\"attachment wp-att-256472 nofollow noopener\" target=\"_blank\"><img loading=\"lazy\" decoding=\"async\" class=\"alignleft wp-image-256472\" src=\"https:\/\/www.europesays.com\/de\/wp-content\/uploads\/2026\/03\/AA-Westfalenpark-Dortmund-Ruhrbarone-3-26-2-768x1024.jpg\" alt=\"\" width=\"300\" height=\"400\"  \/><\/a>Nach den grauen Wochen des Winters wirkt schon das kleinste St\u00fcck Farbe wie ein Versprechen. Im Westfalenpark sind es im M\u00e4rz vor allem die Fr\u00fchbl\u00fcher, die dieses Versprechen einl\u00f6sen. Krokusse, Schneegl\u00f6ckchen und Narzissen schieben sich durch die Erde und setzen leuchtende Akzente zwischen noch kahlen B\u00e4umen und Str\u00e4uchern.<\/p>\n<p data-start=\"932\" data-end=\"1333\">Es ist genau diese Mischung aus winterlicher Landschaft und aufbl\u00fchendem Fr\u00fchling, die den Park zu dieser Jahreszeit besonders macht. W\u00e4hrend manche Beete noch im Winterschlaf liegen, k\u00fcndigen andere bereits die kommende Bl\u00fctenpracht an. Wer aufmerksam durch die Wege schlendert, entdeckt \u00fcberall kleine Zeichen des Erwachens \u2013 ein erstes Blatt, eine aufbrechende Knospe, das Summen der ersten Bienen.<\/p>\n<p>Mehr Ruhe als in der Hochsaison<\/p>\n<p data-start=\"1372\" data-end=\"1635\"><a href=\"https:\/\/www.ruhrbarone.de\/fruehling-im-westfalenpark-in-dortmund-warum-sich-ein-besuch-auch-schon-im-maerz-lohnt\/256468\/aa-westfalenpark-dortmund-ruhrbarone-3-26-12\/\" rel=\"attachment wp-att-256484 nofollow noopener\" target=\"_blank\"><img loading=\"lazy\" decoding=\"async\" class=\"alignleft wp-image-256484\" src=\"https:\/\/www.europesays.com\/de\/wp-content\/uploads\/2026\/03\/AA-Westfalenpark-Dortmund-Ruhrbarone-3-26-12-768x1024.jpg\" alt=\"\" width=\"300\" height=\"400\"  \/><\/a>Ein weiterer Vorteil eines M\u00e4rz-Besuchs ist die angenehme Ruhe im Park. In den Sommermonaten zieht der Westfalenpark zahlreiche Besucher an, und das zu Recht. Doch gerade dann kann es auf den beliebten Wegen oder rund um den Florianturm auch einmal voller werden.<\/p>\n<p data-start=\"1637\" data-end=\"1945\">Im M\u00e4rz dagegen geh\u00f6rt ein gro\u00dfer Teil des Parks noch den Spazierg\u00e4ngern, Joggern und wenigen Fr\u00fchaufstehern. Man kann gem\u00fctlich \u00fcber die breiten Wege schlendern, ohne st\u00e4ndig Menschen ausweichen zu m\u00fcssen, findet fast \u00fcberall eine freie Bank und kann die Atmosph\u00e4re viel intensiver auf sich wirken lassen.<\/p>\n<p data-start=\"1947\" data-end=\"2127\">Diese Ruhe macht den Park zu einem perfekten Ort f\u00fcr einen kurzen Ausflug aus dem Alltag \u2013 sei es f\u00fcr eine kleine Pause nach der Arbeit oder einen entspannten Wochenendspaziergang.<\/p>\n<p>Der Florianturm als Blick in den Fr\u00fchling<\/p>\n<p data-start=\"2176\" data-end=\"2370\"><a href=\"https:\/\/www.ruhrbarone.de\/fruehling-im-westfalenpark-in-dortmund-warum-sich-ein-besuch-auch-schon-im-maerz-lohnt\/256468\/aa-westfalenpark-dortmund-ruhrbarone-3-26-13\/\" rel=\"attachment wp-att-256487 nofollow noopener\" target=\"_blank\"><img loading=\"lazy\" decoding=\"async\" class=\"alignleft wp-image-256487\" src=\"https:\/\/www.europesays.com\/de\/wp-content\/uploads\/2026\/03\/AA-Westfalenpark-Dortmund-Ruhrbarone-3-26-13-768x1024.jpg\" alt=\"\" width=\"300\" height=\"400\"  \/><\/a>Ein Besuch im Westfalenpark w\u00e4re nat\u00fcrlich nicht komplett ohne einen Blick zum Florianturm, dem Wahrzeichen des Parks. Gerade im M\u00e4rz hat der Ausblick von dort oben einen besonderen Charakter.<\/p>\n<p data-start=\"2372\" data-end=\"2705\">Hier l\u00e4sst sich wunderbar beobachten, wie sich die Landschaft langsam ver\u00e4ndert. W\u00e4hrend einige Bereiche der Stadt noch winterlich wirken, zeichnen sich in den Parks und G\u00e4rten bereits die ersten gr\u00fcnen Fl\u00e4chen ab. Es ist ein bisschen so, als w\u00fcrde man den Fr\u00fchling von oben beim Einzug in die Stadt beobachten.<\/p>\n<p>Ein Ort zum Durchatmen<\/p>\n<p data-start=\"2735\" data-end=\"3012\"><a href=\"https:\/\/www.ruhrbarone.de\/fruehling-im-westfalenpark-in-dortmund-warum-sich-ein-besuch-auch-schon-im-maerz-lohnt\/256468\/aa-westfalenpark-dortmund-ruhrbarone-3-26-1\/\" rel=\"attachment wp-att-256473 nofollow noopener\" target=\"_blank\"><img loading=\"lazy\" decoding=\"async\" class=\"alignleft wp-image-256473\" src=\"https:\/\/www.europesays.com\/de\/wp-content\/uploads\/2026\/03\/AA-Westfalenpark-Dortmund-Ruhrbarone-3-26-1-768x1024.jpg\" alt=\"\" width=\"300\" height=\"400\"  \/><\/a>Vielleicht ist genau das der gr\u00f6\u00dfte Grund, warum sich ein Besuch im M\u00e4rz lohnt: Der Westfalenpark ist in dieser Zeit ein Ort des \u00dcbergangs. Die Natur erwacht langsam, die Tage werden l\u00e4nger, und nach den dunklen Wintermonaten bekommt man wieder Lust, drau\u00dfen unterwegs zu sein.<\/p>\n<p data-start=\"3014\" data-end=\"3197\">Ein Spaziergang durch den Park f\u00fchlt sich dann fast wie ein Neustart an. Man kommt zur Ruhe, tankt frische Luft und nimmt die ersten warmen Sonnenstrahlen des Jahres mit nach Hause.<\/p>\n<p data-start=\"3199\" data-end=\"3436\" data-is-last-node=\"\" data-is-only-node=\"\">Wer also denkt, der Westfalenpark sei erst im Fr\u00fchling oder Sommer einen Besuch wert, verpasst etwas. Denn gerade im M\u00e4rz zeigt sich der Park von einer stillen, fast poetischen Seite \u2013 und genau das macht seinen besonderen Charme aus.<\/p>\n<p data-start=\"3199\" data-end=\"3436\" data-is-last-node=\"\" data-is-only-node=\"\"><a href=\"https:\/\/www.ruhrbarone.de\/fruehling-im-westfalenpark-in-dortmund-warum-sich-ein-besuch-auch-schon-im-maerz-lohnt\/256468\/aa-westfalenpark-dortmund-ruhrbarone-3-26-3\/\" rel=\"attachment wp-att-256474 nofollow noopener\" target=\"_blank\"><img loading=\"lazy\" decoding=\"async\" class=\"alignnone wp-image-256474\" src=\"https:\/\/www.europesays.com\/de\/wp-content\/uploads\/2026\/03\/AA-Westfalenpark-Dortmund-Ruhrbarone-3-26-3-1024x768.jpg\" alt=\"\" width=\"650\" height=\"488\"  \/><\/a><\/p>\n<p data-start=\"3199\" data-end=\"3436\" data-is-last-node=\"\" data-is-only-node=\"\"><a href=\"https:\/\/www.ruhrbarone.de\/fruehling-im-westfalenpark-in-dortmund-warum-sich-ein-besuch-auch-schon-im-maerz-lohnt\/256468\/aa-westfalenpark-dortmund-ruhrbarone-3-26-4\/\" rel=\"attachment wp-att-256475 nofollow noopener\" target=\"_blank\"><img loading=\"lazy\" decoding=\"async\" class=\"alignnone wp-image-256475\" src=\"https:\/\/www.europesays.com\/de\/wp-content\/uploads\/2026\/03\/AA-Westfalenpark-Dortmund-Ruhrbarone-3-26-4-1024x768.jpg\" alt=\"\" width=\"650\" height=\"488\"  \/><\/a><\/p>\n<p data-start=\"3199\" data-end=\"3436\" data-is-last-node=\"\" data-is-only-node=\"\"><a href=\"https:\/\/www.ruhrbarone.de\/fruehling-im-westfalenpark-in-dortmund-warum-sich-ein-besuch-auch-schon-im-maerz-lohnt\/256468\/aa-westfalenpark-dortmund-ruhrbarone-3-26-6\/\" rel=\"attachment wp-att-256476 nofollow noopener\" target=\"_blank\"><img loading=\"lazy\" decoding=\"async\" class=\"alignnone wp-image-256476\" src=\"https:\/\/www.europesays.com\/de\/wp-content\/uploads\/2026\/03\/AA-Westfalenpark-Dortmund-Ruhrbarone-3-26-6-1024x768.jpg\" alt=\"\" width=\"650\" height=\"488\"  \/><\/a><\/p>\n<p data-start=\"3199\" data-end=\"3436\" data-is-last-node=\"\" data-is-only-node=\"\"><a href=\"https:\/\/www.ruhrbarone.de\/fruehling-im-westfalenpark-in-dortmund-warum-sich-ein-besuch-auch-schon-im-maerz-lohnt\/256468\/aa-westfalenpark-dortmund-ruhrbarone-3-26-5\/\" rel=\"attachment wp-att-256477 nofollow noopener\" target=\"_blank\"><img loading=\"lazy\" decoding=\"async\" class=\"alignnone wp-image-256477\" src=\"https:\/\/www.europesays.com\/de\/wp-content\/uploads\/2026\/03\/AA-Westfalenpark-Dortmund-Ruhrbarone-3-26-5-1024x768.jpg\" alt=\"\" width=\"650\" height=\"488\"  \/><\/a><\/p>\n<p data-start=\"3199\" data-end=\"3436\" data-is-last-node=\"\" data-is-only-node=\"\"><a href=\"https:\/\/www.ruhrbarone.de\/fruehling-im-westfalenpark-in-dortmund-warum-sich-ein-besuch-auch-schon-im-maerz-lohnt\/256468\/aa-westfalenpark-dortmund-ruhrbarone-3-26-7\/\" rel=\"attachment wp-att-256478 nofollow noopener\" target=\"_blank\"><img loading=\"lazy\" decoding=\"async\" class=\"alignnone wp-image-256478\" src=\"https:\/\/www.europesays.com\/de\/wp-content\/uploads\/2026\/03\/AA-Westfalenpark-Dortmund-Ruhrbarone-3-26-7-1024x768.jpg\" alt=\"\" width=\"650\" height=\"488\"  \/><\/a><\/p>\n<p data-start=\"3199\" data-end=\"3436\" data-is-last-node=\"\" data-is-only-node=\"\"><a href=\"https:\/\/www.ruhrbarone.de\/fruehling-im-westfalenpark-in-dortmund-warum-sich-ein-besuch-auch-schon-im-maerz-lohnt\/256468\/aa-westfalenpark-dortmund-ruhrbarone-3-26-8\/\" rel=\"attachment wp-att-256479 nofollow noopener\" target=\"_blank\"><img loading=\"lazy\" decoding=\"async\" class=\"alignnone wp-image-256479\" src=\"https:\/\/www.europesays.com\/de\/wp-content\/uploads\/2026\/03\/AA-Westfalenpark-Dortmund-Ruhrbarone-3-26-8-1024x768.jpg\" alt=\"\" width=\"650\" height=\"488\"  \/><\/a><\/p>\n<p data-start=\"3199\" data-end=\"3436\" data-is-last-node=\"\" data-is-only-node=\"\"><a href=\"https:\/\/www.ruhrbarone.de\/fruehling-im-westfalenpark-in-dortmund-warum-sich-ein-besuch-auch-schon-im-maerz-lohnt\/256468\/aa-westfalenpark-dortmund-ruhrbarone-3-26-9\/\" rel=\"attachment wp-att-256480 nofollow noopener\" target=\"_blank\"><img loading=\"lazy\" decoding=\"async\" class=\"alignnone wp-image-256480\" src=\"https:\/\/www.europesays.com\/de\/wp-content\/uploads\/2026\/03\/AA-Westfalenpark-Dortmund-Ruhrbarone-3-26-9-1024x768.jpg\" alt=\"\" width=\"650\" height=\"488\"  \/><\/a><\/p>\n<p><a href=\"https:\/\/www.ruhrbarone.de\/fruehling-im-westfalenpark-in-dortmund-warum-sich-ein-besuch-auch-schon-im-maerz-lohnt\/256468\/aa-westfalenpark-dortmund-ruhrbarone-3-26-11\/\" rel=\"attachment wp-att-256482 nofollow noopener\" target=\"_blank\"><img loading=\"lazy\" decoding=\"async\" class=\"alignnone wp-image-256482\" src=\"https:\/\/www.europesays.com\/de\/wp-content\/uploads\/2026\/03\/AA-Westfalenpark-Dortmund-Ruhrbarone-3-26-11-1024x768.jpg\" alt=\"\" width=\"650\" height=\"488\"  \/><\/a><\/p>\n<p><img loading=\"lazy\" decoding=\"async\" src=\"https:\/\/www.europesays.com\/de\/wp-content\/uploads\/2026\/03\/6675f19d0c7240e88b8c0ae0cd69cce8.gif\" alt=\"\" width=\"1\" height=\"1\"\/><\/p>\n<p>\n\t\u00c4hnliche Beitr\u00e4ge<\/p>\n","protected":false},"excerpt":{"rendered":"Im Westfalenpark in Dortmund im M\u00e4rz 2026. Foto(s): Robin Patzwaldt Der Kalender sagt fast noch Winter, doch wer&hellip;\n","protected":false},"author":2,"featured_media":874219,"comment_status":"","ping_status":"","sticky":false,"template":"","format":"standard","meta":{"footnotes":"","_share_on_mastodon":"0"},"categories":[1833],"tags":[3364,29,217,2008,30,1665,1209,193141],"class_list":["post-874218","post","type-post","status-publish","format-standard","has-post-thumbnail","category-dortmund","tag-de","tag-deutschland","tag-dortmund","tag-fruehling","tag-germany","tag-maerz","tag-nordrhein-westfalen","tag-westfalenpar"],"share_on_mastodon":{"url":"https:\/\/pubeurope.com\/@de\/116241701408853697","error":""},"_links":{"self":[{"href":"https:\/\/www.europesays.com\/de\/wp-json\/wp\/v2\/posts\/874218","targetHints":{"allow":["GET"]}}],"collection":[{"href":"https:\/\/www.europesays.com\/de\/wp-json\/wp\/v2\/posts"}],"about":[{"href":"https:\/\/www.europesays.com\/de\/wp-json\/wp\/v2\/types\/post"}],"author":[{"embeddable":true,"href":"https:\/\/www.europesays.com\/de\/wp-json\/wp\/v2\/users\/2"}],"replies":[{"embeddable":true,"href":"https:\/\/www.europesays.com\/de\/wp-json\/wp\/v2\/comments?post=874218"}],"version-history":[{"count":0,"href":"https:\/\/www.europesays.com\/de\/wp-json\/wp\/v2\/posts\/874218\/revisions"}],"wp:featuredmedia":[{"embeddable":true,"href":"https:\/\/www.europesays.com\/de\/wp-json\/wp\/v2\/media\/874219"}],"wp:attachment":[{"href":"https:\/\/www.europesays.com\/de\/wp-json\/wp\/v2\/media?parent=874218"}],"wp:term":[{"taxonomy":"category","embeddable":true,"href":"https:\/\/www.europesays.com\/de\/wp-json\/wp\/v2\/categories?post=874218"},{"taxonomy":"post_tag","embeddable":true,"href":"https:\/\/www.europesays.com\/de\/wp-json\/wp\/v2\/tags?post=874218"}],"curies":[{"name":"wp","href":"https:\/\/api.w.org\/{rel}","templated":true}]}}