{"id":874509,"date":"2026-03-17T03:11:16","date_gmt":"2026-03-17T03:11:16","guid":{"rendered":"https:\/\/www.europesays.com\/de\/874509\/"},"modified":"2026-03-17T03:11:16","modified_gmt":"2026-03-17T03:11:16","slug":"osterferien-starten-sperrung-im-elbtunnel-birgt-staugefahr","status":"publish","type":"post","link":"https:\/\/www.europesays.com\/de\/874509\/","title":{"rendered":"Osterferien starten \u2013 Sperrung im Elbtunnel birgt Staugefahr"},"content":{"rendered":"<p>Osterferien-Start <\/p>\n<p>Das erwartet Autofahrer auf den Stra\u00dfen<\/p>\n<p>17.03.2026 &#8211; 02:26 UhrLesedauer: 2 Min.<\/p>\n<p><a href=\"#focus-0\" class=\"transition-colors duration-200 block text-current relative\" data-sctrack=\"FocusGalleryImage.Reference\"><img fetchpriority=\"high\" data-testid=\"Opener.Image\" style=\"--lqipURL:url('https:\/\/images.t-online.de\/2025\/08\/8TbfddV9fhUk\/0x130:2500x1406\/fit-in\/150x0\/filters:blur(25)\/stau-auf-der-a1-bei-bremen-bereits-am-freitag-ging-es-nur-sehr-langsam-in-richtung-osnabrueck-voran-fuer-samstag-sind-wartezeiten-von-mehr-als-zwei-stunden-vorausgesagt.jpg')\"   loading=\"eager\" src=\"https:\/\/www.europesays.com\/de\/wp-content\/uploads\/2026\/03\/stau-auf-der-a1-bei-bremen-bereits-am-freitag-ging-es-nur-sehr-langsam-in-richtung-osnabrueck-voran-.jpeg\" alt=\"Stau auf der A1 bei Bremen: Bereits am Freitag ging es nur sehr langsam in Richtung Osnabr\u00fcck voran \u2013 f\u00fcr Samstag sind Wartezeiten von mehr als zwei Stunden vorausgesagt.\" title=\"Stau auf der A1 bei Bremen: Bereits am Freitag ging es nur sehr langsam in Richtung Osnabr\u00fcck voran \u2013 f\u00fcr Samstag sind Wartezeiten von mehr als zwei Stunden vorausgesagt.\" width=\"2500\" height=\"1406\" class=\"bg-[url:var(--lqipURL)] bg-cover bg-center flex h-full w-full max-w-full\" decoding=\"async\"\/><img style=\"--width:32;--height:32\" loading=\"lazy\" src=\"https:\/\/bremen.t-online.de\/s\/paper\/_next\/static\/media\/zoom-in.f7dae02f.svg\" alt=\"Vergr\u00f6\u00dfern des Bildes\" title=\"Vergr\u00f6\u00dfern des Bildes\" class=\"block h-[calc(var(--height)_\/_16_*_1rem)] w-[calc(var(--width)_\/_16_*_1rem)] max-w-none absolute bottom-8 right-8 rounded-4 bg-snow p-8\" decoding=\"async\"\/><\/a><\/p>\n<p>Stau auf der A1 bei Bremen (Archivbild): Am Freitag ist der letzte Schultag vor den Osterferien, danach kann es auf den Autobahnen voll werden. (Quelle: Christian Butt)<\/p>\n<p class=\"font-bold text-18 leading-17 user-text-lg:text-22 user-text-xl:text-24\">Bremen startet in die Osterferien \u2013 als eines der ersten Bundesl\u00e4nder. Doch auf einer zentralen Route droht p\u00fcnktlich zum Ferienstart der Stillstand.<\/p>\n<p class=\"text-18 leading-17 user-text-lg:text-22 user-text-xl:text-24\">In Bremen beginnen die Osterferien. Gemeinsam mit Niedersachsen geh\u00f6rt das Bundesland zu den ersten, die in die Schulferien starten. Wer die freien Tage f\u00fcr eine Reise nutzen will, kann dabei grunds\u00e4tzlich entspannt losfahren \u2013 ADAC und Auto Club Europa (ACE) erwarten das Wochenende insgesamt als &#8222;vergleichsweise ruhig&#8220; und die Staugefahr deutschlandweit als &#8222;\u00fcberschaubar&#8220;. Doch ausgerechnet auf einer f\u00fcr Bremer Autofahrer zentralen Route droht Stillstand.<\/p>\n<p class=\"text-18 leading-17 user-text-lg:text-22 user-text-xl:text-24\">Wer von Bremen Richtung Hamburg oder weiter nach Norden f\u00e4hrt, muss umplanen: Auf der A 7 zwischen Hamburg-Heimfeld und Hamburg-Stellingen beginnt am Freitagabend um 22 Uhr eine Vollsperrung des Elbtunnels in beiden Richtungen. Sie dauert bis Montagmorgen, 5 Uhr, an. Eine Umleitung ist eingerichtet. Wer dennoch diese Route nehmen will oder muss, sollte vor allem am Samstag und bei der Heimreise am Sonntagnachmittag deutlich mehr Zeit einplanen.<\/p>\n<p class=\"text-18 leading-17 user-text-lg:text-22 user-text-xl:text-24\">Der ACE erwartet f\u00fcr den Samstag zwar &#8222;leichte Verz\u00f6gerungen, aber wenig Staus&#8220; \u2013 rechnet dennoch im Gro\u00dfraum Hamburg durch die Elbtunnel-Sperrung sowie in Bremen und <a class=\"transition-colors duration-200 cursor-pointer text-inherit no-underline text-salemsfur md:hover:text-magenta md:hover:border-magenta md:focus:text-magenta border-current border-b border-solid break-words\" data-tracking=\"{&quot;action&quot;:&quot;click&quot;,&quot;category&quot;:&quot;intextLink&quot;,&quot;label&quot;:&quot;https:\/\/hannover.t-online.de\/region\/hannover\/id_101172988\/niedersachsen-osterferien-starten-a7-elbtunnel-wird-komplett-gesperrt.html&quot;}\" href=\"https:\/\/hannover.t-online.de\/region\/hannover\/id_101172988\/niedersachsen-osterferien-starten-a7-elbtunnel-wird-komplett-gesperrt.html\" data-sctrack=\"BodyAnchor\" rel=\"nofollow noopener\" target=\"_blank\">Niedersachsen wegen des Ferienbeginns<\/a> mit sp\u00fcrbar mehr Reiseverkehr als sonst.<\/p>\n<p class=\"text-18 leading-17 user-text-lg:text-22 user-text-xl:text-24\">Wer von Bremen Richtung S\u00fcden unterwegs ist, muss ebenfalls mit Verz\u00f6gerungen rechnen: Das Leonberger Dreieck bei Stuttgart ist wegen der Sperrung einer Tunnelr\u00f6hre des Engelbergtunnels stark staugef\u00e4hrdet. Dazu kommt eine Sperrung der A 8 in Fahrtrichtung Stuttgart zwischen Ulm-West und M\u00fchlhausen \u2013 sie beginnt am Freitag um 20 Uhr und endet erst am Montagmorgen um 5 Uhr. F\u00fcr R\u00fcckreisende k\u00f6nnte dieser Abschnitt laut ACE ein weiterer Stauschwerpunkt werden.<\/p>\n<p class=\"text-18 leading-17 user-text-lg:text-22 user-text-xl:text-24\">Am Freitag steigt das Verkehrsaufkommen typischerweise rund um Ballungsr\u00e4ume an, wenn sich Berufs- und Wochenendpendler die Stra\u00dfen teilen. Der ADAC z\u00e4hlt bundesweit aktuell 757 Baustellen, in deren Umfeld es erfahrungsgem\u00e4\u00df h\u00e4ufiger stockt. Am Sonntag ist bei sch\u00f6nem Fr\u00fchlingswetter mit Ausfl\u00fcglern auf dem untergeordneten Stra\u00dfennetz zu rechnen. Allerdings d\u00fcrften laut ADAC wegen der hohen Spritkosten infolge des Irankrieges &#8222;etliche&#8220; Autofahrer von spontanen Ausfl\u00fcgen und Wochenendtrips absehen.<\/p>\n<p class=\"text-18 leading-17 user-text-lg:text-22 user-text-xl:text-24\">Wer von Bremen aus Richtung \u00d6sterreich f\u00e4hrt, kann vergleichsweise entspannt reisen: Der intensive Osterreiseverkehr lasse noch auf sich warten, so der ADAC, und die Zahl der Skiurlauber gehe zur\u00fcck. Zu den An- und Abreisezeiten in Wintersportgebieten kann es laut ACE &#8222;kurz stocken&#8220;, gr\u00f6\u00dfere Verz\u00f6gerungen seien aber nicht zu erwarten. Auf der Brennerautobahn ist wegen der Generalsanierung der Luegbr\u00fccke gerade zu Sto\u00dfzeiten immer wieder mit Verz\u00f6gerungen und Staus zu rechnen. An den deutschen Grenz\u00fcberg\u00e4ngen von \u00d6sterreich \u2013 Suben (A 3), Walserberg (A 8) und Kiefersfelden (A 93) \u2013 sind wegen stichprobenhafter Einreisekontrollen weiterhin Wartezeiten m\u00f6glich.<\/p>\n<p class=\"text-18 leading-17 user-text-lg:text-22 user-text-xl:text-24\">In der Schweiz erwartet der ACE abseits des Berufsverkehrs am Freitag nur geringes Verkehrsaufkommen. Der ADAC hingegen stuft mehrere Strecken als &#8222;zeitweise staugef\u00e4hrdet&#8220; ein: darunter die Gotthard- und die San-Bernardino-Route sowie die A 1 (Bern\u2013Z\u00fcrich\u2013St. Margarethen), die A 3 (Basel\u2013Z\u00fcrich\u2013Chur) und die Zufahrtsstra\u00dfen zu den Skigebieten in Graub\u00fcnden, dem Berner Oberland, dem Wallis und der Zentralschweiz.<\/p>\n","protected":false},"excerpt":{"rendered":"Osterferien-Start Das erwartet Autofahrer auf den Stra\u00dfen 17.03.2026 &#8211; 02:26 UhrLesedauer: 2 Min. Stau auf der A1 bei&hellip;\n","protected":false},"author":2,"featured_media":874510,"comment_status":"","ping_status":"","sticky":false,"template":"","format":"standard","meta":{"footnotes":"","_share_on_mastodon":"0"},"categories":[1824],"tags":[722,3176,30097,4074,30100,2420,3364,29,9027,30,692,15446,15447,1411,2453,1433,293,1441],"class_list":["post-874509","post","type-post","status-publish","format-standard","has-post-thumbnail","category-bremen","tag-722","tag-3176","tag-ace","tag-adac","tag-auto-club-europa","tag-bremen","tag-de","tag-deutschland","tag-ferienstart","tag-germany","tag-hamburg","tag-hamburg-heimfeld","tag-hamburg-stellingen","tag-niedersachsen","tag-osterferien","tag-oesterreich","tag-schweiz","tag-stuttgart"],"share_on_mastodon":{"url":"https:\/\/pubeurope.com\/@de\/116242329518450061","error":""},"_links":{"self":[{"href":"https:\/\/www.europesays.com\/de\/wp-json\/wp\/v2\/posts\/874509","targetHints":{"allow":["GET"]}}],"collection":[{"href":"https:\/\/www.europesays.com\/de\/wp-json\/wp\/v2\/posts"}],"about":[{"href":"https:\/\/www.europesays.com\/de\/wp-json\/wp\/v2\/types\/post"}],"author":[{"embeddable":true,"href":"https:\/\/www.europesays.com\/de\/wp-json\/wp\/v2\/users\/2"}],"replies":[{"embeddable":true,"href":"https:\/\/www.europesays.com\/de\/wp-json\/wp\/v2\/comments?post=874509"}],"version-history":[{"count":0,"href":"https:\/\/www.europesays.com\/de\/wp-json\/wp\/v2\/posts\/874509\/revisions"}],"wp:featuredmedia":[{"embeddable":true,"href":"https:\/\/www.europesays.com\/de\/wp-json\/wp\/v2\/media\/874510"}],"wp:attachment":[{"href":"https:\/\/www.europesays.com\/de\/wp-json\/wp\/v2\/media?parent=874509"}],"wp:term":[{"taxonomy":"category","embeddable":true,"href":"https:\/\/www.europesays.com\/de\/wp-json\/wp\/v2\/categories?post=874509"},{"taxonomy":"post_tag","embeddable":true,"href":"https:\/\/www.europesays.com\/de\/wp-json\/wp\/v2\/tags?post=874509"}],"curies":[{"name":"wp","href":"https:\/\/api.w.org\/{rel}","templated":true}]}}