{"id":874526,"date":"2026-03-17T03:21:25","date_gmt":"2026-03-17T03:21:25","guid":{"rendered":"https:\/\/www.europesays.com\/de\/874526\/"},"modified":"2026-03-17T03:21:25","modified_gmt":"2026-03-17T03:21:25","slug":"schutzraum-auf-dem-wasen-wieder-streit-um-die-wasenboje-auf-dem-cannstatter-wasen-stuttgart","status":"publish","type":"post","link":"https:\/\/www.europesays.com\/de\/874526\/","title":{"rendered":"Schutzraum auf dem Wasen: Wieder Streit um die Wasenboje auf dem Cannstatter Wasen &#8211; Stuttgart"},"content":{"rendered":"<p>\t\t\t\t\t\t\t\t\t\t\t\t\t\t\t\t\t\t\t\t\t\t\t\t\t\t\t\t\t\t\t\t\t\t\t\t   \t\t\t\t\t \t\t\t\t   \t      \t\t\t\t   <img decoding=\"async\" id=\"article-image\" fetchpriority=\"high\" alt=\"Schutzraum auf dem Wasen: Wieder Streit um die Wasenboje auf dem Cannstatter Wasen\" title=\"Schutzraum auf dem Wasen: Wieder Streit um die Wasenboje auf dem Cannstatter Wasen\" src=\"https:\/\/www.europesays.com\/de\/wp-content\/uploads\/2026\/03\/media.media.5ec02995-73a3-4786-926a-1ad427815c14.original700.jpg\" data-linkto=\"https:\/\/www.esslinger-zeitung.de\/javascript:void(0);\"\/>\t\t\t\t\t\t\t\t\t\t\t\t\t\t\t\t\t\t\t\t\t\t\t\tDie Wasenboje dient ein sicherer Ort f\u00fcr Frauen w\u00e4hrend des Volks- und Fr\u00fchlingsfestes.\u00a0Foto: dpa\t\t\t<\/p>\n<p>Die Wasenboje auf dem Cannstatter Wasen als sicherer Ort f\u00fcr Frauen bei den gro\u00dfen Festen. Das schien bisher unstrittig. Doch nun stellt die CDU die Sinnfrage. Eine Retourkutsche?<\/p>\n<p>Niederlagen sind manchmal schwer zu verschmerzen. Die CDU im Lande und in der Stadt sind offenbar ganz besonders schmerzempfindlich. Die Stadtr\u00e4te der CDU wollten die Festwirte vor einem h\u00f6heren Platzgeld bei den Festen auf dem Wasen bewahren, damit scheiterten sie an der Mehrheit der anderen Fraktionen. Nun kommt die Revanche: Ein Antrag, die Wasenboje ganz besonders unter die Lupe zu nehmen. <\/p>\n<p>Ein interessanter Zeitpunkt. <a href=\"https:\/\/www.stuttgarter-zeitung.de\/inhalt.sexualisierte-uebergriffe-weniger-geld-fuer-die-wasenboje-auf-den-volksfesten.2d8426ec-2c0e-4fee-846e-2df4f987f6ae.html\" target=\"_blank\" rel=\"nofollow noopener\">Denn im Dezember noch hat der Gemeinderat f\u00fcr die Finanzierung der Wasenboje f\u00fcr dieses und n\u00e4chstes Jahr je 80.000 Euro bereitgestellt.<\/a> Damals gab es keine grunds\u00e4tzlichen Diskussionen. Vermutlich, weil \u201eein sicherer Ort selbstverst\u00e4ndlich geworden ist bei Festen, und die Stadt <a href=\"https:\/\/www.esslinger-zeitung.de\/thema\/Stuttgart\" title=\"Stuttgart\" class=\"art_thema\" rel=\"nofollow noopener\" target=\"_blank\">Stuttgart<\/a> veranstaltet dieses Fest\u201c. So dr\u00fcckt es Andreas Kroll aus, Chef der Veranstaltungsgesellschaft in.Stuttgart, der Organisatorin von Volksfest und <a href=\"https:\/\/www.esslinger-zeitung.de\/thema\/Stuttgarter_Fr%C3%BChlingsfest\" title=\"Fr\u00fchlingsfest\" class=\"art_thema\" rel=\"nofollow noopener\" target=\"_blank\">Fr\u00fchlingsfest<\/a>. <\/p>\n<p>Dort gibt es seit 2023 die Wasenboje als gesch\u00fctzten Ort f\u00fcr M\u00e4dchen und Frauen. Seit damals habe es laut einer Sprecherin mehr als 1000 Kontakte mit betroffenen Personen. Darunter brutale Vorf\u00e4lle, wo Frauen Opfer von K.O.-Tropfen geworden waren oder es zu sexualisierter und k\u00f6rperlicher Gewalt gekommen war. Ein Viertel der kritischen F\u00e4lle seien minderj\u00e4hrige M\u00e4dchen gewesen. Am Ende jedes Festes gab es bisher Lob von der Polizei, wie wichtig die Wasenboje auch f\u00fcr deren Arbeit sei.<\/p>\n<p>Die CDU will es beim Thema Wasenboje genau wissen <\/p>\n<p>Die CDU will es nun ganz genau wissen. Sie fordert von der Verwaltung eine \u201eDarstellung der vollst\u00e4ndigen Kosten der Wasenboje\u201c. Sowie eine \u201eAufschl\u00fcsselung der gemeldeten F\u00e4lle nach Kategorien einschlie\u00dflich der Definition ,kritischer Fall\u2019 sowie Darstellung, in wie vielen F\u00e4llen eine Einbindung oder \u00dcbergabe an Polizei, Rettungsdienst oder anderen Stellen erfolgte\u201c. Sowie eine Darstellung \u201eob eine unabh\u00e4ngige Evaluation der Wirksamkeit vorgesehen ist\u201c. Man fordere dies, weil sich der Gemeinderat ja vorgenommen habe, s\u00e4mtliche freiwilligen Ausgaben der Stadt systematisch zu \u00fcberpr\u00fcfen. Man wolle nicht \u201ebestehende Ma\u00dfnahmen pauschal in Frage stellen.\u201c Um im gleichen Atemzug darauf hinzuweisen, dass Sicherheits-Apps \u201ebestehende Angebote sinnvoll erg\u00e4nzen oder gegebenenfalls auch ersetzen k\u00f6nnten.\u201c<\/p>\n<p>  <img decoding=\"async\" loading=\"lazy\" src=\"https:\/\/www.europesays.com\/de\/wp-content\/uploads\/2026\/03\/media.media.8ceadbdc-69aa-43a4-bd3b-27230b41c7c6.original1024.media.jpeg\"\/>     Das Angebot der Wasenboje    Foto: dpa    <\/p>\n<p>Die Fraktion Linke S\u00d6S Plus hat das so verstanden, wie es wohl gemeint war, n\u00e4mlich das Geld f\u00fcr die Wasenboje k\u00f6nne man sich sparen. Und konterte mit einem Antrag \u201eDie Sicherheit von Frauen ernstnehmen\u201c. Und wirft der CDU darin vor, sie w\u00fcrde die Augen vor der Tatsache verschlie\u00dfen, dass die Wasenboje kein Luxusprojekt sei, sondern vielmehr eine L\u00fccke schlie\u00dfe, die seit Jahrzehnten ignoriert worden sei. Apps seien eine sinnvolle Erg\u00e4nzung, aber kein Ersatz f\u00fcr die Wasenboje. Zudem m\u00fcsse das Sicherheitspersonal umfassend im Umgang mit von Gewalt betroffenen Frauen geschult werden. <\/p>\n<p>Damit ist ein Streit zu Papier geronnen, der sich \u00fcber Monate hingezogen und vor allem am Beitrag der Festwirte zur Finanzierung des Feste auf dem Wasen entz\u00fcndet hat. Die Geb\u00fchren der Schausteller hatten die Stadtr\u00e4te sehr schnell erh\u00f6ht. Bei den Wirten zog sich das. Verschiedene Vorschl\u00e4ge lagen auf dem Tisch, um die nicht gedeckten Ausgaben vornehmlich f\u00fcr Sicherheit in H\u00f6he von 400.000 Euro zu f\u00fcllen. Ende Februar brauchte es eine Entscheidung, im Wirtschaftsausschuss prallten die Positionen aufeinander. <\/p>\n<p> <a href=\"https:\/\/www.stuttgarter-zeitung.de\/inhalt.cannstatter-volksfest-gebuehren-fuer-die-festzelte-steigen.f69fcb3d-ca82-40dc-b0b0-fdca6785952f.html\" target=\"_blank\" rel=\"nofollow noopener\">Die CDU verstand sich als Schutzpatronin der Wirte, brachte in letzter Sekunde den Vorschlag, die Geb\u00fchren nicht um exakt 36 Prozent zu erh\u00f6hen, sondern sie um bis zu 36 Prozent zu erh\u00f6hen.<\/a> Was das bedeuten sollte, war selbst dem Parteifreund und K\u00e4mmerer Thomas Fuhrmann nicht klar. Linke S\u00d6S Plus ist von jeher das Festwesen suspekt, sie k\u00f6nnen mit dem Rummel auf dem Wasen nicht viel anfangen und finden, wer sein Geld mit dem Verkauf von Bier verdient, kann ruhig ordentlich drauflegen. So forderte man, die Wirte sollten pro Sitzplatz 1,30 Euro zahlen, wobei 30 Cent f\u00fcr die Finanzierung der Wasenboje abfallen sollten. Beide Vorschl\u00e4ge wurden abgelehnt, die Geb\u00fchren letztlich von der Mehrheit um 36 Prozent erh\u00f6ht. Doch man hatte sich verhakt, stritt \u00fcber Sinn und Unsinn des Festes, \u00fcber die Folgen von Alkohol \u2013 und landete schlie\u00dflich bei der Wasenboje. Offenbar konnte man diesen verbalen Schlagabtausch nicht auf sich beruhen lassen. <\/p>\n<p>Beim Fr\u00fchlingsfest wird in jedem Falle vom 18. April an die Wasenboje wieder ihre Pforten \u00f6ffnen. Wer wissen will, ob sie sinnvoll ist, k\u00f6nnte da ja mal vorbeischauen. <\/p>\n","protected":false},"excerpt":{"rendered":"Die Wasenboje dient ein sicherer Ort f\u00fcr Frauen w\u00e4hrend des Volks- und Fr\u00fchlingsfestes.\u00a0Foto: dpa Die Wasenboje auf dem&hellip;\n","protected":false},"author":2,"featured_media":874527,"comment_status":"","ping_status":"","sticky":false,"template":"","format":"standard","meta":{"footnotes":"","_share_on_mastodon":"0"},"categories":[1830],"tags":[1634,31055,19378,3364,29,30,193226,1441,4741,85897,149258],"class_list":["post-874526","post","type-post","status-publish","format-standard","has-post-thumbnail","category-stuttgart","tag-baden-wuerttemberg","tag-bierzelte","tag-cannstatter-volksfest","tag-de","tag-deutschland","tag-germany","tag-safe-space","tag-stuttgart","tag-stuttgarter-fruehlingsfest","tag-textmanager","tag-wasenboje"],"share_on_mastodon":{"url":"https:\/\/pubeurope.com\/@de\/116242369421077696","error":""},"_links":{"self":[{"href":"https:\/\/www.europesays.com\/de\/wp-json\/wp\/v2\/posts\/874526","targetHints":{"allow":["GET"]}}],"collection":[{"href":"https:\/\/www.europesays.com\/de\/wp-json\/wp\/v2\/posts"}],"about":[{"href":"https:\/\/www.europesays.com\/de\/wp-json\/wp\/v2\/types\/post"}],"author":[{"embeddable":true,"href":"https:\/\/www.europesays.com\/de\/wp-json\/wp\/v2\/users\/2"}],"replies":[{"embeddable":true,"href":"https:\/\/www.europesays.com\/de\/wp-json\/wp\/v2\/comments?post=874526"}],"version-history":[{"count":0,"href":"https:\/\/www.europesays.com\/de\/wp-json\/wp\/v2\/posts\/874526\/revisions"}],"wp:featuredmedia":[{"embeddable":true,"href":"https:\/\/www.europesays.com\/de\/wp-json\/wp\/v2\/media\/874527"}],"wp:attachment":[{"href":"https:\/\/www.europesays.com\/de\/wp-json\/wp\/v2\/media?parent=874526"}],"wp:term":[{"taxonomy":"category","embeddable":true,"href":"https:\/\/www.europesays.com\/de\/wp-json\/wp\/v2\/categories?post=874526"},{"taxonomy":"post_tag","embeddable":true,"href":"https:\/\/www.europesays.com\/de\/wp-json\/wp\/v2\/tags?post=874526"}],"curies":[{"name":"wp","href":"https:\/\/api.w.org\/{rel}","templated":true}]}}