{"id":874559,"date":"2026-03-17T03:40:16","date_gmt":"2026-03-17T03:40:16","guid":{"rendered":"https:\/\/www.europesays.com\/de\/874559\/"},"modified":"2026-03-17T03:40:16","modified_gmt":"2026-03-17T03:40:16","slug":"olivia-jones-sie-moechte-gil-ofarim-nicht-beim-promi-buessen-dabei-haben","status":"publish","type":"post","link":"https:\/\/www.europesays.com\/de\/874559\/","title":{"rendered":"Olivia Jones: Sie m\u00f6chte Gil Ofarim nicht beim &#8222;Promi-B\u00fc\u00dfen&#8220; dabei haben"},"content":{"rendered":"<p>Interview<\/p>\n<p>  Olivia Jones: Sie m\u00f6chte Gil Ofarim nicht beim &#8222;Promi-B\u00fc\u00dfen&#8220; dabei haben &#8211; aus diesem Grund<\/p>\n<p>Nach dem Dschungelcamp ist vor dem gro\u00dfen &#8222;Promi-B\u00fc\u00dfen&#8220;: Wir haben Olivia Jones bei der Er\u00f6ffnung ihrer neuen Bar &#8222;Olivias Dschungel Bar&#8220; in Hamburg getroffen und sie gefragt, wen sie sich f\u00fcr die diesj\u00e4hrige Staffel der erfolgreichen ProSieben-Show als Kandidaten w\u00fcnsche w\u00fcrde &#8211; und ob Dschungelk\u00f6nig Gil Ofarim auf ihrer Wunschliste steht &#8230;<\/p>\n<p>Olivia Jones: Diesen Reality-Star w\u00fcrde sie gern bei &#8222;Das gro\u00dfe Promi-B\u00fc\u00dfen&#8220; sehen<\/p>\n<p>Das Dschungelcamp ist erst vor vier Wochen zu Ende gegangen, doch Zeit f\u00fcr eine Pause bleibt f\u00fcr Olivia Jones (56), die seit Jahren die IBES-Aftershow-Sendung &#8222;Die Stunde danach&#8220; moderiert, nicht wirklich: Gerade erst <strong>er\u00f6ffnete die Kult-Dragqueen auf der Reeperbahn in Hamburg Deutschlands erste Reality-Bar<\/strong>, die auf den Namen &#8222;Olivias Dschungel Bar&#8220; h\u00f6rt. Hier d\u00fcrfen sich G\u00e4ste auf Reality-Quizze, Dschungelpr\u00fcfungen und mehr freuen. Aber damit nicht genug, denn auch die <strong>neue Staffel der ProSieben-Show &#8222;Das gro\u00dfe Promi-B\u00fc\u00dfen&#8220; <\/strong>steht gef\u00fchlt schon wieder in den Startl\u00f6chern. Wir haben mal bei Olivia nachgefragt, wen sie sich in diesem Jahr als Kandidaten oder als Kandidatin w\u00fcnschen w\u00fcrde &#8230;<\/p>\n<p>Gil Ofarim beim &#8222;Promi-B\u00fc\u00dfen&#8220;? &#8222;Das muss ich nicht haben&#8220;<\/p>\n<p>Wen Olivia Jones bestens geeignet f\u00fcr das &#8222;Promi-B\u00fc\u00dfen&#8220; h\u00e4lt?<strong> Aleks Petrovic (35),<\/strong> der nach &#8222;Temptation Island VIP&#8220; und &#8222;Couple Challenge&#8220; wohl so einiges zu b\u00fc\u00dfen h\u00e4tte:<strong> &#8222;Ich w\u00fcrde mir Aleks Petrovic w\u00fcnschen. Den f\u00e4nde ich ganz gut&#8220;,<\/strong> verriet uns die 56-J\u00e4hrige lachend. Wen die Moderatorin aber weniger gern beim &#8222;Promi-B\u00fc\u00dfen&#8220; dabei h\u00e4tte, ist der <a href=\"https:\/\/www.ok-magazin.de\/tv-streaming\/dschungelcamp-sieg-gil-ofarim-ist-dschungelkoenig-2026-samira-yavuz-auf-platz-2-112024.html\" data-entity-type=\"node\" data-entity-uuid=\"bc830196-6e2c-475f-a2c8-c9bac113fa0b\" data-entity-substitution=\"canonical\" rel=\"nofollow noopener\" target=\"_blank\">amtierende Dschungelk\u00f6nig Gil Ofarim (43)<\/a>, der schon rund um die diesj\u00e4hrige IBES-Staffel f\u00fcr eine riesige Kontroverse gesorgt hatte. Olivia erkl\u00e4rte:\u00a0<\/p>\n<blockquote>\n<p>Also Gil, da w\u00fcrde ich nicht nochmal diesen ganzen Schwachsinn wieder durchmachen und zum dreimillionsten Mal kl\u00e4ren wollen, was war jetzt in den zwei Sekunden Kamera und wer hat da gelogen und warum und was ist mit der Stadt Leipzig, was sagt die dazu? <strong>Also das muss ich ja nicht haben,<\/strong><\/p>\n<\/blockquote>\n<p>so die deutlichen Worte der TV-Ikone.\u00a0<\/p>\n<p>Doch Olivia ist sich sicher, dass der Cast auch ohne Gil Ofarim grandios wird: <strong>&#8222;Wir werden schon gute Kandidaten finden.&#8220; <\/strong>Sie selbst m\u00f6chte \u00fcbrigens unter keinen Umst\u00e4nden noch einmal als Kandidatin an einer Reality-TV-Show teilnehmen: &#8222;Nein, also man wird mich nie mehr wiedersehen als Kandidat. Aber mir reicht das, ich finde das super, dass ich &#8218;Die Stunde danach&#8216; moderiere und dass auch das &#8218;Promi-B\u00fc\u00dfen&#8216; so erfolgreich ist, weil es f\u00fcr mich auch ein Herzensprojekt ist.&#8220; F\u00fcr sie sei &#8222;Das gro\u00dfe Promi-B\u00fc\u00dfen&#8220; etwas Besonderes, denn: &#8222;Ich freue mich immer, dass sich die Kandidaten mir gegen\u00fcber wirklich so \u00f6ffnen und den Zuschauern dann erkl\u00e4ren, wieso die Zusammenh\u00e4nge so sind, warum haben sie diese Wutausbr\u00fcche und so, warum sind sie oftmals so traurig. <strong>Weil jeder von uns hat eine Geschichte.<\/strong> Und diese Geschichten kommen leider in der normalen Reality viel zu kurz.&#8220;<\/p>\n<p><strong>Verwendete Quellen:<\/strong> Eigenes Interview<\/p>\n","protected":false},"excerpt":{"rendered":"Interview Olivia Jones: Sie m\u00f6chte Gil Ofarim nicht beim &#8222;Promi-B\u00fc\u00dfen&#8220; dabei haben &#8211; aus diesem Grund Nach dem&hellip;\n","protected":false},"author":2,"featured_media":874560,"comment_status":"","ping_status":"","sticky":false,"template":"","format":"standard","meta":{"footnotes":"","_share_on_mastodon":"0"},"categories":[1773],"tags":[121752,193231,106064,29,933,214,30,21125,11164,168661,471,1780,215],"class_list":["post-874559","post","type-post","status-publish","format-standard","has-post-thumbnail","category-serien","tag-aleks-petrovic","tag-das-grosse-promi-buessen","tag-deutsche-stars","tag-deutschland","tag-dschungelcamp","tag-entertainment","tag-germany","tag-gil-ofarim","tag-olivia-jones","tag-reality-shows","tag-serien","tag-series","tag-unterhaltung"],"share_on_mastodon":{"url":"https:\/\/pubeurope.com\/@de\/116242443584183795","error":""},"_links":{"self":[{"href":"https:\/\/www.europesays.com\/de\/wp-json\/wp\/v2\/posts\/874559","targetHints":{"allow":["GET"]}}],"collection":[{"href":"https:\/\/www.europesays.com\/de\/wp-json\/wp\/v2\/posts"}],"about":[{"href":"https:\/\/www.europesays.com\/de\/wp-json\/wp\/v2\/types\/post"}],"author":[{"embeddable":true,"href":"https:\/\/www.europesays.com\/de\/wp-json\/wp\/v2\/users\/2"}],"replies":[{"embeddable":true,"href":"https:\/\/www.europesays.com\/de\/wp-json\/wp\/v2\/comments?post=874559"}],"version-history":[{"count":0,"href":"https:\/\/www.europesays.com\/de\/wp-json\/wp\/v2\/posts\/874559\/revisions"}],"wp:featuredmedia":[{"embeddable":true,"href":"https:\/\/www.europesays.com\/de\/wp-json\/wp\/v2\/media\/874560"}],"wp:attachment":[{"href":"https:\/\/www.europesays.com\/de\/wp-json\/wp\/v2\/media?parent=874559"}],"wp:term":[{"taxonomy":"category","embeddable":true,"href":"https:\/\/www.europesays.com\/de\/wp-json\/wp\/v2\/categories?post=874559"},{"taxonomy":"post_tag","embeddable":true,"href":"https:\/\/www.europesays.com\/de\/wp-json\/wp\/v2\/tags?post=874559"}],"curies":[{"name":"wp","href":"https:\/\/api.w.org\/{rel}","templated":true}]}}