{"id":874664,"date":"2026-03-17T04:39:16","date_gmt":"2026-03-17T04:39:16","guid":{"rendered":"https:\/\/www.europesays.com\/de\/874664\/"},"modified":"2026-03-17T04:39:16","modified_gmt":"2026-03-17T04:39:16","slug":"rb-leipzig-insta-foto-kurz-vorm-spiel-johan-bakayoko-postet-luxus-teddys-aus-der-kabine-sport","status":"publish","type":"post","link":"https:\/\/www.europesays.com\/de\/874664\/","title":{"rendered":"RB Leipzig: Insta-Foto kurz vorm Spiel! Johan Bakayoko postet Luxus-Teddys aus der Kabine | Sport"},"content":{"rendered":"<p><a class=\"skip-content skip-content--link\" href=\"#in-content-skip-link-target-v-0-0\">TTS-Player \u00fcberspringen\u21b5<\/a><a id=\"in-content-skip-link-target-v-0-0\" class=\"skip-content--target-link-hidden skip-content skip-content--target-link\" href=\"#in-content-skip-link-target-v-0-0\">Artikel weiterlesen<\/a><\/p>\n<p><b>Champions League in Gefahr! RB Leipzig hat beim 0:1 in Stuttgart <\/b><a href=\"https:\/\/www.bild.de\/sport\/fussball\/rb-leipzig-torwart-leitete-pleite-ein-kollegen-troesten-patzenden-maarten-vandevoordt-69b743fe17184da7cffdac71\" class=\"text-link\" rel=\"nofollow noopener\" target=\"_blank\"><b>wieder Big Points liegen lassen<\/b><\/a><b>. Auch, weil es einmal mehr keinen Impuls von der Bank gab. Stars wie Johan Bakayoko (22), der in der 71. Minute f\u00fcr Antonio Nusa (20) eingewechselt wurde, z\u00fcndeten nicht. Seine auff\u00e4lligste Szene auf dem Rasen: ein falscher Einwurf in der Nachspielzeit! <\/b><\/p>\n<p>Weil der Fokus fehlte? Statt sich voll auf das so wichtige Duell um die K\u00f6nigsklasse zu konzentrieren, postet er gut eine Stunde vor Anpfiff auf Instagram ein Foto aus der G\u00e4stekabine. Vor seinem Trikot stehen dabei zwei Luxustaschen von Louis Vuitton (Modell: Keepall 25 und Keepall 45), die zusammen rund 5500 Euro kosten. An der gr\u00f6\u00dferen der beiden Exemplare h\u00e4ngen dazu zwei Schmuck-Teddys der Edelmarke\u00a0\u2013 Louis Snow (1100 Euro) und Louis Bear (1050 Euro).<\/p>\n<p><img decoding=\"async\" width=\"992\" height=\"1178\" alt=\"Die Taschen-Sammlung mitsamt der Teddys in der Kabine\" src=\"https:\/\/www.europesays.com\/de\/wp-content\/uploads\/2026\/03\/cd6da60e2c826ddd2d2a3040ffddf239,d3111027.jpeg\"   class=\"portrait\" loading=\"lazy\"\/><\/p>\n<p class=\"fig__caption__text\">Die Taschen-Sammlung mitsamt der Teddys in der Kabine <\/p>\n<p>Ein Instagram-Post, der Fragen zum Fokus aufwirft. Denn auf dem Rasen z\u00fcndete er erneut nicht so wie in der Hinrunde, als er noch unumstrittener Stammspieler war.<\/p>\n<p>Teammanagerin flucht im Stadiongang<\/p>\n<p>Trainer Ole Werner (37) nimmt den Fl\u00fcgelflitzer sportlich trotzdem in Schutz, sagt auf BILD-Nachfrage: \u201eEr war lange raus. Es ist ihm anzumerken, dass er seinen Rhythmus sucht. Trotzdem liegt es auch an uns, ihn immer wieder \u00fcber Trainingsarbeit und Eins\u00e4tze wieder dahin zu f\u00fchren.\u201c<\/p>\n<p><img decoding=\"async\" width=\"992\" height=\"1178\" alt=\"Teammanagement-Leiterin Franziska Pietschmann (37, l.) neben Teammanager Babacar N\u2019Diaye (52)\" src=\"https:\/\/www.europesays.com\/de\/wp-content\/uploads\/2026\/03\/0c26fa0e5d337a3766bc4582dc777833,d16f536b.jpeg\"   class=\"portrait\" loading=\"lazy\"\/><\/p>\n<p class=\"fig__caption__text\">Teammanagement-Leiterin Franziska Pietschmann (37, l.) neben Teammanager Babacar N\u2019Diaye (52)<\/p>\n<p>Foto: picture alliance\/M.i.S.<\/p>\n<p>Mit Bakayoko scheint es allerdings auch neben dem Platz Probleme zu geben. Teammanagement-Leiterin Franziska Pietschmann (37) wirkte in Stuttgart dabei besonders gefrustet.<\/p>\n<p>\u201eEr braucht immer am l\u00e4ngsten\u201c<\/p>\n<p>Kurz nachdem der Fl\u00fcgelflitzer als letzter Profi von <a href=\"https:\/\/www.bild.de\/sport\/fussball\/rb-leipzig\/startseite-leipzig-31148870.bild.html\" class=\"text-link\" rel=\"nofollow noopener\" target=\"_blank\">RB Leipzig<\/a> mit Teddys und Taschen durch den Stadiongang zum Bus geschlurft war, folgte sie ihm schlecht gelaunt mit Teammanager Babacar N\u2019Diaye (52). Pietschmann schimpfte dabei lautstark: \u201eUnser Flieger geht in 30 Minuten und er braucht immer am l\u00e4ngsten, ist immer der Letzte.\u201c <\/p>\n<p>W\u00fctende Worte, die sich ganz offensichtlich auch an Bakayoko richteten\u00a0\u2026<\/p>\n","protected":false},"excerpt":{"rendered":"TTS-Player \u00fcberspringen\u21b5Artikel weiterlesen Champions League in Gefahr! RB Leipzig hat beim 0:1 in Stuttgart wieder Big Points liegen&hellip;\n","protected":false},"author":2,"featured_media":874665,"comment_status":"","ping_status":"","sticky":false,"template":"","format":"standard","meta":{"footnotes":"","_share_on_mastodon":"0"},"categories":[1832],"tags":[3364,29,538,30,71,64369,1655,859,803,3460,4581,45,539],"class_list":["post-874664","post","type-post","status-publish","format-standard","has-post-thumbnail","category-leipzig","tag-de","tag-deutschland","tag-erste-bundesliga","tag-germany","tag-leipzig","tag-louis-vuitton","tag-rb-leipzig","tag-sachsen","tag-spielertransfer","tag-sport-leuchtturm-leipzig","tag-sport-tag-im-ticker","tag-texttospeech","tag-werner-ole"],"share_on_mastodon":{"url":"https:\/\/pubeurope.com\/@de\/116242675543794846","error":""},"_links":{"self":[{"href":"https:\/\/www.europesays.com\/de\/wp-json\/wp\/v2\/posts\/874664","targetHints":{"allow":["GET"]}}],"collection":[{"href":"https:\/\/www.europesays.com\/de\/wp-json\/wp\/v2\/posts"}],"about":[{"href":"https:\/\/www.europesays.com\/de\/wp-json\/wp\/v2\/types\/post"}],"author":[{"embeddable":true,"href":"https:\/\/www.europesays.com\/de\/wp-json\/wp\/v2\/users\/2"}],"replies":[{"embeddable":true,"href":"https:\/\/www.europesays.com\/de\/wp-json\/wp\/v2\/comments?post=874664"}],"version-history":[{"count":0,"href":"https:\/\/www.europesays.com\/de\/wp-json\/wp\/v2\/posts\/874664\/revisions"}],"wp:featuredmedia":[{"embeddable":true,"href":"https:\/\/www.europesays.com\/de\/wp-json\/wp\/v2\/media\/874665"}],"wp:attachment":[{"href":"https:\/\/www.europesays.com\/de\/wp-json\/wp\/v2\/media?parent=874664"}],"wp:term":[{"taxonomy":"category","embeddable":true,"href":"https:\/\/www.europesays.com\/de\/wp-json\/wp\/v2\/categories?post=874664"},{"taxonomy":"post_tag","embeddable":true,"href":"https:\/\/www.europesays.com\/de\/wp-json\/wp\/v2\/tags?post=874664"}],"curies":[{"name":"wp","href":"https:\/\/api.w.org\/{rel}","templated":true}]}}