{"id":874710,"date":"2026-03-17T05:05:16","date_gmt":"2026-03-17T05:05:16","guid":{"rendered":"https:\/\/www.europesays.com\/de\/874710\/"},"modified":"2026-03-17T05:05:16","modified_gmt":"2026-03-17T05:05:16","slug":"ein-sommer-in-italien-wm-1990-feiert-premiere-matthaeus-soeder-und-fast-alle-90er-helden-sport","status":"publish","type":"post","link":"https:\/\/www.europesays.com\/de\/874710\/","title":{"rendered":"\u201eEin Sommer in Italien &#8211; WM 1990\u201c feiert Premiere: Matth\u00e4us, S\u00f6der und fast alle 90er-Helden! | Sport"},"content":{"rendered":"<p><a class=\"skip-content skip-content--link\" href=\"#in-content-skip-link-target-v-0-0\">TTS-Player \u00fcberspringen\u21b5<\/a><a id=\"in-content-skip-link-target-v-0-0\" class=\"skip-content--target-link-hidden skip-content skip-content--target-link\" href=\"#in-content-skip-link-target-v-0-0\">Artikel weiterlesen<\/a><\/p>\n<p><b>Gerade wurden in Hollywood die Oscars verliehen. Heute erlebt M\u00fcnchen das n\u00e4chste Film-Highlight: die gro\u00dfe Premiere von \u201e<\/b><a href=\"https:\/\/www.bild.de\/sport\/fussball\/fussball-was-matthaeus-zu-traenen-ruehrte-bewegender-moment-im-neuen-wm-film-69adc9ac34522efe6e33b2cd\" class=\"text-link\" rel=\"nofollow noopener\" target=\"_blank\"><b>Ein Sommer in Italien \u2013 WM 1990<\/b><\/a><b>\u201c mit den Weltmeistern bei der Vorf\u00fchrung im \u201eMath\u00e4ser Filmpalast\u201c. Es ist die gro\u00dfe Fu\u00dfball-Doku \u00fcber den Titelgewinn der deutschen Mannschaft in Italien. <\/b><\/p>\n<p>Promi-Auflauf am Abend in M\u00fcnchen: Fast alle der WM-Helden und Co-Trainer Holger Osieck (77) treffen am Kino ein. Auch Bayerns Ministerpr\u00e4sident Markus S\u00f6der (59) ist dabei. Der CSU-Politiker wurde pers\u00f6nlich von Lothar Matth\u00e4us (64) eingeladen. Der WM-Held hatte einst seinen Bayerischen Verdienstorden bei einem seiner Umz\u00fcge verloren. Bekam ihn dann von S\u00f6der zu seinem 60. Geburtstag ersetzt.<\/p>\n<p><img decoding=\"async\" width=\"992\" height=\"675\" alt=\"Auch Tennis-Legende Boris Becker (58) \u201ekickte\u201c in M\u00fcnchen mit\" src=\"https:\/\/www.europesays.com\/de\/wp-content\/uploads\/2026\/03\/cc2d83361b8c5017108dd005daee2b88,1a720c67.jpeg\"   class=\"dynamic\" loading=\"lazy\"\/><\/p>\n<p class=\"fig__caption__text\">Auch Tennis-Legende Boris Becker (58) \u201ekickte\u201c in M\u00fcnchen mit<\/p>\n<p>Foto: Sven Hoppe\/dpa<\/p>\n<p>Tr\u00e4nen! G\u00e4nsehaut! Emotionen! Und ganz viele tolle Erinnerungen an den unglaublichen Titelgewinn. Lothar Matth\u00e4us (64) zu BILD: \u201eIch erinnere mich gerne an diesen Zusammenhalt in der Mannschaft. Es war eine tolle Stimmung und Rudi V\u00f6ller hat es mal vor ein paar Monaten gesagt: Er hat die Weltmeisterschaft mit seinen Freunden gewonnen.\u201c<\/p>\n<p>Begeistert von dem Film ist Pierre Littbarski (65): \u201eDas erste Mal war es komisch, aber beim zweiten Mal kamen mir die Tr\u00e4nen. Da wird man wirklich zur\u00fcckversetzt in seine noch mal j\u00fcngeren Jahre und da w\u00fcnscht man sich die Zeit noch einmal zur\u00fcck.\u201c<\/p>\n<p><img decoding=\"async\" width=\"992\" height=\"558\" alt=\"Unsere WM-Helden von 1990! Hintere Reihe von links: J\u00fcrgen Klinsmann (61), Andy K\u00f6pcke (64), Holger Osieck (77), Guido Buchwald (65), Hansi Pfl\u00fcgler (65), Paul Steiner (69), vorne von links: Stefan Reuter (59), Klaus Augenthaler (68), Thomas H\u00e4\u00dfler (59), Pierre Littbarski (65), Lothar Matth\u00e4us (64), Raimond Aumann (62), Rudi V\u00f6ller (65)\" src=\"https:\/\/www.europesays.com\/de\/wp-content\/uploads\/2026\/03\/e6e82c0b8ef31dfc481f4aff8e1ad5a3,6717bc85.jpeg\"   class=\"landscape\" loading=\"lazy\"\/><\/p>\n<p class=\"fig__caption__text\">Unsere WM-Helden von 1990! Hintere Reihe von links: J\u00fcrgen Klinsmann (61), Andy K\u00f6pcke (64), Holger Osieck (77), Guido Buchwald (65), Hansi Pfl\u00fcgler (65), Paul Steiner (69), vorne von links: Stefan Reuter (59), Klaus Augenthaler (68), Thomas H\u00e4\u00dfler (59), Pierre Littbarski (65), Lothar Matth\u00e4us (64), Raimond Aumann (62), Rudi V\u00f6ller (65)<\/p>\n<p>Foto: Sven Hoppe\/dpa<\/p>\n<p>Am 8. Juli 1990 hatte Andy Brehme (\u2020 63) Deutschland zum WM-Titel geschossen \u2013 mit dem Elfmeter-Tor, das jeder Fu\u00dfballfan kennt. Bei der Premiere erinnert Lothar Matth\u00e4us (64) an den im Februar 2024 verstorbenen Torsch\u00fctzen: \u201eWenn es durch so was wie diesen Film wieder hochkommt, dann denke ich: Wow, was haben wir miteinander erlebt. Ich habe auch zu Hause noch einige Andenken. Wir waren Zimmerkollegen, haben auch privat viel erlebt, haben es auch mal krachen lassen. Alle vermissen ihn.\u201c<\/p>\n<p>Auch Brehmes langj\u00e4hrige Lebensgef\u00e4hrtin Susanne Schaefer war bei der Veranstaltung dabei, ebenso wie Heidi Beckenbauer. Bei den Toren der deutschen Mannschaft, brandete stets Beifall der rund 1000 Zuschauer in den Kinos\u00e4len auf. Besonders gefeiert wurde nat\u00fcrlich der entscheidende Treffer zum WM-Titel.<\/p>\n<p>Interessant: Die Mannschaft hat sich \u00fcbrigens zuletzt im Sommer 2025 in Herzogenaurach getroffen. Zum 35-j\u00e4hrigen WM-Jubil\u00e4um bei Adidas. \u00dcber zehn Jahre sp\u00e4ter nun das gro\u00dfe Klassentreffen zur Filmpremiere, bei der auch Jutta Speidel, B\u00e4rbel Sch\u00e4fer und Giulia Siegel\u00a0erschienen.<\/p>\n<p><img decoding=\"async\" width=\"992\" height=\"558\" alt=\"Herzliche Begr\u00fc\u00dfung! Lothar Matth\u00e4us (64) und Olaf Thon (59) nehmen sich in die Arme\" src=\"https:\/\/www.europesays.com\/de\/wp-content\/uploads\/2026\/03\/783b7aa7d446ff1001f0afe8844ee03c,2002e8f1.jpeg\"   class=\"landscape\" loading=\"lazy\"\/><\/p>\n<p class=\"fig__caption__text\">Herzliche Begr\u00fc\u00dfung! Lothar Matth\u00e4us und Olaf Thon (59\/r.) nehmen sich in die Arme <\/p>\n<p>Foto: Sven Hoppe\/dpa<\/p>\n<p>Inspiriert wurde der Film vom SPIEGEL-Bestseller \u201eWir Helden von Rom\u201c des freien Sportjournalisten Nils Suling (u.a. BILD und SPORT BILD), der nat\u00fcrlich auch in M\u00fcnchen neben den Weltmeistern dabei war. <\/p>\n<p>Spa\u00dfvogel Litti ist im Film \u00fcbrigens als Reporter zu sehen. Um dem Lagerkoller entgegenzuwirken, drehte er mal den Spie\u00df um, interviewte vor laufender Kamera Reporter\u00a0\u2013 darunter auch BILD-Legende Benno Weber.<\/p>\n","protected":false},"excerpt":{"rendered":"TTS-Player \u00fcberspringen\u21b5Artikel weiterlesen Gerade wurden in Hollywood die Oscars verliehen. Heute erlebt M\u00fcnchen das n\u00e4chste Film-Highlight: die gro\u00dfe&hellip;\n","protected":false},"author":2,"featured_media":874711,"comment_status":"","ping_status":"","sticky":false,"template":"","format":"standard","meta":{"footnotes":"","_share_on_mastodon":"0"},"categories":[136],"tags":[1263,69954,190493,1260,29,190492,30,146995,28747,265,1576,45],"class_list":["post-874710","post","type-post","status-publish","format-standard","has-post-thumbnail","category-sport","tag-aufmacher-bereich","tag-beckenbauer-franz","tag-brehme-andreas","tag-deutsche-nationalmannschaft","tag-deutschland","tag-fussball-wm-1990","tag-germany","tag-littbarski-pierre","tag-matthaeus-lothar","tag-sport","tag-super-a-teaser","tag-texttospeech"],"share_on_mastodon":{"url":"https:\/\/pubeurope.com\/@de\/116242777925131661","error":""},"_links":{"self":[{"href":"https:\/\/www.europesays.com\/de\/wp-json\/wp\/v2\/posts\/874710","targetHints":{"allow":["GET"]}}],"collection":[{"href":"https:\/\/www.europesays.com\/de\/wp-json\/wp\/v2\/posts"}],"about":[{"href":"https:\/\/www.europesays.com\/de\/wp-json\/wp\/v2\/types\/post"}],"author":[{"embeddable":true,"href":"https:\/\/www.europesays.com\/de\/wp-json\/wp\/v2\/users\/2"}],"replies":[{"embeddable":true,"href":"https:\/\/www.europesays.com\/de\/wp-json\/wp\/v2\/comments?post=874710"}],"version-history":[{"count":0,"href":"https:\/\/www.europesays.com\/de\/wp-json\/wp\/v2\/posts\/874710\/revisions"}],"wp:featuredmedia":[{"embeddable":true,"href":"https:\/\/www.europesays.com\/de\/wp-json\/wp\/v2\/media\/874711"}],"wp:attachment":[{"href":"https:\/\/www.europesays.com\/de\/wp-json\/wp\/v2\/media?parent=874710"}],"wp:term":[{"taxonomy":"category","embeddable":true,"href":"https:\/\/www.europesays.com\/de\/wp-json\/wp\/v2\/categories?post=874710"},{"taxonomy":"post_tag","embeddable":true,"href":"https:\/\/www.europesays.com\/de\/wp-json\/wp\/v2\/tags?post=874710"}],"curies":[{"name":"wp","href":"https:\/\/api.w.org\/{rel}","templated":true}]}}