{"id":874921,"date":"2026-03-17T07:03:15","date_gmt":"2026-03-17T07:03:15","guid":{"rendered":"https:\/\/www.europesays.com\/de\/874921\/"},"modified":"2026-03-17T07:03:15","modified_gmt":"2026-03-17T07:03:15","slug":"amtliche-warnungen-in-192-kreisen-und-schnee","status":"publish","type":"post","link":"https:\/\/www.europesays.com\/de\/874921\/","title":{"rendered":"Amtliche Warnungen in 192 Kreisen und Schnee"},"content":{"rendered":"<p>Bis zu 20 Zentimeter Schnee <\/p>\n<p>Amtliche Warnungen in 192 Kreisen und St\u00e4dten<\/p>\n<p>Aktualisiert am 17.03.2026 &#8211; 07:59 UhrLesedauer: 1 Min.<\/p>\n<p><a href=\"#focus-0\" class=\"transition-colors duration-200 block text-current relative\" data-sctrack=\"FocusGalleryImage.Reference\"><img fetchpriority=\"high\" data-testid=\"Opener.Image\" style=\"--lqipURL:url('https:\/\/images.t-online.de\/2026\/03\/Of1cT4HMnSpw\/0x107:2048x1152\/fit-in\/150x0\/filters:blur(25)\/260317frostfichtelberg-news-id-en-2026-03-16-frost-von-minus-5-grad-und-schnee-auf-dem-fichtelberg-oberwiesenthal-kraeftige-schneefaelle-und-graupelschauer-bis-teils-auf-400-hoehenmeter-herab-haben-am-montagnachmittag-und-abend-fuer-glatte-strassen-in-sachsen-gesorgt-tief-winterlich-und-frostig-zeigte-sich-am-montagabend-der-1215-meter-hohe-fichtelberg-frost-und-schnee-haben-hier-den-winter-zurueckgebracht-biergarten-feeling-kommt-hier-derzeit-nicht-auf-das-thermometer-sank-am-montagabend-auf-frostige-minus.jpg')\"   loading=\"eager\" src=\"https:\/\/www.europesays.com\/de\/wp-content\/uploads\/2026\/03\/260317frostfichtelberg-news-id-en-2026-03-16-frost-von-minus-5-grad-und-schnee-auf-dem-fichtelberg-o.jpeg\" alt=\"imago images 0850795616\" title=\"imago images 0850795616\" width=\"2048\" height=\"1152\" class=\"bg-[url:var(--lqipURL)] bg-cover bg-center flex h-full w-full max-w-full\" decoding=\"async\"\/><img style=\"--width:32;--height:32\" loading=\"lazy\" src=\"https:\/\/www.t-online.de\/s\/paper\/_next\/static\/media\/zoom-in.f7dae02f.svg\" alt=\"Vergr\u00f6\u00dfern des Bildes\" title=\"Vergr\u00f6\u00dfern des Bildes\" class=\"block h-[calc(var(--height)_\/_16_*_1rem)] w-[calc(var(--width)_\/_16_*_1rem)] max-w-none absolute bottom-8 right-8 rounded-4 bg-snow p-8\" decoding=\"async\"\/><\/a><\/p>\n<p>Schnee auf dem Fichtelberg: Im Erzgebirge ist der Winter zur\u00fcck. (Quelle: IMAGO\/Andr\u00e9 M\u00e4rz\/imago)<\/p>\n<p class=\"font-bold text-18 leading-17 user-text-lg:text-22 user-text-xl:text-24\">Halb Deutschland leuchtet gelb: Auf der Karte des Deutschen Wetterdienstes sind amtliche Warnungen wegen Frost, Nebel, Schnee und Gl\u00e4tte eingetragen.<\/p>\n<p class=\"text-18 leading-17 user-text-lg:text-22 user-text-xl:text-24\">Am Dienstagmorgen gelten in Deutschland amtliche Warnungen in 192 Landkreisen und St\u00e4dten. In den Alpen erwartet der Deutsche Wetterdienst (DWD) teils noch bis zum sp\u00e4ten Nachmittag Schneefall. In Staulagen oberhalb von 800 Metern sind Mengen von bis zu 20 Zentimetern prognostiziert, oberhalb von 600 Metern sind in mehreren Kreisen 5 Zentimeter angesagt. Verbreitet wird es glatt.<\/p>\n<p class=\"text-18 leading-17 user-text-lg:text-22 user-text-xl:text-24\">Auch ganz im Norden wird es glatt, etwa in Schleswig-Holstein und Mecklenburg-Vorpommern. Au\u00dferdem im Harz, im Sauerland, im Fichtelgebirge, in Franken, im Bayerischen Wald, in der Rh\u00f6n und im Taunus. Im Nordosten Bayerns gelten zudem Warnungen vor Nebel: Gebietsweise betr\u00e4gt die Sicht keine 150 Meter.<\/p>\n<p class=\"text-18 leading-17 user-text-lg:text-22 user-text-xl:text-24\">Fast in der gesamten Osth\u00e4lfte Deutschlands ist am Dienstagmorgen mit leichtem Frost bis minus 3 Grad zu rechnen. In der Nacht zum Mittwoch wird es noch k\u00e4lter: Ganz vereinzelt f\u00e4llt die Temperatur sogar unter minus 5 Grad, warnt der <a class=\"transition-colors duration-200 cursor-pointer text-inherit no-underline text-salemsfur md:hover:text-magenta md:hover:border-magenta md:focus:text-magenta border-current border-b border-solid break-words\" data-tracking=\"{&quot;action&quot;:&quot;click&quot;,&quot;category&quot;:&quot;intextLink&quot;,&quot;label&quot;:&quot;\/themen\/deutscher-wetterdienst\/&quot;}\" href=\"https:\/\/www.t-online.de\/themen\/deutscher-wetterdienst\/\" data-sctrack=\"BodyAnchor\" rel=\"nofollow noopener\" target=\"_blank\">DWD<\/a>. Auf Schwarzwaldgipfeln erwartet der DWD in der kommenden Nacht Sturmb\u00f6en.<\/p>\n","protected":false},"excerpt":{"rendered":"Bis zu 20 Zentimeter Schnee Amtliche Warnungen in 192 Kreisen und St\u00e4dten Aktualisiert am 17.03.2026 &#8211; 07:59 UhrLesedauer:&hellip;\n","protected":false},"author":2,"featured_media":874922,"comment_status":"","ping_status":"","sticky":false,"template":"","format":"standard","meta":{"footnotes":"","_share_on_mastodon":"0"},"categories":[2],"tags":[1434,331,3924,332,3922,7887,3364,950,29,4906,19404,147371,30,42751,13,1351,14,3923,15,3921,21744,12,1971],"class_list":["post-874921","post","type-post","status-publish","format-standard","has-post-thumbnail","category-deutschland","tag-1434","tag-aktuelle-nachrichten","tag-aktuelle-nachrichten-aus-deutschland","tag-aktuelle-news","tag-aktuelle-news-aus-deutschland","tag-alpen","tag-de","tag-deutscher-wetterdienst","tag-deutschland","tag-dwd","tag-erzgebirge","tag-fichtelberg","tag-germany","tag-glaette","tag-headlines","tag-mecklenburg-vorpommern","tag-nachrichten","tag-nachrichten-aus-deutschland","tag-news","tag-news-aus-deutschland","tag-sauerland","tag-schlagzeilen","tag-schleswig-holstein"],"share_on_mastodon":{"url":"https:\/\/pubeurope.com\/@de\/116243241997095682","error":""},"_links":{"self":[{"href":"https:\/\/www.europesays.com\/de\/wp-json\/wp\/v2\/posts\/874921","targetHints":{"allow":["GET"]}}],"collection":[{"href":"https:\/\/www.europesays.com\/de\/wp-json\/wp\/v2\/posts"}],"about":[{"href":"https:\/\/www.europesays.com\/de\/wp-json\/wp\/v2\/types\/post"}],"author":[{"embeddable":true,"href":"https:\/\/www.europesays.com\/de\/wp-json\/wp\/v2\/users\/2"}],"replies":[{"embeddable":true,"href":"https:\/\/www.europesays.com\/de\/wp-json\/wp\/v2\/comments?post=874921"}],"version-history":[{"count":0,"href":"https:\/\/www.europesays.com\/de\/wp-json\/wp\/v2\/posts\/874921\/revisions"}],"wp:featuredmedia":[{"embeddable":true,"href":"https:\/\/www.europesays.com\/de\/wp-json\/wp\/v2\/media\/874922"}],"wp:attachment":[{"href":"https:\/\/www.europesays.com\/de\/wp-json\/wp\/v2\/media?parent=874921"}],"wp:term":[{"taxonomy":"category","embeddable":true,"href":"https:\/\/www.europesays.com\/de\/wp-json\/wp\/v2\/categories?post=874921"},{"taxonomy":"post_tag","embeddable":true,"href":"https:\/\/www.europesays.com\/de\/wp-json\/wp\/v2\/tags?post=874921"}],"curies":[{"name":"wp","href":"https:\/\/api.w.org\/{rel}","templated":true}]}}