{"id":875201,"date":"2026-03-17T09:47:41","date_gmt":"2026-03-17T09:47:41","guid":{"rendered":"https:\/\/www.europesays.com\/de\/875201\/"},"modified":"2026-03-17T09:47:41","modified_gmt":"2026-03-17T09:47:41","slug":"daran-sterben-menschen-vor-70","status":"publish","type":"post","link":"https:\/\/www.europesays.com\/de\/875201\/","title":{"rendered":"Daran sterben Menschen vor 70"},"content":{"rendered":"<p>Vier Krankheiten besonders h\u00e4ufig <\/p>\n<p>Woran Menschen in Deutschland vorzeitig sterben<\/p>\n<ul class=\"grid grid-flow-col gap-4\" aria-label=\"Autorenbilder\">\n<li class=\"leading-0\"><img data-tb-author-image=\"\"  loading=\"lazy\" src=\"https:\/\/www.europesays.com\/de\/wp-content\/uploads\/2025\/07\/1753434253_4_image.jpg\" alt=\"Melanie Rannow\" title=\"Melanie Rannow\" width=\"40\" height=\"40\" class=\"\" decoding=\"async\"\/><\/li>\n<\/ul>\n<p>17.03.2026 &#8211; 10:40 UhrLesedauer: 2 Min.<\/p>\n<p><a href=\"#focus-0\" class=\"transition-colors duration-200 block text-current relative\" data-sctrack=\"FocusGalleryImage.Reference\"><img fetchpriority=\"high\" data-testid=\"Opener.Image\" style=\"--lqipURL:url('https:\/\/images.t-online.de\/2026\/03\/92I-Akxa7HiS\/0x269:4000x2250\/fit-in\/150x0\/filters:blur(25)\/image.jpg')\"   loading=\"eager\" src=\"https:\/\/www.europesays.com\/de\/wp-content\/uploads\/2026\/03\/1773740861_374_image.jpg\" alt=\"1334958542\" title=\"1334958542\" width=\"4000\" height=\"2250\" class=\"bg-[url:var(--lqipURL)] bg-cover bg-center flex h-full w-full max-w-full\" decoding=\"async\"\/><img style=\"--width:32;--height:32\" loading=\"lazy\" src=\"https:\/\/www.t-online.de\/s\/paper\/_next\/static\/media\/zoom-in.f7dae02f.svg\" alt=\"Vergr\u00f6\u00dfern des Bildes\" title=\"Vergr\u00f6\u00dfern des Bildes\" class=\"block h-[calc(var(--height)_\/_16_*_1rem)] w-[calc(var(--width)_\/_16_*_1rem)] max-w-none absolute bottom-8 right-8 rounded-4 bg-snow p-8\" decoding=\"async\"\/><\/a><\/p>\n<p>Fr\u00fche Vorsorge senkt das Risiko: Herz-Kreislauf-Erkrankungen sind in Deutschland die h\u00e4ufigste Todesursache. (Quelle: PeopleImages\/getty-images-bilder)<\/p>\n<p class=\"font-bold text-18 leading-17 user-text-lg:text-22 user-text-xl:text-24\">Viele Menschen sterben verfr\u00fcht \u2013 oft noch vor dem 70. Lebensjahr. Laut Daten des RKI spielen dabei vor allem vier Krankheitsgruppen eine entscheidende Rolle.<\/p>\n<p class=\"text-18 leading-17 user-text-lg:text-22 user-text-xl:text-24\">Weltweit sterben jedes Jahr rund 18 Millionen Menschen vorzeitig an sogenannten nicht\u00fcbertragbaren Krankheiten (Englisch: noncommunicable diseases, kurz NCD). Dazu z\u00e4hlen Erkrankungen, die nicht durch Infektionen entstehen, sondern meist mit Lebensstil, Umwelt und genetischen Faktoren zusammenh\u00e4ngen.<\/p>\n<p class=\"text-18 leading-17 user-text-lg:text-22 user-text-xl:text-24\">Nach Angaben der Weltgesundheitsorganisation <a class=\"transition-colors duration-200 cursor-pointer text-inherit no-underline text-salemsfur md:hover:text-magenta md:hover:border-magenta md:focus:text-magenta border-current border-b border-solid break-words\" data-tracking=\"{&quot;action&quot;:&quot;click&quot;,&quot;category&quot;:&quot;intextLink&quot;,&quot;label&quot;:&quot;\/themen\/who\/&quot;}\" href=\"https:\/\/www.t-online.de\/themen\/who\/\" data-sctrack=\"BodyAnchor\" rel=\"nofollow noopener\" target=\"_blank\">WHO<\/a> entfallen rund 80 Prozent dieser Todesf\u00e4lle auf vier gro\u00dfe Krankheitsgruppen: Krebs, <a class=\"transition-colors duration-200 cursor-pointer text-inherit no-underline text-salemsfur md:hover:text-magenta md:hover:border-magenta md:focus:text-magenta border-current border-b border-solid break-words\" data-tracking=\"{&quot;action&quot;:&quot;click&quot;,&quot;category&quot;:&quot;intextLink&quot;,&quot;label&quot;:&quot;\/gesundheit\/aktuelles\/id_101153720\/herzinfarkt-als-haeufigste-todesursache-bei-frauen-bestaetigt.html&quot;}\" href=\"https:\/\/www.t-online.de\/gesundheit\/aktuelles\/id_101153720\/herzinfarkt-als-haeufigste-todesursache-bei-frauen-bestaetigt.html\" data-sctrack=\"BodyAnchor\" rel=\"nofollow noopener\" target=\"_blank\">Herz-Kreislauf-Erkrankungen<\/a>, Diabetes und Erkrankungen der Atemwege.<\/p>\n<p class=\"text-18 leading-17 user-text-lg:text-22 user-text-xl:text-24\">Auch in Deutschland treten diese Krankheiten h\u00e4ufig auf. Daten des Robert Koch-Instituts (RKI) zeigen: Im Jahr 2023 starben 129.321 Menschen im Alter zwischen 30 und 69 Jahren an einer dieser vier Krankheitsgruppen. Damit geht mehr als jeder zehnte <a class=\"transition-colors duration-200 cursor-pointer text-inherit no-underline text-salemsfur md:hover:text-magenta md:hover:border-magenta md:focus:text-magenta border-current border-b border-solid break-words\" data-tracking=\"{&quot;action&quot;:&quot;click&quot;,&quot;category&quot;:&quot;intextLink&quot;,&quot;label&quot;:&quot;\/themen\/todesfaelle\/&quot;}\" href=\"https:\/\/www.t-online.de\/themen\/todesfaelle\/\" data-sctrack=\"BodyAnchor\" rel=\"nofollow noopener\" target=\"_blank\">Todesfall<\/a> insgesamt in Deutschland auf ein vorzeitiges Sterben in dieser Altersgruppe zur\u00fcck.<\/p>\n<p class=\"text-18 leading-17 user-text-lg:text-22 user-text-xl:text-24\">Die Sterberate lag bei 260 Todesf\u00e4llen pro 100.000 Menschen. Dabei zeigen sich deutliche Unterschiede zwischen den Geschlechtern:<\/p>\n<p class=\"text-18 leading-17 user-text-lg:text-22 user-text-xl:text-24\">Neben genetischen Faktoren gelten vor allem Lebensstil und Umweltbedingungen als wichtige Ursachen f\u00fcr diese Krankheiten. Zu den wichtigsten Risikofaktoren z\u00e4hlen Rauchen, Bewegungsmangel, ungesunde Ern\u00e4hrung sowie Luftverschmutzung.<\/p>\n<p class=\"text-18 leading-17 user-text-lg:text-22 user-text-xl:text-24\">Die Daten zeigen auch deutliche Unterschiede innerhalb Deutschlands. Besonders hoch ist die Sterberate demnach in Sachsen-Anhalt, Mecklenburg-Vorpommern und <a class=\"transition-colors duration-200 cursor-pointer text-inherit no-underline text-salemsfur md:hover:text-magenta md:hover:border-magenta md:focus:text-magenta border-current border-b border-solid break-words\" data-tracking=\"{&quot;action&quot;:&quot;click&quot;,&quot;category&quot;:&quot;intextLink&quot;,&quot;label&quot;:&quot;https:\/\/bremen.t-online.de\/region\/bremen\/&quot;}\" href=\"https:\/\/bremen.t-online.de\/region\/bremen\/\" data-sctrack=\"BodyAnchor\" rel=\"nofollow noopener\" target=\"_blank\">Bremen<\/a>. Die niedrigsten Werte finden sich dagegen in Baden-W\u00fcrttemberg, Bayern und <a class=\"transition-colors duration-200 cursor-pointer text-inherit no-underline text-salemsfur md:hover:text-magenta md:hover:border-magenta md:focus:text-magenta border-current border-b border-solid break-words\" data-tracking=\"{&quot;action&quot;:&quot;click&quot;,&quot;category&quot;:&quot;intextLink&quot;,&quot;label&quot;:&quot;https:\/\/hamburg.t-online.de\/region\/hamburg\/&quot;}\" href=\"https:\/\/hamburg.t-online.de\/region\/hamburg\/\" data-sctrack=\"BodyAnchor\" rel=\"nofollow noopener\" target=\"_blank\">Hamburg<\/a>.<\/p>\n<p class=\"text-18 leading-17 user-text-lg:text-22 user-text-xl:text-24\">Auch die soziale Lage spielt laut <a class=\"transition-colors duration-200 cursor-pointer text-inherit no-underline text-salemsfur md:hover:text-magenta md:hover:border-magenta md:focus:text-magenta border-current border-b border-solid break-words\" data-tracking=\"{&quot;action&quot;:&quot;click&quot;,&quot;category&quot;:&quot;intextLink&quot;,&quot;label&quot;:&quot;\/themen\/robert-koch-institut\/&quot;}\" href=\"https:\/\/www.t-online.de\/themen\/robert-koch-institut\/\" data-sctrack=\"BodyAnchor\" rel=\"nofollow noopener\" target=\"_blank\">RKI<\/a> eine wichtige Rolle: In Regionen mit hoher sozialer Benachteiligung lag die Sterberate mit 313 Todesf\u00e4llen pro 100.000 Menschen rund 42 Prozent h\u00f6her als in Regionen mit niedriger sozialer Belastung.<\/p>\n","protected":false},"excerpt":{"rendered":"Vier Krankheiten besonders h\u00e4ufig Woran Menschen in Deutschland vorzeitig sterben 17.03.2026 &#8211; 10:40 UhrLesedauer: 2 Min. Fr\u00fche Vorsorge&hellip;\n","protected":false},"author":2,"featured_media":875202,"comment_status":"","ping_status":"","sticky":false,"template":"","format":"standard","meta":{"footnotes":"","_share_on_mastodon":"0"},"categories":[2],"tags":[522,331,3924,332,3922,38483,3364,29,30,13,193311,14,3923,15,3921,16256,12,3533,757,5494],"class_list":["post-875201","post","type-post","status-publish","format-standard","has-post-thumbnail","category-deutschland","tag-522","tag-aktuelle-nachrichten","tag-aktuelle-nachrichten-aus-deutschland","tag-aktuelle-news","tag-aktuelle-news-aus-deutschland","tag-atemwege","tag-de","tag-deutschland","tag-germany","tag-headlines","tag-krankheitsgruppe","tag-nachrichten","tag-nachrichten-aus-deutschland","tag-news","tag-news-aus-deutschland","tag-rki","tag-schlagzeilen","tag-todesfall","tag-weltgesundheitsorganisation","tag-who"],"share_on_mastodon":{"url":"https:\/\/pubeurope.com\/@de\/116243886773696332","error":""},"_links":{"self":[{"href":"https:\/\/www.europesays.com\/de\/wp-json\/wp\/v2\/posts\/875201","targetHints":{"allow":["GET"]}}],"collection":[{"href":"https:\/\/www.europesays.com\/de\/wp-json\/wp\/v2\/posts"}],"about":[{"href":"https:\/\/www.europesays.com\/de\/wp-json\/wp\/v2\/types\/post"}],"author":[{"embeddable":true,"href":"https:\/\/www.europesays.com\/de\/wp-json\/wp\/v2\/users\/2"}],"replies":[{"embeddable":true,"href":"https:\/\/www.europesays.com\/de\/wp-json\/wp\/v2\/comments?post=875201"}],"version-history":[{"count":0,"href":"https:\/\/www.europesays.com\/de\/wp-json\/wp\/v2\/posts\/875201\/revisions"}],"wp:featuredmedia":[{"embeddable":true,"href":"https:\/\/www.europesays.com\/de\/wp-json\/wp\/v2\/media\/875202"}],"wp:attachment":[{"href":"https:\/\/www.europesays.com\/de\/wp-json\/wp\/v2\/media?parent=875201"}],"wp:term":[{"taxonomy":"category","embeddable":true,"href":"https:\/\/www.europesays.com\/de\/wp-json\/wp\/v2\/categories?post=875201"},{"taxonomy":"post_tag","embeddable":true,"href":"https:\/\/www.europesays.com\/de\/wp-json\/wp\/v2\/tags?post=875201"}],"curies":[{"name":"wp","href":"https:\/\/api.w.org\/{rel}","templated":true}]}}