{"id":875274,"date":"2026-03-17T10:27:15","date_gmt":"2026-03-17T10:27:15","guid":{"rendered":"https:\/\/www.europesays.com\/de\/875274\/"},"modified":"2026-03-17T10:27:15","modified_gmt":"2026-03-17T10:27:15","slug":"es-ist-toll-sie-zurueckzuhaben-yellowstone-fortsetzung-dutton-ranch-rueckt-naeher-und-fans-sind-jetzt-schon-aus-dem-haeuschen","status":"publish","type":"post","link":"https:\/\/www.europesays.com\/de\/875274\/","title":{"rendered":"&#8222;Es ist toll, sie zur\u00fcckzuhaben&#8220;:\u00a0Yellowstone-Fortsetzung Dutton Ranch r\u00fcckt n\u00e4her und Fans sind jetzt schon aus dem H\u00e4uschen"},"content":{"rendered":"<p>Die Mutterserie <a data-ga-on=\"click,auxclick,contextmenu\" data-ga-event-category=\"Article\" data-ga-event-action=\"Internal Link Text\" data-ga-event-label=\"Click\" title=\"Yellowstone\" href=\"https:\/\/www.moviepilot.de\/serie\/yellowstone\" class=\"sc-6a922024-0 dZMhco mp_article_parsed_internal_link\" rel=\"nofollow noopener\" target=\"_blank\"><b>Yellowstone<\/b><\/a> ist schon eine Weile beendet, doch Familie Dutton h\u00e4lt die TV-Welt nach wie vor in Atem. Zuletzt wurde es allerdings etwas verwirrend, was die Serientitel angeht. Zuerst wurde der Krimi-Ableger <a data-ga-on=\"click,auxclick,contextmenu\" data-ga-event-category=\"Article\" data-ga-event-action=\"Internal Link Text\" data-ga-event-label=\"Click\" title=\"Marshals: A Yellowstone Story\" href=\"https:\/\/www.moviepilot.de\/serie\/y-marshals\" class=\"sc-6a922024-0 dZMhco mp_article_parsed_internal_link\" rel=\"nofollow noopener\" target=\"_blank\">Marshals: A Yellowstone Story<\/a> ein paar Mal umbenannt und zuletzt koppelte sich das angedachte Spinn-off <a data-ga-on=\"click,auxclick,contextmenu\" data-ga-event-category=\"Article\" data-ga-event-action=\"Internal Link Text\" data-ga-event-label=\"Click\" title=\"The Madison\" href=\"https:\/\/www.moviepilot.de\/serie\/the-madison\" class=\"sc-6a922024-0 dZMhco mp_article_parsed_internal_link\" rel=\"nofollow noopener\" target=\"_blank\">The Madison<\/a> komplett vom Franchise ab und steht <a data-ga-on=\"click,auxclick,contextmenu\" data-ga-event-category=\"Article\" data-ga-event-action=\"Internal Link Text\" data-ga-event-label=\"Click\" href=\"https:\/\/www.moviepilot.de\/news\/diese-western-serie-rettet-euer-wochenende-geheime-yellowstone-fortsetzung-beginnt-die-naechste-familien-saga-in-montana-1160949\" class=\"sc-6a922024-0 dZMhco mp_article_parsed_internal_link\" rel=\"nofollow noopener\" target=\"_blank\">seit letztem Wochenende<\/a> als neuer Serienstart auf komplett eigenen Cowboystiefeln. <\/p>\n<p>Mit dem neuen <b>Serienposter zu <\/p>\n<p><a data-ga-on=\"click,auxclick,contextmenu\" data-ga-event-category=\"Article\" data-ga-event-action=\"Internal Link Text\" data-ga-event-label=\"Click\" title=\"Dutton Ranch\" href=\"https:\/\/www.moviepilot.de\/serie\/yellowstone-spin-off--2\" class=\"sc-6a922024-0 dZMhco mp_article_parsed_internal_link\" rel=\"nofollow noopener\" target=\"_blank\">Dutton Ranch<\/a><\/b><\/p>\n<p> steht aber schon jetzt fest: Die Serie geh\u00f6rt eindeutig zum Yellowstone-Dunstkreis und wird sich garantiert und wie l\u00e4ngst angek\u00fcndigt um die alteingesessene Westernsippe drehen. Seht selbst:<\/p>\n<p>Empfohlener redaktioneller Inhalt<\/p>\n<p class=\"sc-b30a3730-3 buBmaA\">An dieser Stelle findest du einen externen Inhalt von <strong>Instagram<\/strong>, der den Artikel erg\u00e4nzt. Du kannst ihn dir mit einem Klick anzeigen lassen und wieder ausblenden.<\/p>\n<p>Geteilt wurde das Poster unter anderem von Serienstar Cole Hauser, dessen Follower erfreut reagierten. Ein Fan-Account schrieb auf <a href=\"https:\/\/www.instagram.com\/p\/DV03NfPABo0\/?hl=de\" data-ga-on=\"click,auxclick,contextmenu\" data-ga-event-category=\"Article\" data-ga-event-action=\"External Link Text\" data-ga-event-label=\"www.instagram.com\" target=\"_blank\" rel=\"noopener noreferrer nofollow\" class=\"sc-b3b33791-1 lidfUl\">Insta\u00a0<\/a> etwa: &#8222;Ich bin so gespannt darauf, Cole. Kann es kaum erwarten, dich und Kelly weiterhin den Bildschirm rocken zu sehen. Die Reise war fantastisch und es ist toll, sie zur\u00fcckzuhaben.&#8220;<\/p>\n<p>Dutton Ranch: Das erwartet euch in der neuen Yellowstone-Serie<\/p>\n<p>Dutton Ranch (das &#8222;The&#8220; wurde mittlerweile fallengelassen) f\u00fchrt die Geschichte der Yellowstone-Charaktere <b>Beth Dutton (<a data-ga-on=\"click,auxclick,contextmenu\" data-ga-event-category=\"Article\" data-ga-event-action=\"Internal Link Text\" data-ga-event-label=\"Click\" title=\"Kelly Reilly\" href=\"https:\/\/www.moviepilot.de\/people\/kelly-reilly\" class=\"sc-6a922024-0 dZMhco mp_article_parsed_internal_link\" rel=\"nofollow noopener\" target=\"_blank\">Kelly Reilly<\/a>) und Rip Wheeler (<a data-ga-on=\"click,auxclick,contextmenu\" data-ga-event-category=\"Article\" data-ga-event-action=\"Internal Link Text\" data-ga-event-label=\"Click\" title=\"Cole Hauser\" href=\"https:\/\/www.moviepilot.de\/people\/cole-hauser\" class=\"sc-6a922024-0 dZMhco mp_article_parsed_internal_link\" rel=\"nofollow noopener\" target=\"_blank\">Cole Hauser<\/a>) <\/b>fort und wird quasi statt einer 6. Season der Originalserie produziert. Sie spielt nach wie vor auf der titelstiftenden Familienranch, wo die beiden Eheleute weiterhin um ihre Freiheit k\u00e4mpfen, w\u00e4hrend sie gleichzeitig Ziehsohn Carter (<a data-ga-on=\"click,auxclick,contextmenu\" data-ga-event-category=\"Article\" data-ga-event-action=\"Internal Link Text\" data-ga-event-label=\"Click\" title=\"Finn Little\" href=\"https:\/\/www.moviepilot.de\/people\/finn-little\" class=\"sc-6a922024-0 dZMhco mp_article_parsed_internal_link\" rel=\"nofollow noopener\" target=\"_blank\">Finn Little<\/a>) besch\u00fctzen. <\/p>\n<p>Zum Cast z\u00e4hlen dann auch schauspielerische Hochkar\u00e4ter wie <a data-ga-on=\"click,auxclick,contextmenu\" data-ga-event-category=\"Article\" data-ga-event-action=\"Internal Link Text\" data-ga-event-label=\"Click\" title=\"Annette Bening\" href=\"https:\/\/www.moviepilot.de\/people\/annette-bening\" class=\"sc-6a922024-0 dZMhco mp_article_parsed_internal_link\" rel=\"nofollow noopener\" target=\"_blank\">Annette Bening<\/a> und <a data-ga-on=\"click,auxclick,contextmenu\" data-ga-event-category=\"Article\" data-ga-event-action=\"Internal Link Text\" data-ga-event-label=\"Click\" title=\"Ed Harris\" href=\"https:\/\/www.moviepilot.de\/people\/ed-harris\" class=\"sc-6a922024-0 dZMhco mp_article_parsed_internal_link\" rel=\"nofollow noopener\" target=\"_blank\">Ed Harris<\/a>. Als Showrunner fungiert <a data-ga-on=\"click,auxclick,contextmenu\" data-ga-event-category=\"Article\" data-ga-event-action=\"Internal Link Text\" data-ga-event-label=\"Click\" title=\"Chad Feehan\" href=\"https:\/\/www.moviepilot.de\/people\/chad-feehan\" class=\"sc-6a922024-0 dZMhco mp_article_parsed_internal_link\" rel=\"nofollow noopener\" target=\"_blank\">Chad Feehan<\/a> (Lawmen: Bass Reeves).<\/p>\n<p>Gedreht wird schon seit August letzten Jahres in Texas, ein genaues Startdatum hat der neue Yellowstone-Ableger aber noch nicht. Das besagte Dutton Ranch-Poster enth\u00fcllt mit &#8222;coming soon&#8220; lediglich einen baldigen Serienstart, der nach Plan <b>noch 2026 auf Paramount+ <\/b>vonstattengehen soll.<\/p>\n<p><script async src=\"\/\/www.instagram.com\/embed.js\"><\/script><\/p>\n","protected":false},"excerpt":{"rendered":"Die Mutterserie Yellowstone ist schon eine Weile beendet, doch Familie Dutton h\u00e4lt die TV-Welt nach wie vor in&hellip;\n","protected":false},"author":2,"featured_media":875275,"comment_status":"","ping_status":"","sticky":false,"template":"","format":"standard","meta":{"footnotes":"","_share_on_mastodon":"0"},"categories":[1773],"tags":[29,214,30,61100,6552,193318,471,1780,179081,215,32311,50183],"class_list":["post-875274","post","type-post","status-publish","format-standard","has-post-thumbnail","category-serien","tag-deutschland","tag-entertainment","tag-germany","tag-neo-western","tag-paramount","tag-ranch","tag-serien","tag-series","tag-spaeter-western","tag-unterhaltung","tag-western","tag-westernheld"],"share_on_mastodon":{"url":"https:\/\/pubeurope.com\/@de\/116244044039347711","error":""},"_links":{"self":[{"href":"https:\/\/www.europesays.com\/de\/wp-json\/wp\/v2\/posts\/875274","targetHints":{"allow":["GET"]}}],"collection":[{"href":"https:\/\/www.europesays.com\/de\/wp-json\/wp\/v2\/posts"}],"about":[{"href":"https:\/\/www.europesays.com\/de\/wp-json\/wp\/v2\/types\/post"}],"author":[{"embeddable":true,"href":"https:\/\/www.europesays.com\/de\/wp-json\/wp\/v2\/users\/2"}],"replies":[{"embeddable":true,"href":"https:\/\/www.europesays.com\/de\/wp-json\/wp\/v2\/comments?post=875274"}],"version-history":[{"count":0,"href":"https:\/\/www.europesays.com\/de\/wp-json\/wp\/v2\/posts\/875274\/revisions"}],"wp:featuredmedia":[{"embeddable":true,"href":"https:\/\/www.europesays.com\/de\/wp-json\/wp\/v2\/media\/875275"}],"wp:attachment":[{"href":"https:\/\/www.europesays.com\/de\/wp-json\/wp\/v2\/media?parent=875274"}],"wp:term":[{"taxonomy":"category","embeddable":true,"href":"https:\/\/www.europesays.com\/de\/wp-json\/wp\/v2\/categories?post=875274"},{"taxonomy":"post_tag","embeddable":true,"href":"https:\/\/www.europesays.com\/de\/wp-json\/wp\/v2\/tags?post=875274"}],"curies":[{"name":"wp","href":"https:\/\/api.w.org\/{rel}","templated":true}]}}