{"id":875282,"date":"2026-03-17T10:31:13","date_gmt":"2026-03-17T10:31:13","guid":{"rendered":"https:\/\/www.europesays.com\/de\/875282\/"},"modified":"2026-03-17T10:31:13","modified_gmt":"2026-03-17T10:31:13","slug":"handball-meistertrainer-jaron-siewert-naechster-schlaganfall-mit-32-sport","status":"publish","type":"post","link":"https:\/\/www.europesays.com\/de\/875282\/","title":{"rendered":"Handball-Meistertrainer Jaron Siewert: N\u00e4chster Schlaganfall mit 32! | Sport"},"content":{"rendered":"<p>Im Juni 2025 feierte Jaron Siewert seinen gr\u00f6\u00dften Erfolg, f\u00fchrte die F\u00fcchse Berlin zur ersten Deutschen Meisterschaft ihrer Vereinsgeschichte. <a href=\"https:\/\/www.bild.de\/sport\/mehr-sport\/handball-beben-beim-meister-kretzschmar-und-siewert-sofort-weg-68b9725101ad191d1ad5faeb\" class=\"text-link\" rel=\"nofollow noopener\" target=\"_blank\">Im September wurde der Trainer dann gemeinsam mit Sportchef Stefan Kretzschmar, der vorher seinen R\u00fcckzug im Sommer angek\u00fcndigt hatte, freigestellt.<\/a> Jetzt spricht Siewert erstmals seit seinem Rauswurf \u00f6ffentlich in einem ausf\u00fchrlichen Interview beim Sport-Streamingdienst Dyn (geh\u00f6rt anteilig zur Axel Springer SE, zu der auch BILD geh\u00f6rt) \u2013 und enth\u00fcllt dabei einen schweren Schicksalsschlag, von dem bisher kaum jemand wusste. Ende Oktober erlitt der 32-J\u00e4hrige wieder einen Schlaganfall!<\/p>\n<p><img decoding=\"async\" width=\"992\" height=\"84\" alt=\"\" src=\"https:\/\/www.europesays.com\/de\/wp-content\/uploads\/2026\/03\/9ecc0ad62749eb8e24dee6ed2b1e0f37,ea52651d.png\"   class=\"dynamic\" loading=\"lazy\"\/><\/p>\n<p>Foto: BILD<\/p>\n<p>Es war trotz seines jungen Alters nicht der erste Schlaganfall f\u00fcr den <a href=\"https:\/\/www.bild.de\/sport\/sportart\/handball\/handball-alle-infos-76675494.bild.html\" class=\"text-link\" rel=\"nofollow noopener\" target=\"_blank\">Handball<\/a>-Meistertrainer, bereits 2022 hatte Siewert einen Schlag w\u00e4hrend des F\u00fcchse-Trainings erlitten. Im Gespr\u00e4ch mit Dyn-Moderator Finn-Ole Martins \u00f6ffnet sich Siewert jetzt, spricht \u00fcber \u2026<\/p>\n<p>\u2026 den neuerlichen Schlaganfall: \u201eZwei Monate nach meinem Rausschmiss habe ich einen Schlaganfall erlitten. Und da bin ich wirklich am Boden angekommen. Das hat mir im wahrsten Sinne des Wortes den Boden unter den F\u00fc\u00dfen weggezogen. Da habe ich alle hinterfragt.\u201c<\/p>\n<p>\u2026 die Folgen und seine \u00c4ngste: \u201eZum wiederholten Male hatte ich Ende Oktober \u2013 um genau zu sein am 29. Oktober \u2013 zum wiederholten Male einen Schlaganfall. Zwei Monate nach der Freistellung einen erneuten Schlaganfall zu haben, da brauche ich keinem erz\u00e4hlen, was das mit einem macht und auch einige Gedanken im Kopf hervorbringt, was die Zukunft betrifft.<\/p>\n<p>Handball: Jaron Siewert erlitt neuerlichen Schlaganfall<\/p>\n<p>\u2026 den Ausl\u00f6ser: \u201eDie \u00c4rzte haben mir zugesichert, dass es nicht mit Stress zusammenh\u00e4ngt, sonst w\u00e4re es in der Saison passiert oder sp\u00e4testens zum Saisonfinale gegen die Rhein-Neckar L\u00f6wen oder dann, wenn mein K\u00f6rper runterkommt in der Sommerpause oder wenn mir die Freistellung bekanntgegeben wird, aber nicht zwei Monate danach. Jetzt machen sie das Mittel, das sie mir damals 2022 verschrieben haben, verantwortlich f\u00fcr den erneuten Schlaganfall. Da haben sie mir einen Blutverd\u00fcnner verschrieben, der damals das richtige Mittel war, ich mache den \u00c4rzten keinen Vorwurf. Das war ein Medikament, was noch in der Testung war, aber wohl nach neuestem Kenntnisstand nicht f\u00fcr Schlaganfall-Patienten gedacht ist. Und dann wurde ich auf einen neuen Blutverd\u00fcnner umgestellt, mit dem geht&#8217;s mir ganz gut und ich blicke nach vorne.\u201c<\/p>\n<p>\u2026 sein Leben jetzt: \u201eMein Leben pr\u00e4gt seitdem Dankbarkeit, das Ganze \u00fcberstanden zu haben. Und lebensbejahender war ich schon nach dem Schlaganfall 2022. Sport ist nicht das Einzige, sondern es kommt auf die Familie an, die Freunde und auf echte Beziehungen. Ich blicke nach vorn, setze mir Ziele und m\u00f6chte noch st\u00e4rker zur\u00fcckkommen, als ich vorher war. Dar\u00fcber hinaus muss ich die Situation annehmen und nach vorne gucken und jetzt Gas geben, dass es weitergeht.\u201c<\/p>\n<p><img decoding=\"async\" width=\"992\" height=\"558\" alt=\"Sein gr\u00f6\u00dfter Erfolg: Im Juni wurde Siewert mit den F\u00fcchsen Berlin Deutscher Meister\" src=\"https:\/\/www.europesays.com\/de\/wp-content\/uploads\/2026\/03\/171401e2e1950a73776b9c80fcfdaf71,aaf89e2e.jpeg\"   class=\"landscape\" loading=\"lazy\"\/><\/p>\n<p class=\"fig__caption__text\">Sein gr\u00f6\u00dfter Erfolg: Im Juni wurde Siewert mit den F\u00fcchsen Berlin Deutscher Meister<\/p>\n<p>Foto: Eden\/City-Press<\/p>\n<p>Siewert will wieder als Trainer arbeiten, f\u00fchlt sich jetzt bereit daf\u00fcr: \u201eMir geht\u2019s gut. Deutlich besser als Ende Oktober, als der Schlaganfall passiert ist. Da ging es mir ziemlich schlecht. Und ja, ich n\u00e4here mich den 100 Prozent an und bin voller Energie und f\u00fcr neue Aufgaben bereit. Das ist auch der Grund, jetzt dar\u00fcber zu sprechen. Weil es gef\u00fchlt so ein Versteckspiel von meiner Seite aus gewesen ist. Ich f\u00fchle mich jetzt bereit f\u00fcr neue Aufgaben. Ich habe nur den einen Plan, das ist n\u00e4mlich Plan A und das ist Cheftrainer sein zu wollen und hoffentlich bald auch irgendwo wieder an der Seitenlinie zu stehen. Darauf habe ich die letzten Monate hingearbeitet. Ich bin voller Energie, voller Tatendrang, voller Lust auf die Projekte, die dort kommen werden.\u201c<\/p>\n<p>Auch seinen Rauswurf bei den F\u00fcchsen hat er mittlerweile verarbeitet: \u201eObwohl mir ein Vertrag von Bob Hanning vorgelegt wurde und wir, nach R\u00fccksprache mit meinen Beratern, dem auch zugestimmt haben, hat Bob dann eine Rolle r\u00fcckw\u00e4rts gemacht. Es war dar\u00fcber hinaus dann nicht nur ein einfaches Vom-Vertrag-Zur\u00fccktreten, sondern ich wurde pl\u00f6tzlich komplett freigestellt. Es hat eine ganze Weile gedauert, um ehrlich zu sein. In den ersten drei, vier Wochen habe ich mir einige Fragen gestellt. Aber ich konnte jetzt ganz gut mit dem ganzen Thema abschlie\u00dfen. In allererster Linie habe ich das mit mir selbst ausgemacht, denn ich bin mein gr\u00f6\u00dfter Kritiker.\u201c<\/p>\n<p>Siewert sagt, es habe Gespr\u00e4che \u201emit drei, vier Vereinen\u201c gegeben, die durch den Schlaganfall dann auf Eis gelegt worden seien. Keine Frage: Die ganze Sport-Welt w\u00fcrde sich freuen, Jaron Siewert m\u00f6glichst bald wieder komplett gesund an der Seitenlinie zu sehen.<\/p>\n","protected":false},"excerpt":{"rendered":"Im Juni 2025 feierte Jaron Siewert seinen gr\u00f6\u00dften Erfolg, f\u00fchrte die F\u00fcchse Berlin zur ersten Deutschen Meisterschaft ihrer&hellip;\n","protected":false},"author":2,"featured_media":875283,"comment_status":"","ping_status":"","sticky":false,"template":"","format":"standard","meta":{"footnotes":"","_share_on_mastodon":"0"},"categories":[136],"tags":[1263,29,1932,1933,30,1391,38956,5009,1936,9662,5010,265,45],"class_list":["post-875282","post","type-post","status-publish","format-standard","has-post-thumbnail","category-sport","tag-aufmacher-bereich","tag-deutschland","tag-dyn-handball","tag-fuechse-berlin","tag-germany","tag-handball","tag-hanning-bob","tag-hbl","tag-kretzschmar-stefan","tag-no-sport-app","tag-siewert-jaron","tag-sport","tag-texttospeech"],"share_on_mastodon":{"url":"https:\/\/pubeurope.com\/@de\/116244059843158503","error":""},"_links":{"self":[{"href":"https:\/\/www.europesays.com\/de\/wp-json\/wp\/v2\/posts\/875282","targetHints":{"allow":["GET"]}}],"collection":[{"href":"https:\/\/www.europesays.com\/de\/wp-json\/wp\/v2\/posts"}],"about":[{"href":"https:\/\/www.europesays.com\/de\/wp-json\/wp\/v2\/types\/post"}],"author":[{"embeddable":true,"href":"https:\/\/www.europesays.com\/de\/wp-json\/wp\/v2\/users\/2"}],"replies":[{"embeddable":true,"href":"https:\/\/www.europesays.com\/de\/wp-json\/wp\/v2\/comments?post=875282"}],"version-history":[{"count":0,"href":"https:\/\/www.europesays.com\/de\/wp-json\/wp\/v2\/posts\/875282\/revisions"}],"wp:featuredmedia":[{"embeddable":true,"href":"https:\/\/www.europesays.com\/de\/wp-json\/wp\/v2\/media\/875283"}],"wp:attachment":[{"href":"https:\/\/www.europesays.com\/de\/wp-json\/wp\/v2\/media?parent=875282"}],"wp:term":[{"taxonomy":"category","embeddable":true,"href":"https:\/\/www.europesays.com\/de\/wp-json\/wp\/v2\/categories?post=875282"},{"taxonomy":"post_tag","embeddable":true,"href":"https:\/\/www.europesays.com\/de\/wp-json\/wp\/v2\/tags?post=875282"}],"curies":[{"name":"wp","href":"https:\/\/api.w.org\/{rel}","templated":true}]}}