{"id":875531,"date":"2026-03-17T13:00:26","date_gmt":"2026-03-17T13:00:26","guid":{"rendered":"https:\/\/www.europesays.com\/de\/875531\/"},"modified":"2026-03-17T13:00:26","modified_gmt":"2026-03-17T13:00:26","slug":"ex-biles-trainerin-verlaesst-stuttgarter-turn-stuetzpunkt","status":"publish","type":"post","link":"https:\/\/www.europesays.com\/de\/875531\/","title":{"rendered":"Ex-Biles-Trainerin verl\u00e4sst Stuttgarter Turn-St\u00fctzpunkt"},"content":{"rendered":"<p>Umbruch <\/p>\n<p>Ex-Biles-Trainerin verl\u00e4sst Stuttgarter Turn-St\u00fctzpunkt<\/p>\n<p>Aktualisiert am 17.03.2026 &#8211; 13:08 UhrLesedauer: 2 Min.<\/p>\n<p><a href=\"#focus-0\" class=\"transition-colors duration-200 block text-current relative\" data-sctrack=\"FocusGalleryImage.Reference\"><img fetchpriority=\"high\" data-testid=\"Opener.Image\" style=\"--lqipURL:url('https:\/\/images.t-online.de\/2026\/03\/f73rYzCtvdiU\/0x98:2048x1152\/fit-in\/150x0\/filters:blur(25)\/die-zusammenarbeit-zwischen-dem-deutschen-turner-bund-und-der-frueheren-biles-trainerin-aimee-boorman-ist-beendet-archivbild.jpg')\"   loading=\"eager\" src=\"https:\/\/www.europesays.com\/de\/wp-content\/uploads\/2026\/03\/die-zusammenarbeit-zwischen-dem-deutschen-turner-bund-und-der-frueheren-biles-trainerin-aimee-boorma.jpeg\" alt=\"Aimee Boorman\" title=\"Aimee Boorman\" width=\"2048\" height=\"1152\" class=\"bg-[url:var(--lqipURL)] bg-cover bg-center flex h-full w-full max-w-full\" decoding=\"async\"\/><img style=\"--width:32;--height:32\" loading=\"lazy\" src=\"https:\/\/www.t-online.de\/s\/paper\/_next\/static\/media\/zoom-in.f7dae02f.svg\" alt=\"Vergr\u00f6\u00dfern des Bildes\" title=\"Vergr\u00f6\u00dfern des Bildes\" class=\"block h-[calc(var(--height)_\/_16_*_1rem)] w-[calc(var(--width)_\/_16_*_1rem)] max-w-none absolute bottom-8 right-8 rounded-4 bg-snow p-8\" decoding=\"async\"\/><\/a><\/p>\n<p>Die Zusammenarbeit zwischen dem Deutschen Turner-Bund und der fr\u00fcheren Biles-Trainerin Aimee Boorman ist beendet. (Archivbild) (Quelle: Bernd Wei\u00dfbrod\/dpa\/dpa-bilder)<\/p>\n<p class=\"font-bold text-18 leading-17 user-text-lg:text-22 user-text-xl:text-24\">Inmitten der Krise am Turn-St\u00fctzpunkt hatte die fr\u00fchere Trainerin von Simone Biles den Job in Stuttgart \u00fcbernommen. Aimee Boorman sollte langfristig beim DTB arbeiten. Es kommt aber anders.<\/p>\n<p class=\"text-18 leading-17 user-text-lg:text-22 user-text-xl:text-24\">Nach nur rund einem Jahr h\u00f6rt die einstige Trainerin der Ausnahmeturnerin Simone Biles fr\u00fcher als geplant mit ihrer heiklen Aufgabe am Bundesst\u00fctzpunkt in Stuttgart wieder auf. Die US-Amerikanerin Aimee Boorman und der Verband h\u00e4tten sich darauf geeinigt, die Zusammenarbeit vorzeitig zu beenden, teilte der Deutsche Turner-Bund (DTB) mit.<\/p>\n<p class=\"text-18 leading-17 user-text-lg:text-22 user-text-xl:text-24\">Die 52-J\u00e4hrige war wenige Monate nach dem Bekanntwerden der Missst\u00e4nde am Kunst-Turn-Forum Stuttgart als Ersatz verpflichtet worden, nachdem sich der Schw\u00e4bische Turnerbund (STB) im Zuge des Skandals von zwei Trainern getrennt hatte. Rund um den Jahreswechsel 2024\/25 waren Missst\u00e4nde am Stuttgarter Kunst-Turn-Forum angeprangert worden. Mehrere ehemalige und aktive Turnerinnen hatten unter anderem &#8222;systematischen k\u00f6rperlichen und mentalen Missbrauch&#8220; sowie katastrophale Umst\u00e4nde kritisiert. <\/p>\n<p class=\"text-18 leading-17 user-text-lg:text-22 user-text-xl:text-24\">&#8222;Sie startete damals unter schwierigen Bedingungen am St\u00fctzpunkt, der im Zuge von Missbrauchsvorw\u00fcrfen im Umbruch war und bis heute ist&#8220;, hei\u00dft es in der Mitteilung des DTB \u00fcber die Trennung von Boorman. &#8222;Trotz gro\u00dfem Bem\u00fchen von allen Seiten hat die Zusammenarbeit in Stuttgart nicht so funktioniert, wie es gew\u00fcnscht und erforderlich gewesen w\u00e4re.&#8220;<\/p>\n<p class=\"text-18 leading-17 user-text-lg:text-22 user-text-xl:text-24\">Boormans Vertrag war im August 2025 bis Dezember 2028 verl\u00e4ngert worden. Von 2005 bis 2016 hatte sie US-Turnerin Biles trainiert, die in ihrer Karriere bereits elf Olympia-Medaillen gewonnen hat.<\/p>\n<p class=\"text-18 leading-17 user-text-lg:text-22 user-text-xl:text-24\">In Stuttgart sollte sie eine kleine Gruppe um die deutsche Hoffnungstr\u00e4gerin Helen Kevric betreuen. Kevric verletzte sich Ende Mai 2025 bei den Turn-Europameisterschaften in Leipzig schwer am Knie und befindet sich noch im Aufbautraining. <\/p>\n<p class=\"text-18 leading-17 user-text-lg:text-22 user-text-xl:text-24\">Die Olympia-Teilnehmerin hatte sich hinter die Trainer gestellt, die vom STB freigestellt worden waren, und erkl\u00e4rt, dass sie &#8222;kein Missbrauchsopfer&#8220; sei. &#8222;Ich h\u00e4tte sie gerne behalten&#8220;, sagte sie \u00fcber die Trainer.<\/p>\n","protected":false},"excerpt":{"rendered":"Umbruch Ex-Biles-Trainerin verl\u00e4sst Stuttgarter Turn-St\u00fctzpunkt Aktualisiert am 17.03.2026 &#8211; 13:08 UhrLesedauer: 2 Min. Die Zusammenarbeit zwischen dem Deutschen&hellip;\n","protected":false},"author":2,"featured_media":875532,"comment_status":"","ping_status":"","sticky":false,"template":"","format":"standard","meta":{"footnotes":"","_share_on_mastodon":"0"},"categories":[1830],"tags":[193355,1634,3364,181925,29,30,669,193354,1441,14156],"class_list":["post-875531","post","type-post","status-publish","format-standard","has-post-thumbnail","category-stuttgart","tag-aimee-boorman","tag-baden-wuerttemberg","tag-de","tag-deutscher-turner-bund","tag-deutschland","tag-germany","tag-krise","tag-simone-biles","tag-stuttgart","tag-umbruch"],"share_on_mastodon":{"url":"https:\/\/pubeurope.com\/@de\/116244645604007729","error":""},"_links":{"self":[{"href":"https:\/\/www.europesays.com\/de\/wp-json\/wp\/v2\/posts\/875531","targetHints":{"allow":["GET"]}}],"collection":[{"href":"https:\/\/www.europesays.com\/de\/wp-json\/wp\/v2\/posts"}],"about":[{"href":"https:\/\/www.europesays.com\/de\/wp-json\/wp\/v2\/types\/post"}],"author":[{"embeddable":true,"href":"https:\/\/www.europesays.com\/de\/wp-json\/wp\/v2\/users\/2"}],"replies":[{"embeddable":true,"href":"https:\/\/www.europesays.com\/de\/wp-json\/wp\/v2\/comments?post=875531"}],"version-history":[{"count":0,"href":"https:\/\/www.europesays.com\/de\/wp-json\/wp\/v2\/posts\/875531\/revisions"}],"wp:featuredmedia":[{"embeddable":true,"href":"https:\/\/www.europesays.com\/de\/wp-json\/wp\/v2\/media\/875532"}],"wp:attachment":[{"href":"https:\/\/www.europesays.com\/de\/wp-json\/wp\/v2\/media?parent=875531"}],"wp:term":[{"taxonomy":"category","embeddable":true,"href":"https:\/\/www.europesays.com\/de\/wp-json\/wp\/v2\/categories?post=875531"},{"taxonomy":"post_tag","embeddable":true,"href":"https:\/\/www.europesays.com\/de\/wp-json\/wp\/v2\/tags?post=875531"}],"curies":[{"name":"wp","href":"https:\/\/api.w.org\/{rel}","templated":true}]}}