{"id":875745,"date":"2026-03-17T15:03:14","date_gmt":"2026-03-17T15:03:14","guid":{"rendered":"https:\/\/www.europesays.com\/de\/875745\/"},"modified":"2026-03-17T15:03:14","modified_gmt":"2026-03-17T15:03:14","slug":"bundesgerichtshof-entscheidet-mann-aus-zimmern-wegen-versuchten-mordes-rechtskraeftig-verurteilt-rottweil-umgebung","status":"publish","type":"post","link":"https:\/\/www.europesays.com\/de\/875745\/","title":{"rendered":"Bundesgerichtshof entscheidet: Mann aus Zimmern wegen versuchten Mordes rechtskr\u00e4ftig verurteilt &#8211; Rottweil &#038; Umgebung"},"content":{"rendered":"<p> Die 1. Schwurgerichtskammer des Landgerichts <a href=\"https:\/\/www.schwarzwaelder-bote.de\/thema\/Rottweil\" title=\"Rottweil\" class=\"art_thema\" rel=\"nofollow noopener\" target=\"_blank\">Rottweil<\/a> hatte den 54-j\u00e4hrigen Angeklagten mit <a href=\"https:\/\/www.schwarzwaelder-bote.de\/thema\/Urteil\" title=\"Urteil\" class=\"art_thema\" rel=\"nofollow noopener\" target=\"_blank\">Urteil<\/a> vom 16. Juli 2025 unter dem Vorsitz von Vorsitzenden Richter am <a href=\"https:\/\/www.schwarzwaelder-bote.de\/thema\/Landgericht\" title=\"Landgericht\" class=\"art_thema\" rel=\"nofollow noopener\" target=\"_blank\">Landgericht<\/a> M\u00fcnzer wegen versuchten Mordes in Tateinheit mit gef\u00e4hrlicher K\u00f6rperverletzung zu der Freiheitsstrafe von acht Jahren verurteilt.<\/p>\n<p>Dem lag zugrunde: Der Angeklagte lebte mit seiner Ehefrau und den gemeinsamen vier Kindern in Zimmern ob Rottweil. Er entwickelte in den Jahren vor der Tat eine gesteigerte Eifersucht, ein kontrollierendes Verhalten und zeigte sich immer misstrauischer, was h\u00e4ufig zu Auseinandersetzungen mit seiner Ehefrau f\u00fchrte. Dennoch lehnte er, vor dem Hintergrund eines kulturell gepr\u00e4gten, traditionellen Familienverst\u00e4ndnisses, eine Trennung strikt ab, so das Landgericht in seiner Mitteilung.<\/p>\n<p>Striche in den Brustbereich <\/p>\n<p>Am Morgen des 16. November 2024 kam es in der gemeinsamen Wohnung zu einer weiteren, zun\u00e4chst verbalen, Auseinandersetzung. Als die Nebenkl\u00e4gerin die Diskussion f\u00fcr beendet hielt und in das gemeinsame Schlafzimmer ging, fasste der Angeklagte den Entschluss, sie zu t\u00f6ten. Er nahm ein K\u00fcchenmesser an sich, folgte ihr mit bewusst leisen Schritten und stach im Schlafzimmer mit T\u00f6tungsabsicht <a href=\"https:\/\/www.schwarzwaelder-bote.de\/inhalt.versuchte-toetung-in-zimmern-haftbefehl-gegen-54-jaehrigen-ehemann.5ca01f0d-9254-45bb-a526-a59ad938d415.html\" target=\"_blank\" rel=\"nofollow noopener\">mehrfach wuchtig auf ihren Brustbereich<\/a> ein. <\/p>\n<p>Notoperation rettet die Frau <\/p>\n<p>Dies f\u00fchrte zu zwei thorakalen Einstichen, von denen einer die Brusth\u00f6hle er\u00f6ffnete und zu einem Pneumothorax f\u00fchrte. Ein weiterer Stich durchstie\u00df ihre linke Handfl\u00e4che vollst\u00e4ndig und f\u00fchrte hier zu kn\u00f6chernen Verletzungen sowie der Durchtrennung von Sehnen, Arterien und Nerven. Die Nebenkl\u00e4gerin konnte im Rahmen einer Notoperation gerettet werden.<\/p>\n<p>Der Angeklagte trank nach der Tat und vor Eintreffen der Rettungskr\u00e4fte und der Polizei eine erhebliche Menge Alkohol, um den Anschein zu erwecken, er sei bei der Tat stark alkoholisiert gewesen. Die Kammer ist zu der \u00dcberzeugung gelangt, dass der Angeklagte nicht schon vor der Tat eine relevante Menge Alkohol konsumiert hatte.<\/p>\n<p>Beraten durch den psychiatrischen Sachverst\u00e4ndigen kam die Kammer zu der \u00dcberzeugung, dass bei dem Angeklagten zur Tatzeit kein Eingangsmerkmal f\u00fcr die Annahme einer Schuldunf\u00e4higkeit erf\u00fcllt war.<\/p>\n<p> Bundesgerichtshof verwirft Revision <\/p>\n<p>Gegen dieses Urteil legte der Angeklagte Revision ein. Der Bundesgerichtshof verwarf diese mit Beschluss vom 21. Januar 2026 als unbegr\u00fcndet, wie jetzt mitgeteilt wird, und erlegte dem Angeklagten die Kosten seines Rechtsmittels sowie die dem Nebenkl\u00e4ger im Revisionsverfahrenen entstanden notwendigen Auslagen auf.<\/p>\n","protected":false},"excerpt":{"rendered":"Die 1. Schwurgerichtskammer des Landgerichts Rottweil hatte den 54-j\u00e4hrigen Angeklagten mit Urteil vom 16. Juli 2025 unter dem&hellip;\n","protected":false},"author":2,"featured_media":875746,"comment_status":"","ping_status":"","sticky":false,"template":"","format":"standard","meta":{"footnotes":"","_share_on_mastodon":"0"},"categories":[1844],"tags":[1634,3364,29,2690,1404,30,8903,15711,4933,193378,23960,23961,1243,4897],"class_list":["post-875745","post","type-post","status-publish","format-standard","has-post-thumbnail","category-karlsruhe","tag-baden-wuerttemberg","tag-de","tag-deutschland","tag-gericht","tag-gerichtsurteil","tag-germany","tag-karlsruhe","tag-kreis-rottweil","tag-landgericht","tag-landkreis-rottweil","tag-rottweil","tag-rottweil-umgebung","tag-urteil","tag-versuchter-mord"],"share_on_mastodon":{"url":"https:\/\/pubeurope.com\/@de\/116245129278825491","error":""},"_links":{"self":[{"href":"https:\/\/www.europesays.com\/de\/wp-json\/wp\/v2\/posts\/875745","targetHints":{"allow":["GET"]}}],"collection":[{"href":"https:\/\/www.europesays.com\/de\/wp-json\/wp\/v2\/posts"}],"about":[{"href":"https:\/\/www.europesays.com\/de\/wp-json\/wp\/v2\/types\/post"}],"author":[{"embeddable":true,"href":"https:\/\/www.europesays.com\/de\/wp-json\/wp\/v2\/users\/2"}],"replies":[{"embeddable":true,"href":"https:\/\/www.europesays.com\/de\/wp-json\/wp\/v2\/comments?post=875745"}],"version-history":[{"count":0,"href":"https:\/\/www.europesays.com\/de\/wp-json\/wp\/v2\/posts\/875745\/revisions"}],"wp:featuredmedia":[{"embeddable":true,"href":"https:\/\/www.europesays.com\/de\/wp-json\/wp\/v2\/media\/875746"}],"wp:attachment":[{"href":"https:\/\/www.europesays.com\/de\/wp-json\/wp\/v2\/media?parent=875745"}],"wp:term":[{"taxonomy":"category","embeddable":true,"href":"https:\/\/www.europesays.com\/de\/wp-json\/wp\/v2\/categories?post=875745"},{"taxonomy":"post_tag","embeddable":true,"href":"https:\/\/www.europesays.com\/de\/wp-json\/wp\/v2\/tags?post=875745"}],"curies":[{"name":"wp","href":"https:\/\/api.w.org\/{rel}","templated":true}]}}