{"id":875816,"date":"2026-03-17T15:40:15","date_gmt":"2026-03-17T15:40:15","guid":{"rendered":"https:\/\/www.europesays.com\/de\/875816\/"},"modified":"2026-03-17T15:40:15","modified_gmt":"2026-03-17T15:40:15","slug":"handball-krass-leipzig-serviert-klub-legende-nach-16-jahren-ab-sportmix","status":"publish","type":"post","link":"https:\/\/www.europesays.com\/de\/875816\/","title":{"rendered":"Handball: Krass! Leipzig serviert Klub-Legende nach 16 Jahren ab | Sportmix"},"content":{"rendered":"<p><a class=\"skip-content skip-content--link\" href=\"#in-content-skip-link-target-v-0-0\">TTS-Player \u00fcberspringen\u21b5<\/a><a id=\"in-content-skip-link-target-v-0-0\" class=\"skip-content--target-link-hidden skip-content skip-content--target-link\" href=\"#in-content-skip-link-target-v-0-0\">Artikel weiterlesen<\/a><\/p>\n<p><b>Diese Entscheidung ist nicht wirklich leicht nachzuvollziehen und wird bei den Fans des <\/b><a href=\"https:\/\/sportbild.bild.de\/sportmix\/handball\/dhfk-leipzig\/dhfk-leipzig-aktuelle-news-und-videos-85528878.sport.html\" class=\"text-link\" rel=\"nofollow noopener\" target=\"_blank\"><b>SC DHfK Leipzig<\/b><\/a><b> f\u00fcr gro\u00dfe Entt\u00e4uschung sorgen. Der Tabellen-Letzte der <\/b><a href=\"https:\/\/sportbild.bild.de\/sportmix\/handball\/handball\/home-49760070.sport.html\" class=\"text-link\" rel=\"nofollow noopener\" target=\"_blank\"><b>Handball-Bundesliga<\/b><\/a><b> trennt sich am Saisonende von Lucas Krzikalla. Ausgerechnet! Der Rechtsau\u00dfen ist nicht nur Urgestein und Gesicht des Klubs, sondern war in den letzten Wochen obendrein einer der wenigen Spieler, der auf der Platte konstant abgeliefert hat.<\/b><\/p>\n<p>SC DHfK verl\u00e4ngert Vertrag von Lucas Krzikalla nicht<\/p>\n<p>Bereits letzten Donnerstag bekam er die Entscheidung von Gesch\u00e4ftsf\u00fchrer Karsten G\u00fcnther pers\u00f6nlich mitgeteilt. Krzikalla sagt: \u201eEs kam schon \u00fcberraschend. Und es ist jetzt so endg\u00fcltig. Ich bin schon traurig und entt\u00e4uscht, bin aber im Grunde ein positiver Mensch. Meine schwachen Minuten hatte ich schon in der letzten Woche, nach dem Gespr\u00e4ch mit Karsten. Aber es muss ja weitergehen und ich versuche nach vorn zu blicken, auch wenn es noch etwas schwerf\u00e4llt.\u201c<\/p>\n<p>Seit 2010, damals begann er in der Handball-Akademie des Klubs, spielt er f\u00fcr den SC DHfK. Seit 2012 spielt er im M\u00e4nnerteam, im Jahr 2015 stieg er mit Verein in die Bundesliga auf. Obendrein ist er seit Jahren Markenbotschafter der Allianz Handball Schule. Das alles z\u00e4hlt nun pl\u00f6tzlich nicht mehr. Weil vor allem wirtschaftliche Gr\u00fcnde dr\u00fccken. Der Klub muss seinen Etat (derzeit \u00fcber 8 Millionen Euro) auch im Falle des Klassenerhaltes abspecken. Bei Abstieg wird es noch einmal deutlich mehr sein.<\/p>\n<p><a class=\"article-image__anchor\" href=\"https:\/\/www.dyn.sport\/sport_handball\" target=\"_blank\" rel=\"noopener nofollow\"><img decoding=\"async\" width=\"992\" height=\"84\" alt=\"\" src=\"https:\/\/www.europesays.com\/de\/wp-content\/uploads\/2026\/03\/b3b848c06cf3a9d3b03f0628d9ae8e24,cd2ffa8e.png\"   class=\"dynamic\" loading=\"lazy\"\/><\/a><\/p>\n<p>Foto: BILD<\/p>\n<p>Gesch\u00e4ftsf\u00fchrer Karsten G\u00fcnther erkl\u00e4rt: \u201eDiese Entscheidung ist unglaublich schwer gefallen, denn Krizi hat unseren Weg in den letzten Jahren ma\u00dfgeblich mit gepr\u00e4gt und viele Talente f\u00fcr eine Handballkarriere inspiriert. Wir haben auf Rechtsau\u00dfen mit Anton und Staffi zwei Leipziger Jungs bis 2028 unter Vertrag und m\u00fcssen aufgrund der Tabellensituation auch wirtschaftlich so effektiv wie m\u00f6glich agieren.\u201c Er beteuert:  \u201eDas haben wir sehr ehrlich miteinander besprochen, um Planungssicherheit f\u00fcr beide Seiten herzustellen und wir werden ganz sicher auch \u00fcber die Saison hinaus freundschaftlich verbunden bleiben.\u201c In der n\u00e4chsten Saison will der Klub auf Staffan Peter (22) und U19-Weltmeister Anton Voss (19) setzen \u2013 obwohl Krzikalla auf seiner Position zuletzt wieder die klare Nummer 1 war. Offenbar ist er nun jedoch das erste Opfer der in den letzten Monaten v\u00f6llig verfehlten Kaderplanung geworden, die dem Klub eine Menge Geld kostete.<\/p>\n<p>Krzikalla will aber auf jeden Fall trotzdem weiter Handball spielen: \u201eEs macht immer noch sehr, sehr viel Spa\u00df. Das ist meine Leidenschaft. Jetzt aufzuh\u00f6ren ist keine Option.\u201c Und wer ihn kennt, wei\u00df, dass er bis zur letzten Sekunde alles f\u00fcr den SC DHfK geben wird. <\/p>\n","protected":false},"excerpt":{"rendered":"TTS-Player \u00fcberspringen\u21b5Artikel weiterlesen Diese Entscheidung ist nicht wirklich leicht nachzuvollziehen und wird bei den Fans des SC DHfK&hellip;\n","protected":false},"author":2,"featured_media":875817,"comment_status":"","ping_status":"","sticky":false,"template":"","format":"standard","meta":{"footnotes":"","_share_on_mastodon":"0"},"categories":[1832],"tags":[3364,29,11662,21540,1932,30,1391,5009,71,859,4580,3460,45],"class_list":["post-875816","post","type-post","status-publish","format-standard","has-post-thumbnail","category-leipzig","tag-de","tag-deutschland","tag-dhb","tag-dhfk-leipzig","tag-dyn-handball","tag-germany","tag-handball","tag-hbl","tag-leipzig","tag-sachsen","tag-schmidt-andre","tag-sport-leuchtturm-leipzig","tag-texttospeech"],"share_on_mastodon":{"url":"https:\/\/pubeurope.com\/@de\/116245274821596269","error":""},"_links":{"self":[{"href":"https:\/\/www.europesays.com\/de\/wp-json\/wp\/v2\/posts\/875816","targetHints":{"allow":["GET"]}}],"collection":[{"href":"https:\/\/www.europesays.com\/de\/wp-json\/wp\/v2\/posts"}],"about":[{"href":"https:\/\/www.europesays.com\/de\/wp-json\/wp\/v2\/types\/post"}],"author":[{"embeddable":true,"href":"https:\/\/www.europesays.com\/de\/wp-json\/wp\/v2\/users\/2"}],"replies":[{"embeddable":true,"href":"https:\/\/www.europesays.com\/de\/wp-json\/wp\/v2\/comments?post=875816"}],"version-history":[{"count":0,"href":"https:\/\/www.europesays.com\/de\/wp-json\/wp\/v2\/posts\/875816\/revisions"}],"wp:featuredmedia":[{"embeddable":true,"href":"https:\/\/www.europesays.com\/de\/wp-json\/wp\/v2\/media\/875817"}],"wp:attachment":[{"href":"https:\/\/www.europesays.com\/de\/wp-json\/wp\/v2\/media?parent=875816"}],"wp:term":[{"taxonomy":"category","embeddable":true,"href":"https:\/\/www.europesays.com\/de\/wp-json\/wp\/v2\/categories?post=875816"},{"taxonomy":"post_tag","embeddable":true,"href":"https:\/\/www.europesays.com\/de\/wp-json\/wp\/v2\/tags?post=875816"}],"curies":[{"name":"wp","href":"https:\/\/api.w.org\/{rel}","templated":true}]}}