{"id":875873,"date":"2026-03-17T16:12:16","date_gmt":"2026-03-17T16:12:16","guid":{"rendered":"https:\/\/www.europesays.com\/de\/875873\/"},"modified":"2026-03-17T16:12:16","modified_gmt":"2026-03-17T16:12:16","slug":"golfstaaten-fordern-drohnen-expertise-selenskyj-im-dilemma","status":"publish","type":"post","link":"https:\/\/www.europesays.com\/de\/875873\/","title":{"rendered":"Golfstaaten fordern Drohnen-Expertise \u2013 Selenskyj im Dilemma"},"content":{"rendered":"<p class=\"text-18 leading-17 user-text-lg:text-22 user-text-xl:text-24\">Ein Sprecher des ukrainischen Kampfdrohnenentwicklers Wild Hornets zeigte eine \u00e4hnliche Bereitschaft. Im Gespr\u00e4ch mit &#8222;The War Zone&#8220; sagte er, sollte sich die Gesetzeslage \u00e4ndern, sei Wild Hornets in der Lage, Drohnen an ausl\u00e4ndische Nationen zu liefern. Berichte, dass man in direkten Verhandlungen mit Saudi-Arabien \u00fcber den Verkauf von Sting-Drohnen stehe, dementierte das Unternehmen hingegen.<\/p>\n<p class=\"text-18 leading-17 user-text-lg:text-22 user-text-xl:text-24\">Bevor die Ukraine die n\u00f6tige Freigabe f\u00fcr Waffenexporte erteilt, d\u00fcrfte Selenskyj darauf bedacht sein, im Gegenzug m\u00f6gliche Hilfen f\u00fcr die Ukraine zu vereinbaren. Konkret forderte Selenskyj bereits Raketen f\u00fcr das Patriot-Flugabwehrsystem, an denen es Kiew derzeit mangelt. Im Gegenzug werde man eine entsprechende Anzahl an Abfangger\u00e4ten freigeben, hie\u00df es.<\/p>\n<p class=\"text-18 leading-17 user-text-lg:text-22 user-text-xl:text-24\">Analysten warnen laut einem Bericht des US-Magazins &#8222;Fortune&#8220; allerdings vor Selenskyjs Opportunismus: Der Einstieg in den globalen Waffenmarkt sei nicht so einfach wie die Unterzeichnung eines Vertrags, lautet der Tenor.<\/p>\n<p class=\"text-18 leading-17 user-text-lg:text-22 user-text-xl:text-24\">&#8222;Der Waffenhandel ist ein unglaublich heikles und sensibles Thema&#8220;, sagte etwa Yevhen Mahda, Gesch\u00e4ftsf\u00fchrer des Kiewer Instituts f\u00fcr Weltpolitik, dem Magazin. Es handele sich um einen Markt, auf dem die USA dominant seien, sagte er. Mahda warnte zudem vor Erwartungen, dass sich die M\u00e4rkte allein aufgrund der \u00fcberzeugenden Argumentation der Ukraine \u00f6ffnen w\u00fcrden. &#8222;Es bedarf eines harten, kalkulierten diplomatischen Vorgehens&#8220;, so der Experte.<\/p>\n","protected":false},"excerpt":{"rendered":"Ein Sprecher des ukrainischen Kampfdrohnenentwicklers Wild Hornets zeigte eine \u00e4hnliche Bereitschaft. Im Gespr\u00e4ch mit &#8222;The War Zone&#8220; sagte&hellip;\n","protected":false},"author":2,"featured_media":875874,"comment_status":"","ping_status":"","sticky":false,"template":"","format":"standard","meta":{"footnotes":"","_share_on_mastodon":"0"},"categories":[5],"tags":[326,18983,1478,30260,13,2954,345,5793,1480,451,14,1159,15,307,4769,12,57028,29839,226,51929,10,8,9,11,317,312,64,107],"class_list":["post-875873","post","type-post","status-publish","format-standard","has-post-thumbnail","category-nachrichten","tag-326","tag-angriffskrieg","tag-drohne","tag-drohnenabwehr","tag-headlines","tag-hubschrauber","tag-iran","tag-kiew","tag-luftwaffe","tag-militaer","tag-nachrichten","tag-nato","tag-news","tag-russland","tag-saudi-arabien","tag-schlagzeilen","tag-sting","tag-strasse-von-hormus","tag-t-online","tag-the-times","tag-top-news","tag-top-meldungen","tag-topmeldungen","tag-topnews","tag-ukraine","tag-ukrainekrieg","tag-usa","tag-wolodymyr-selenskyj"],"share_on_mastodon":{"url":"https:\/\/pubeurope.com\/@de\/116245400604173074","error":""},"_links":{"self":[{"href":"https:\/\/www.europesays.com\/de\/wp-json\/wp\/v2\/posts\/875873","targetHints":{"allow":["GET"]}}],"collection":[{"href":"https:\/\/www.europesays.com\/de\/wp-json\/wp\/v2\/posts"}],"about":[{"href":"https:\/\/www.europesays.com\/de\/wp-json\/wp\/v2\/types\/post"}],"author":[{"embeddable":true,"href":"https:\/\/www.europesays.com\/de\/wp-json\/wp\/v2\/users\/2"}],"replies":[{"embeddable":true,"href":"https:\/\/www.europesays.com\/de\/wp-json\/wp\/v2\/comments?post=875873"}],"version-history":[{"count":0,"href":"https:\/\/www.europesays.com\/de\/wp-json\/wp\/v2\/posts\/875873\/revisions"}],"wp:featuredmedia":[{"embeddable":true,"href":"https:\/\/www.europesays.com\/de\/wp-json\/wp\/v2\/media\/875874"}],"wp:attachment":[{"href":"https:\/\/www.europesays.com\/de\/wp-json\/wp\/v2\/media?parent=875873"}],"wp:term":[{"taxonomy":"category","embeddable":true,"href":"https:\/\/www.europesays.com\/de\/wp-json\/wp\/v2\/categories?post=875873"},{"taxonomy":"post_tag","embeddable":true,"href":"https:\/\/www.europesays.com\/de\/wp-json\/wp\/v2\/tags?post=875873"}],"curies":[{"name":"wp","href":"https:\/\/api.w.org\/{rel}","templated":true}]}}