{"id":876128,"date":"2026-03-17T18:30:16","date_gmt":"2026-03-17T18:30:16","guid":{"rendered":"https:\/\/www.europesays.com\/de\/876128\/"},"modified":"2026-03-17T18:30:16","modified_gmt":"2026-03-17T18:30:16","slug":"uber-richtet-neue-pick-up-zone-am-flughafen-muenchen-ein","status":"publish","type":"post","link":"https:\/\/www.europesays.com\/de\/876128\/","title":{"rendered":"Uber richtet neue Pick-Up-Zone am Flughafen M\u00fcnchen ein"},"content":{"rendered":"<p class=\"mb-6 text-xs md:text-m lg:text-l font-serif group-[.font-sans]:font-sans \">\n    F\u00fcr Reisende, die am <a href=\"https:\/\/www.mainpost.de\/bayern\/luftverkehr-eine-milliarde-fluggaeste-am-muenchner-flughafen-113754720\" target=\"_self\" class=\"underline \" rel=\"nofollow noopener\">M\u00fcnchner Flughafen<\/a> ankommen, gibt es ein neues Angebot: Der Fahrdienstleister Uber richtet eine Abholstation beim Ankunftsbereich ein. An beiden Terminals sollen laut Angaben des Unternehmens sogenannte \u201ePick-Up-Zonen\u201c eingerichtet werden. Dort k\u00f6nnen Passagiere, die in <a href=\"https:\/\/www.mainpost.de\/orte\/mp-muenchen\" target=\"_self\" class=\"underline \" rel=\"nofollow noopener\">M\u00fcnchen<\/a> ankommen, schnell eine Fahrt in die Stadt buchen. Die Zonen werden demnach in Laufweite von etwa f\u00fcnf Minuten von der Ankunftshalle liegen. Den Weg finden Passagiere mithilfe von Schildern am Flughafen und \u00fcber die Navigation in der <a href=\"https:\/\/www.mainpost.de\/wirtschaft\/selbstfahrende-autos-uber-nimmt-robotaxis-von-amazon-auf-die-plattform-113706879\" target=\"_self\" class=\"underline \" rel=\"nofollow noopener\">Uber-App<\/a>.\n  <\/p>\n<p class=\"mb-6 text-xs md:text-m lg:text-l font-serif group-[.font-sans]:font-sans \">\n    Ab den Osterferien soll es losgehen, wenn besonders viele Passagiere unterwegs sind. Ab Samstag, den 28. M\u00e4rz, haben bayerische Sch\u00fclerinnen und Sch\u00fcler zwei Wochen lang Ferien. Solche Abholzonen bietet Uber bereits an den Flugh\u00e4fen Berlin-Brandenburg (BER), D\u00fcsseldorf und Frankfurt an. Dem Unternehmen zufolge hat die Erfahrung dort gezeigt, dass der Verkehr auf dem Flughafengel\u00e4nde entlastet werden kann. Schon bisher waren Uber-Fahrten vom Airport m\u00f6glich, allerdings gab es keine Zusammenarbeit mit dem Flughafen MUC.\n  <\/p>\n<p>            Flughafen M\u00fcnchen: Neue Zone f\u00fcr Uber<\/p>\n<p class=\"mb-6 text-xs md:text-m lg:text-l font-serif group-[.font-sans]:font-sans \">\n    Andere M\u00f6glichkeiten, aus M\u00fcnchen zum Flughafen und zur\u00fcckzukommen, sind mit den S-Bahnlinien S1 und S8, mit dem Taxi oder mit dem Lufthansa Airport-Shuttle-Bus.\n  <\/p>\n<p class=\"mb-6 text-xs md:text-m lg:text-l font-serif group-[.font-sans]:font-sans \">\n    Von Mittwoch, 18. M\u00e4rz bis Freitag, 20. M\u00e4rz gibt es einen Warnstreik im \u00f6ffentlichen Nahverkehr im Raum M\u00fcnchen, der viele Linien betrifft. <a href=\"https:\/\/www.mainpost.de\/bayern\/oepnv-streik-in-muenchen-wie-kommen-die-fans-ins-stadion-113747125\" target=\"_self\" class=\"underline \" rel=\"nofollow noopener\">Hier finden Sie weitere Informationen<\/a>. Au\u00dferdem fahren zwischen Donnerstag, 19. M\u00e4rz, 21.30 Uhr und Montag, 23. M\u00e4rz, 5 Uhr, wegen Bauarbeiten keine Z\u00fcge von und zum Flughafen M\u00fcnchen. Das betrifft die S-Bahn und den \u00fcberregionalen Flughafenexpress (\u00dcFEX). <a href=\"https:\/\/www.mainpost.de\/geld-leben\/fluggastrechte-warnstreik-am-ber-umbuchen-oder-geld-zurueck-113745021\" target=\"_self\" class=\"underline \" rel=\"nofollow noopener\">Flugausf\u00e4lle<\/a> wird es am Mittwoch zwischen dem Flughafen M\u00fcnchen und dem Flughafen Berlin-Brandenburg (BER) geben. Der BER wird am 18. M\u00e4rz wegen eines Streiks komplett stillgelegt.  <a href=\"https:\/\/www.mainpost.de\/bayern\/streik-am-flughafen-ber-am-mittwoch-18-3-diese-fluege-sind-in-muenchen-betroffen-113743722\" target=\"_self\" class=\"underline \" rel=\"nofollow noopener\">Hier finden Sie die Fl\u00fcge von und nach M\u00fcnchen, die davon betroffen sind.<\/a>\n  <\/p>\n<ul data-module-id=\"DragDropModule\" class=\"flex flex-wrap justify-start group-[.no-bookmarks]:hidden\">\n<li class=\"mb-3 mr-3\">\n    Viola Koegst<\/p>\n<p>      Icon Haken im Kreis gesetzt<\/p>\n<p>      Icon Plus im Kreis<\/p>\n<\/li>\n<li class=\"mb-3 mr-3\">\n    Flughafen M\u00fcnchen<\/p>\n<p>      Icon Haken im Kreis gesetzt<\/p>\n<p>      Icon Plus im Kreis<\/p>\n<\/li>\n<li class=\"mb-3 mr-3\">\n    M\u00fcnchen<\/p>\n<p>      Icon Haken im Kreis gesetzt<\/p>\n<p>      Icon Plus im Kreis<\/p>\n<\/li>\n<\/ul>\n","protected":false},"excerpt":{"rendered":"F\u00fcr Reisende, die am M\u00fcnchner Flughafen ankommen, gibt es ein neues Angebot: Der Fahrdienstleister Uber richtet eine Abholstation&hellip;\n","protected":false},"author":2,"featured_media":876129,"comment_status":"","ping_status":"","sticky":false,"template":"","format":"standard","meta":{"footnotes":"","_share_on_mastodon":"0"},"categories":[1827],"tags":[100487,772,13410,54428,29,3405,4532,10647,2050,30,1268,10021,2523],"class_list":["post-876128","post","type-post","status-publish","format-standard","has-post-thumbnail","category-muenchen","tag-abholstation","tag-bayern","tag-ber","tag-deutsche-lufthansa","tag-deutschland","tag-duesseldorf","tag-ferien","tag-flughafen-muenchen","tag-frankfurt","tag-germany","tag-muenchen","tag-taxi","tag-warnstreik"],"share_on_mastodon":{"url":"https:\/\/pubeurope.com\/@de\/116245943218149669","error":""},"_links":{"self":[{"href":"https:\/\/www.europesays.com\/de\/wp-json\/wp\/v2\/posts\/876128","targetHints":{"allow":["GET"]}}],"collection":[{"href":"https:\/\/www.europesays.com\/de\/wp-json\/wp\/v2\/posts"}],"about":[{"href":"https:\/\/www.europesays.com\/de\/wp-json\/wp\/v2\/types\/post"}],"author":[{"embeddable":true,"href":"https:\/\/www.europesays.com\/de\/wp-json\/wp\/v2\/users\/2"}],"replies":[{"embeddable":true,"href":"https:\/\/www.europesays.com\/de\/wp-json\/wp\/v2\/comments?post=876128"}],"version-history":[{"count":0,"href":"https:\/\/www.europesays.com\/de\/wp-json\/wp\/v2\/posts\/876128\/revisions"}],"wp:featuredmedia":[{"embeddable":true,"href":"https:\/\/www.europesays.com\/de\/wp-json\/wp\/v2\/media\/876129"}],"wp:attachment":[{"href":"https:\/\/www.europesays.com\/de\/wp-json\/wp\/v2\/media?parent=876128"}],"wp:term":[{"taxonomy":"category","embeddable":true,"href":"https:\/\/www.europesays.com\/de\/wp-json\/wp\/v2\/categories?post=876128"},{"taxonomy":"post_tag","embeddable":true,"href":"https:\/\/www.europesays.com\/de\/wp-json\/wp\/v2\/tags?post=876128"}],"curies":[{"name":"wp","href":"https:\/\/api.w.org\/{rel}","templated":true}]}}