{"id":876146,"date":"2026-03-17T18:39:13","date_gmt":"2026-03-17T18:39:13","guid":{"rendered":"https:\/\/www.europesays.com\/de\/876146\/"},"modified":"2026-03-17T18:39:13","modified_gmt":"2026-03-17T18:39:13","slug":"rosenheim-cops-star-fuehlte-sich-wie-ungeliebtes-kind","status":"publish","type":"post","link":"https:\/\/www.europesays.com\/de\/876146\/","title":{"rendered":"Rosenheim-Cops&#8220;-Star f\u00fchlte sich wie &#8222;ungeliebtes Kind"},"content":{"rendered":"<p>Offene Worte von &#8222;Rosenheim-Cops&#8220;-Star <\/p>\n<p>Marisa Burger f\u00fchlte sich wie &#8222;ein ungeliebtes Kind&#8220;<\/p>\n<p>17.03.2026 &#8211; 16:57 UhrLesedauer: 2 Min.<\/p>\n<p><a href=\"#focus-0\" class=\"transition-colors duration-200 block text-current relative\" data-sctrack=\"FocusGalleryImage.Reference\"><img fetchpriority=\"high\" data-testid=\"Opener.Image\" style=\"--lqipURL:url('https:\/\/images.t-online.de\/2025\/11\/z9oDtSfvbg2A\/6x286:2985x1679\/fit-in\/150x0\/filters:blur(25)\/schauspielerin-marisa-burger-sie-gibt-private-einblicke.jpg')\"   loading=\"eager\" src=\"https:\/\/www.europesays.com\/de\/wp-content\/uploads\/2026\/03\/schauspielerin-marisa-burger-sie-gibt-private-einblicke.jpg\" alt=\"Schauspielerin Marisa Burger: Sie gibt private Einblicke.\" title=\"Schauspielerin Marisa Burger: Sie gibt private Einblicke.\" width=\"2985\" height=\"1679\" class=\"bg-[url:var(--lqipURL)] bg-cover bg-center flex h-full w-full max-w-full\" decoding=\"async\"\/><img style=\"--width:32;--height:32\" loading=\"lazy\" src=\"https:\/\/www.t-online.de\/s\/paper\/_next\/static\/media\/zoom-in.f7dae02f.svg\" alt=\"Vergr\u00f6\u00dfern des Bildes\" title=\"Vergr\u00f6\u00dfern des Bildes\" class=\"block h-[calc(var(--height)_\/_16_*_1rem)] w-[calc(var(--width)_\/_16_*_1rem)] max-w-none absolute bottom-8 right-8 rounded-4 bg-snow p-8\" decoding=\"async\"\/><\/a><\/p>\n<p>Schauspielerin Marisa Burger: Sie gibt private Einblicke. (Quelle: IMAGO \/ Future Image)<\/p>\n<p class=\"font-bold text-18 leading-17 user-text-lg:text-22 user-text-xl:text-24\">Die Kindheit von Marisa Burger war von Erwartungen und innerem Druck gepr\u00e4gt. In ihrem Buch beschreibt sie, wie diese Erfahrungen ihr Leben nachhaltig beeinflussten.<\/p>\n<p class=\"text-18 leading-17 user-text-lg:text-22 user-text-xl:text-24\"><a class=\"transition-colors duration-200 cursor-pointer text-inherit no-underline text-salemsfur md:hover:text-magenta md:hover:border-magenta md:focus:text-magenta border-current border-b border-solid break-words\" data-tracking=\"{&quot;action&quot;:&quot;click&quot;,&quot;category&quot;:&quot;intextLink&quot;,&quot;label&quot;:&quot;\/themen\/marisa-burger\/&quot;}\" href=\"https:\/\/www.t-online.de\/themen\/marisa-burger\/\" data-sctrack=\"BodyAnchor\" rel=\"nofollow noopener\" target=\"_blank\">Marisa Burger<\/a> blickt zur\u00fcck. F\u00fcr ihre Autobiografie &#8222;Vergiss nie, wie dein Herz am Anfang war: Vom Mut, eigene Wege zu gehen&#8220; setzte sich die Schauspielerin intensiv mit ihrer Vergangenheit auseinander. Dabei stie\u00df sie auf einen Gedanken, der sie selbst erschreckte.<\/p>\n<p class=\"text-18 leading-17 user-text-lg:text-22 user-text-xl:text-24\">W\u00e4hrend der Arbeit an dem Buch habe Burger mit ihrer Patentante \u00fcber ihre Kindheit gesprochen. Durch diesen Austausch habe sie erst Worte f\u00fcr ein Gef\u00fchl gefunden, das sie lange begleitet habe: &#8222;Ich war ein ungeliebtes Kind.&#8220; Heute bewertet sie diesen Satz jedoch anders. Sie stellt klar: &#8222;Das ist ein schlimmer Vorwurf. Und ganz bestimmt war es auch nicht so. Meine Eltern haben mich geliebt. Sie waren nur zu sehr in ihren Zw\u00e4ngen und \u00c4ngsten verhaftet.&#8220;<\/p>\n<p class=\"text-18 leading-17 user-text-lg:text-22 user-text-xl:text-24\">Burger wuchs als Tochter eines Lehrers im oberbayerischen Alt\u00f6tting auf. R\u00fcckblickend beschreibt sie diese Zeit als gepr\u00e4gt von klaren Erwartungen und starkem Leistungsdruck. Ein Satz habe sich dabei tief eingepr\u00e4gt: &#8222;Nur wer etwas schafft, hat einen Wert.&#8220; Dieser Anspruch habe fr\u00fch zu innerer Unruhe gef\u00fchrt und den Drang verst\u00e4rkt, st\u00e4ndig leisten zu m\u00fcssen.<\/p>\n<p class=\"text-18 leading-17 user-text-lg:text-22 user-text-xl:text-24\">Dieses Gef\u00fchl begleitete sie \u00fcber viele Jahre. Sie habe sich selbst immer wieder angetrieben, schreibt Burger. Auch ihre schnelle Sprechweise f\u00fchrt sie im R\u00fcckblick auf diese innere Rastlosigkeit zur\u00fcck.<\/p>\n<p class=\"text-18 leading-17 user-text-lg:text-22 user-text-xl:text-24\">Gleichzeitig erlebte sie schon fr\u00fch einen Zwiespalt. Einerseits wollte sie eigene Wege gehen, andererseits suchte sie Anerkennung \u2013 besonders von ihren Eltern. Ihre Entscheidung f\u00fcr die Schauspielerei wurde zun\u00e4chst nicht vorbehaltlos unterst\u00fctzt. Bis heute meide ihre Mutter Folgen der &#8222;Rosenheim-Cops&#8220;, in denen Marisa Burger mitspielt.<\/p>\n<p class=\"text-18 leading-17 user-text-lg:text-22 user-text-xl:text-24\">Erst viele Jahre sp\u00e4ter suchte Burger die direkte Auseinandersetzung. Sie schrieb ihrem Vater einen Brief und schilderte darin ihre Sicht auf die gemeinsame Vergangenheit. Eine Antwort erhielt sie nicht. Bei einer sp\u00e4teren Begegnung habe er ihr schweigend gegen\u00fcbergestanden, mit Tr\u00e4nen in den Augen. F\u00fcr Burger ein stilles Zeichen, dass ihre Worte ihn erreicht hatten.<\/p>\n","protected":false},"excerpt":{"rendered":"Offene Worte von &#8222;Rosenheim-Cops&#8220;-Star Marisa Burger f\u00fchlte sich wie &#8222;ein ungeliebtes Kind&#8220; 17.03.2026 &#8211; 16:57 UhrLesedauer: 2 Min.&hellip;\n","protected":false},"author":2,"featured_media":876147,"comment_status":"","ping_status":"","sticky":false,"template":"","format":"standard","meta":{"footnotes":"","_share_on_mastodon":"0"},"categories":[1776],"tags":[722,522,97134,1801,29,214,30,13792,1802,215],"class_list":["post-876146","post","type-post","status-publish","format-standard","has-post-thumbnail","category-prominente","tag-722","tag-522","tag-altoetting","tag-celebrities","tag-deutschland","tag-entertainment","tag-germany","tag-marisa-burger","tag-prominente","tag-unterhaltung"],"share_on_mastodon":{"url":"https:\/\/pubeurope.com\/@de\/116245978935964166","error":""},"_links":{"self":[{"href":"https:\/\/www.europesays.com\/de\/wp-json\/wp\/v2\/posts\/876146","targetHints":{"allow":["GET"]}}],"collection":[{"href":"https:\/\/www.europesays.com\/de\/wp-json\/wp\/v2\/posts"}],"about":[{"href":"https:\/\/www.europesays.com\/de\/wp-json\/wp\/v2\/types\/post"}],"author":[{"embeddable":true,"href":"https:\/\/www.europesays.com\/de\/wp-json\/wp\/v2\/users\/2"}],"replies":[{"embeddable":true,"href":"https:\/\/www.europesays.com\/de\/wp-json\/wp\/v2\/comments?post=876146"}],"version-history":[{"count":0,"href":"https:\/\/www.europesays.com\/de\/wp-json\/wp\/v2\/posts\/876146\/revisions"}],"wp:featuredmedia":[{"embeddable":true,"href":"https:\/\/www.europesays.com\/de\/wp-json\/wp\/v2\/media\/876147"}],"wp:attachment":[{"href":"https:\/\/www.europesays.com\/de\/wp-json\/wp\/v2\/media?parent=876146"}],"wp:term":[{"taxonomy":"category","embeddable":true,"href":"https:\/\/www.europesays.com\/de\/wp-json\/wp\/v2\/categories?post=876146"},{"taxonomy":"post_tag","embeddable":true,"href":"https:\/\/www.europesays.com\/de\/wp-json\/wp\/v2\/tags?post=876146"}],"curies":[{"name":"wp","href":"https:\/\/api.w.org\/{rel}","templated":true}]}}