{"id":876166,"date":"2026-03-17T18:52:14","date_gmt":"2026-03-17T18:52:14","guid":{"rendered":"https:\/\/www.europesays.com\/de\/876166\/"},"modified":"2026-03-17T18:52:14","modified_gmt":"2026-03-17T18:52:14","slug":"nahverkehr-in-muenchen-mvg-wird-mittwoch-und-donnerstag-bestreikt-notloesung-fuer-fc-bayern-fans-muenchen","status":"publish","type":"post","link":"https:\/\/www.europesays.com\/de\/876166\/","title":{"rendered":"Nahverkehr in M\u00fcnchen: MVG wird Mittwoch und Donnerstag bestreikt \u2013 Notl\u00f6sung f\u00fcr FC-Bayern-Fans &#8211; M\u00fcnchen"},"content":{"rendered":"<p data-manual=\"paragraph\" data-schema-org-speakable=\"true\" class=\"css-1eosz7k\">An diesem Mittwoch und Donnerstag wird der \u00f6ffentliche Nahverkehr in weiten Teilen M\u00fcnchens stillstehen. Die Gewerkschaft <a href=\"https:\/\/www.sueddeutsche.de\/thema\/Verdi\" rel=\"nofollow noopener\" target=\"_blank\">Verdi<\/a> hat bayernweit f\u00fcr Donnerstag im Tarifkonflikt mit dem Kommunalen Arbeitgeberverband zum Warnstreik aufgerufen. Zus\u00e4tzlich erh\u00f6ht die Gewerkschaft mit einem Ausstand von 11 Uhr am Mittwoch ausschlie\u00dflich in <a href=\"https:\/\/www.sueddeutsche.de\/thema\/M%C3%BCnchen\" rel=\"nofollow noopener\" target=\"_blank\">M\u00fcnchen<\/a> den Druck auf die Arbeitgeber.<\/p>\n<p>Das sollten Fans des FC Bayern wissen<\/p>\n<p data-manual=\"paragraph\" data-schema-org-speakable=\"true\" class=\"css-1eosz7k\">Fans des FC Bayern und von Atalanta Bergamo d\u00fcrften vom <a href=\"https:\/\/www.sueddeutsche.de\/thema\/Streik\" rel=\"nofollow noopener\" target=\"_blank\">Streik<\/a> kaum betroffen sein.\u00a0Die <a href=\"https:\/\/www.sueddeutsche.de\/thema\/MVG\" rel=\"nofollow noopener\" target=\"_blank\">MVG<\/a> k\u00fcndigt an, trotz der Arbeitsniederlegung am Mittwochabend eine Notl\u00f6sung f\u00fcr die Anreise zur Allianz-Arena anbieten zu wollen: Auf den Linien der U3 und U6 soll schrittweise der Betrieb aufgebaut werden \u2013 insbesondere zwischen der Innenstadt und Fr\u00f6ttmaning. Die genaue Taktung h\u00e4nge von der Verf\u00fcgbarkeit von Fahrern ab, teilt die MVG mit.<\/p>\n<p data-manual=\"paragraph\" data-schema-org-speakable=\"true\" class=\"css-1eosz7k\">Bereits w\u00e4hrend des Warnstreiks Anfang Februar war es der MVG gelungen, vor dem Pokal-Viertelfinale der Bayern gegen RB Leipzig die U6 nach Fr\u00f6ttmaning mit einer hohen Taktung aufs Gleis und die Fans somit rechtzeitig zur Arena zu bringen.<\/p>\n<p data-manual=\"paragraph\" data-schema-org-speakable=\"true\" class=\"css-1eosz7k\">Nicht wenige hatten damals den Verdacht ge\u00e4u\u00dfert, dies sei ein Zugest\u00e4ndnis der MVG an den FC Bayern gewesen. Die Verkehrsgesellschaft indes begr\u00fcndete die Inbetriebnahme damit, dass die U6 M\u00fcnchens meistgenutzte U-Bahn sei und w\u00e4hrend Streiks immer als Erste in Betrieb gehe, sobald ausreichend Personal zur Verf\u00fcgung stehe. \u00c4hnlich verh\u00e4lt es sich bei der Tram: Sobald ausreichend Fahrer den Dienst antreten, wird zun\u00e4chst die Linie 20 &#8211; die meist frequentierte im Netz \u2013 wieder anlaufen.<\/p>\n<p data-manual=\"paragraph\" data-schema-org-speakable=\"true\" class=\"css-1eosz7k\">Als Alternative bietet der FC Bayern ab 17.30 Uhr einen Bus-Shuttle-Service von der S-Bahnhaltestelle Donnersbergerbr\u00fccke bis Kieferngarten an. Von dort aus ist die Allianz-Arena fu\u00dfl\u00e4ufig zu erreichen. Nach der Partie fahren die Busse von Kieferngarten bis zum Stachus.<\/p>\n<p><a href=\"https:\/\/www.sueddeutsche.de\/muenchen\/andrea-griessmann-moderatorin-oeffentlich-rechtliches-fernsehen-muenchen-interview-frauen-li.3396309\" aria-label=\"Artikelverlinkung:\" data-track-szde=\"{&quot;event&quot;:&quot;teaser_clicked&quot;,&quot;teaser_clicked&quot;:{&quot;article_title&quot;:&quot;als_frau_muss_man_davon_ausgehen_ab_einem_bestimmten_alter_nicht_mehr_als_moderatorin_eingesetzt_zu_werden&quot;,&quot;doctype&quot;:&quot;&quot;,&quot;label&quot;:&quot;szplus&quot;,&quot;main_topic&quot;:&quot;kultur_in_muenchen&quot;,&quot;object_id&quot;:&quot;li.3396309&quot;,&quot;pcat&quot;:&quot;paid&quot;,&quot;section&quot;:&quot;muenchen&quot;,&quot;teaser_type&quot;:&quot;article_teaser_top&quot;}}\" data-manual=\"teaser-url\" data-tb-link=\"\" aria-labelledby=\"teaser-httpswwwsueddeutschedemuenchenandrea-griessmann-moderatorin-oeffentlich-rechtliches-fernsehen-muenchen-interview-frauen-li3396309\" class=\"css-14tg8sh\" rel=\"nofollow noopener\" target=\"_blank\"><img decoding=\"async\" src=\"https:\/\/www.europesays.com\/de\/wp-content\/uploads\/2026\/03\/466e6e53-3010-4cd5-a20e-aed9fbc24aac.jpg\"   alt=\"\" loading=\"lazy\" class=\"css-8atqhb\"\/><\/p>\n<p>Altersdiskriminierung in den Medien<\/p>\n<p>:\u201eAls Frau muss man davon ausgehen, ab einem bestimmten Alter nicht mehr als Moderatorin eingesetzt zu werden\u201c<\/p>\n<p class=\"css-a6ecqs\" data-manual=\"teaser-text\" data-tb-description=\"\" data-schema-org-speakable=\"true\">Andrea Grie\u00dfmann blickt auf eine 30-j\u00e4hrige Erfolgsgeschichte als Moderatorin im \u00f6ffentlich-rechtlichen Fernsehen zur\u00fcck. Eine Karriere, die mit Mitte 50 abrupt endete. Ein Interview \u00fcber Attraktivit\u00e4tsdruck, \u00c4lterwerden und abnehmende weibliche Pr\u00e4senz vor der Kamera.<\/p>\n<p>SZ PlusInterview von Barbara HordychSo beginnt der Streik am Mittwoch<\/p>\n<p data-manual=\"paragraph\" data-schema-org-speakable=\"true\" class=\"css-1eosz7k\">Am Mittwochvormittag fahren laut MVG Busse, Trambahnen und U-Bahnen bis 9 Uhr regul\u00e4r und r\u00fccken danach schrittweise in die Depots ein. Von 11 Uhr an wird auf das sogenannte Notnetz umgestellt. Der Bus werde, so die Verkehrsgesellschaft, \u201edie Grundversorgung auf allen Linien im gesamten Stadtgebiet\u201c sicherstellen.<\/p>\n<p data-manual=\"paragraph\" data-schema-org-speakable=\"true\" class=\"css-1eosz7k\">Nicht bestreikt werden an beiden Streiktagen die M\u00fcnchner S-Bahn und der Regionalzugverkehr, die sich somit als Alternativen zu U-Bahn, Tram und Bussen anbieten.<\/p>\n<p data-manual=\"paragraph\" data-schema-org-speakable=\"true\" class=\"css-1eosz7k\">Um Sch\u00fclern und Pendlern am Morgen den Weg in die Schule und zur Arbeit zu erleichtern, beginne dieser Ausstand erst um 11 Uhr, so die Gewerkschaft. Enden wird der Streik dann in der Nacht auf Freitag.<\/p>\n<p>Verdi hofft auf hohe Beteiligung beim Streik<\/p>\n<p data-manual=\"paragraph\" data-schema-org-speakable=\"true\" class=\"css-1eosz7k\">Verdi-Sprecher Softic erhofft sich f\u00fcr beide Streiktage eine hohe Streikbereitschaft unter den Besch\u00e4ftigten des Nahverkehrs und entsprechende Auswirkungen auf die Betriebslage. Am Donnerstag soll von 13.30 Uhr an eine Kundgebung auf dem Marienplatz stattfinden; mehrere Hundert Besch\u00e4ftigte w\u00fcrden erwartet, sagt Softic. Einladungen f\u00fcr Redebeitr\u00e4ge auf der B\u00fchne wolle Verdi auch an Oberb\u00fcrgermeister Dieter Reiter (SPD) und M\u00fcnchens Zweiten B\u00fcrgermeister Dominik Krause von den Gr\u00fcnen aussprechen.<\/p>\n<p data-manual=\"paragraph\" data-schema-org-speakable=\"true\" class=\"css-1eosz7k\">Dass weiter gestreikt wird, liegt daran, dass es in der Tarifauseinandersetzung zwischen Verdi und dem Kommunalen Arbeitgeberverband kaum Ann\u00e4herung gibt. Die dritte Verhandlungsrunde Anfang M\u00e4rz blieb ohne Ergebnis. Verdi fordert f\u00fcr die Besch\u00e4ftigten in Bayern eine Lohnerh\u00f6hung von 668,75 Euro im Monat sowie eine Reduzierung der w\u00f6chentlichen Arbeitszeit auf 35 Stunden; auch sollen Zuschl\u00e4ge etwa f\u00fcr Wochenenddienste erh\u00f6ht werden. Die Arbeitgeber weisen die Forderungen angesichts der schlechten Haushaltslage der Kommunen als \u00fcberzogen zur\u00fcck.<\/p>\n<p>Streik am Dienstag kaum sp\u00fcrbar<\/p>\n<p data-manual=\"paragraph\" data-schema-org-speakable=\"true\" class=\"css-1eosz7k\">Bereits an diesem Dienstag, 17. M\u00e4rz, wurden zudem die Mitarbeiterinnen und Mitarbeiter der Leitstelle sowie des Fahrgastservice der M\u00fcnchner Verkehrsgesellschaft (MVG) zum Streik aufgerufen. Auswirkungen hat dieser Ausstand bisher aber nicht; am fr\u00fchen Morgen meldete die Verkehrsgesellschaft, dass der Betrieb bei Bus, Tram und U-Bahn ohne Einschr\u00e4nkungen verlaufe.<\/p>\n<p data-manual=\"paragraph\" data-schema-org-speakable=\"true\" class=\"css-1eosz7k\">Zuletzt hatte Verdi Ende Februar die Besch\u00e4ftigten im Nahverkehr <a href=\"https:\/\/www.sueddeutsche.de\/muenchen\/muenchen-streik-verdi-freitag-samstag-mvg-u-bahn-trambahn-li.3393387\" rel=\"nofollow noopener\" target=\"_blank\">zwei Tage nacheinander zur Arbeitsniederlegung aufgerufen.<\/a> Die M\u00fcnchner Verkehrsgesellschaft (MVG) reagierte mit Notfallfahrpl\u00e4nen und konnte den Betrieb in Teilen aufrechterhalten.<\/p>\n","protected":false},"excerpt":{"rendered":"An diesem Mittwoch und Donnerstag wird der \u00f6ffentliche Nahverkehr in weiten Teilen M\u00fcnchens stillstehen. Die Gewerkschaft Verdi hat&hellip;\n","protected":false},"author":2,"featured_media":876167,"comment_status":"","ping_status":"","sticky":false,"template":"","format":"standard","meta":{"footnotes":"","_share_on_mastodon":"0"},"categories":[5],"tags":[458,347,13,1268,2176,62827,14,15,12,1238,149,10,8,9,11,16433,6816,3232,55],"class_list":["post-876166","post","type-post","status-publish","format-standard","has-post-thumbnail","category-nachrichten","tag-fc-bayern-muenchen","tag-fussball","tag-headlines","tag-muenchen","tag-mvg","tag-mvv","tag-nachrichten","tag-news","tag-schlagzeilen","tag-streik","tag-sueddeutsche-zeitung","tag-top-news","tag-top-meldungen","tag-topmeldungen","tag-topnews","tag-u-bahn-muenchen","tag-verdi","tag-verkehr-in-muenchen","tag-wirtschaft"],"share_on_mastodon":{"url":"https:\/\/pubeurope.com\/@de\/116246029983454346","error":""},"_links":{"self":[{"href":"https:\/\/www.europesays.com\/de\/wp-json\/wp\/v2\/posts\/876166","targetHints":{"allow":["GET"]}}],"collection":[{"href":"https:\/\/www.europesays.com\/de\/wp-json\/wp\/v2\/posts"}],"about":[{"href":"https:\/\/www.europesays.com\/de\/wp-json\/wp\/v2\/types\/post"}],"author":[{"embeddable":true,"href":"https:\/\/www.europesays.com\/de\/wp-json\/wp\/v2\/users\/2"}],"replies":[{"embeddable":true,"href":"https:\/\/www.europesays.com\/de\/wp-json\/wp\/v2\/comments?post=876166"}],"version-history":[{"count":0,"href":"https:\/\/www.europesays.com\/de\/wp-json\/wp\/v2\/posts\/876166\/revisions"}],"wp:featuredmedia":[{"embeddable":true,"href":"https:\/\/www.europesays.com\/de\/wp-json\/wp\/v2\/media\/876167"}],"wp:attachment":[{"href":"https:\/\/www.europesays.com\/de\/wp-json\/wp\/v2\/media?parent=876166"}],"wp:term":[{"taxonomy":"category","embeddable":true,"href":"https:\/\/www.europesays.com\/de\/wp-json\/wp\/v2\/categories?post=876166"},{"taxonomy":"post_tag","embeddable":true,"href":"https:\/\/www.europesays.com\/de\/wp-json\/wp\/v2\/tags?post=876166"}],"curies":[{"name":"wp","href":"https:\/\/api.w.org\/{rel}","templated":true}]}}