{"id":876294,"date":"2026-03-17T19:59:19","date_gmt":"2026-03-17T19:59:19","guid":{"rendered":"https:\/\/www.europesays.com\/de\/876294\/"},"modified":"2026-03-17T19:59:19","modified_gmt":"2026-03-17T19:59:19","slug":"das-forum-so-lief-die-debatte-ueber-herbert-groenemeyer","status":"publish","type":"post","link":"https:\/\/www.europesays.com\/de\/876294\/","title":{"rendered":"Das Forum\u201c: So lief die Debatte \u00fcber Herbert Gr\u00f6nemeyer"},"content":{"rendered":"<p class=\"\">\n                    Fr\u00fcher war Herbert Gr\u00f6nemeyer die Stimme der Verletzlichkeit, heute wirkt er f\u00fcr viele wie ein Ankl\u00e4ger von der Kanzel. In seiner Kolumne \u201eRest der Republik\u201c schreibt Chefredakteur Burkhard Ewert \u00fcber einen K\u00fcnstler, der den Kontakt zu seinem Ursprung \u2013 dem Leben im Revier und dessen Menschen \u2013 verloren zu haben scheint. Ewert fragt: \u201eWarum redet Gr\u00f6nemeyer seinen Fans nur noch ins Gewissen, statt sie im Herzen zu ber\u00fchren?\u201c\n            <\/p>\n<p class=\"\">\n                    Diese Abrechnung sorgte f\u00fcr Z\u00fcndstoff. Ewerts Kolumne war der meistgelesene Text aus seiner Reihe <a href=\"https:\/\/mein.noz.de\/newsletter\/rest-der-republik?srsltid=AfmBOop20X58EUBO3qjmUGmQ2FZf201SDLO3JLnOPWUI9wXVym7hoZS_\" class=\"link underline-blue\" title=\"\" target=\"_self\" rel=\"nofollow noopener\">\u201eRest der Republik\u201d<\/a> seit deren Start vor genau f\u00fcnf Jahren. Gr\u00f6nemeyer-Fans meldeten sich aus dem ganzen Land. Den Z\u00fcndstoff wollen wir mit Ihnen gemeinsam besprechen.\n            <\/p>\n<p class=\"\">Lesen Sie den Text noch einmal nach: <a href=\"https:\/\/www.noz.de\/deutschland-welt\/politik\/artikel\/herbert-groenemeyer-ist-auf-tour-der-saenger-ist-zum-anklaeger-geworden-49913492\" class=\"link underline-blue\" title=\"\" target=\"_blank\" rel=\"nofollow noopener\">Moralisierend und dogmatisch \u2013 Was ist nur aus Gr\u00f6nemeyer geworden?<\/a><\/p>\n<p>            Premiere f\u00fcr ein neues Format: \u201e360\u00b0 | Das Forum\u201c<\/p>\n<p class=\"\">\n                    Deshalb haben wir am Dienstag, 17. M\u00e4rz, unser neues Format \u201e360\u00b0 | Das Forum\u201c gestartet. Hier hatten Sie die M\u00f6glichkeit, direkt mit Ewert als Autor der Kolumne in den \u201eRing\u201d zu steigen.\n            <\/p>\n<p class=\"\">\n                    Unter diesem Artikel haben wir am Dienstag von 17 bis 19 Uhr ein moderiertes Debattenfenster ge\u00f6ffnet. Das Besondere: Unser Chefredakteur hat in dieser Zeit pers\u00f6nlich und live Ihre Beitr\u00e4ge gelesen und direkt darauf geantwortet. Denn: Wir suchen den echten, reflektierten Diskurs \u2013 jenseits von fl\u00fcchtigen Kommentaren.\n            <\/p>\n<p>\n                \u201eDer Mensch hei\u00dft Mensch, auch wenn er widerspricht.\u201c\n            <\/p>\n<p>Burkhard Ewert<\/p>\n<p>Chefredakteur<\/p>\n<p>\n                                Live-Debatte: Im neuen Format \u201e360\u00b0 | Das Forum\u201c diskutiert Chefredakteur Burkhard Ewert mit den Lesern.<br \/>\n                            Foto: Zwenja Lohe<\/p>\n<p><img decoding=\"async\" src=\"https:\/\/www.europesays.com\/de\/wp-content\/uploads\/2026\/03\/img-4501.jpg\" title=\"Live-Debatte: Im neuen Format \u201e360\u00b0 | Das Forum\u201c diskutiert Chefredakteur Burkhard Ewert mit den Lesern.\" alt=\"Live-Debatte: Im neuen Format \u201e360\u00b0 | Das Forum\u201c diskutiert Chefredakteur Burkhard Ewert mit den Lesern.\" class=\"lightbox__single-image__content__image-wrapper__img\" loading=\"lazy\" width=\"375\" height=\"281\"\/>Icon MaximizeIcon Lightbox Maximize<\/p>\n<p>SchliessenX ZeichenKleines Zeichen welches ein X symbolisiert<\/p>\n<p><img decoding=\"async\" class=\"lightbox--enabled__container__image-wrapper__img\" src=\"\" alt=\"\"\/><\/p>\n<p>            Neues Format mit besonderen Regeln<\/p>\n<p class=\"\">Alles, was Sie wissen m\u00fcssen: <a href=\"https:\/\/www.noz.de\/service\/artikel\/so-funktioniert-der-kommentarbereich-auf-nozde-45940285\" class=\"link underline-blue\" title=\"\" target=\"_blank\" rel=\"nofollow noopener\">So funktioniert \u201e360\u00b0 | Das Forum\u201c<\/a><\/p>\n<p class=\"\">\n                    Um eine konstruktive Atmosph\u00e4re zu garantieren, wird beim Format \u201e360\u00b0 | Das Forum\u201c jeder Beitrag vor der Ver\u00f6ffentlichung durch unser Team gepr\u00fcft. Wir setzen auf Qualit\u00e4t vor Quantit\u00e4t: Nicht die Masse der Kommentare z\u00e4hlt, sondern das beste Argument. Zugleich achten wir auf Ausgewogenheit und Abwechslung.\n            <\/p>\n<p class=\"\">\n                    <b>Klicken und lesen Sie sich gerne durch die Debattenbeitr\u00e4ge im Kommentarbereich unterhalb des Artikels.<\/b><\/p>\n","protected":false},"excerpt":{"rendered":"Fr\u00fcher war Herbert Gr\u00f6nemeyer die Stimme der Verletzlichkeit, heute wirkt er f\u00fcr viele wie ein Ankl\u00e4ger von der&hellip;\n","protected":false},"author":2,"featured_media":876295,"comment_status":"","ping_status":"","sticky":false,"template":"","format":"standard","meta":{"footnotes":"","_share_on_mastodon":"0"},"categories":[1776],"tags":[1801,29,214,30,51749,3326,30131,1802,215,12345,37393],"class_list":["post-876294","post","type-post","status-publish","format-standard","has-post-thumbnail","category-prominente","tag-celebrities","tag-deutschland","tag-entertainment","tag-germany","tag-herbert-groenemeyer","tag-journalist","tag-premiere-world","tag-prominente","tag-unterhaltung","tag-zeitschriften","tag-zeitungen"],"share_on_mastodon":{"url":"https:\/\/pubeurope.com\/@de\/116246293167348638","error":""},"_links":{"self":[{"href":"https:\/\/www.europesays.com\/de\/wp-json\/wp\/v2\/posts\/876294","targetHints":{"allow":["GET"]}}],"collection":[{"href":"https:\/\/www.europesays.com\/de\/wp-json\/wp\/v2\/posts"}],"about":[{"href":"https:\/\/www.europesays.com\/de\/wp-json\/wp\/v2\/types\/post"}],"author":[{"embeddable":true,"href":"https:\/\/www.europesays.com\/de\/wp-json\/wp\/v2\/users\/2"}],"replies":[{"embeddable":true,"href":"https:\/\/www.europesays.com\/de\/wp-json\/wp\/v2\/comments?post=876294"}],"version-history":[{"count":0,"href":"https:\/\/www.europesays.com\/de\/wp-json\/wp\/v2\/posts\/876294\/revisions"}],"wp:featuredmedia":[{"embeddable":true,"href":"https:\/\/www.europesays.com\/de\/wp-json\/wp\/v2\/media\/876295"}],"wp:attachment":[{"href":"https:\/\/www.europesays.com\/de\/wp-json\/wp\/v2\/media?parent=876294"}],"wp:term":[{"taxonomy":"category","embeddable":true,"href":"https:\/\/www.europesays.com\/de\/wp-json\/wp\/v2\/categories?post=876294"},{"taxonomy":"post_tag","embeddable":true,"href":"https:\/\/www.europesays.com\/de\/wp-json\/wp\/v2\/tags?post=876294"}],"curies":[{"name":"wp","href":"https:\/\/api.w.org\/{rel}","templated":true}]}}