{"id":876589,"date":"2026-03-17T22:51:27","date_gmt":"2026-03-17T22:51:27","guid":{"rendered":"https:\/\/www.europesays.com\/de\/876589\/"},"modified":"2026-03-17T22:51:27","modified_gmt":"2026-03-17T22:51:27","slug":"leon-draisaitl-lange-pause-fuer-unseren-nhl-star-sport","status":"publish","type":"post","link":"https:\/\/www.europesays.com\/de\/876589\/","title":{"rendered":"Leon Draisaitl: Lange Pause f\u00fcr unseren NHL-Star! | Sport"},"content":{"rendered":"<p><b>Schwerer R\u00fcckschlag f\u00fcr Leon Draisaitl (30)! Beim 3:1 der Edmonton Oilers in der <\/b><a href=\"https:\/\/www.bild.de\/themen\/ereignisse\/nhl\/sport-nachrichten-news-fotos-videos-15887956.bild.html\" class=\"text-link\" rel=\"nofollow noopener\" target=\"_blank\"><b>NHL<\/b><\/a><b> gegen die Nashville Predators musste unser bester deutscher Eishockeyspieler nach einem harten Bodycheck von Ozza Wiesblatt schon im 1. Drittel verletzt vom Eis. <\/b><\/p>\n<p>Wie die Oilers nun verk\u00fcndeten, wird Draisaitl den Rest der Regular Season verpassen! Beim Bodycheck hat er sich eine Unterk\u00f6rperverletzung zugezogen. Draisaitl muss die restlichen 14 Saisonspiele aussetzen. Die NHL-Playoffs starten voraussichtlich am 18. April.<\/p>\n<p>Mehr zum Thema<\/p>\n<p>Erst zum Start der Playoffs k\u00f6nnte der Deutsche wieder mitwirken. Edmonton hat derzeit 75 Punkte auf dem Konto, was Platz drei in der Pacific Division und Platz sieben in der gesamten Western Conference bedeutet. Draisaitl ist der zweitbeste Scorer der Oilers (35 Tore, 62 Vorlagen). Ohne ihn droht Edmonton die Playoffs zu verpassen.<\/p>\n<p>Oilers-Trainer Kris Knoblauch (47) sagte bereits nach der Partie: \u201eIch denke, wir werden einige Zeit ohne ihn auskommen m\u00fcssen. Ich bin mir nicht sicher, ob es ein oder zwei Spiele sind oder wie lange es dauern wird.\u201c<\/p>\n","protected":false},"excerpt":{"rendered":"Schwerer R\u00fcckschlag f\u00fcr Leon Draisaitl (30)! Beim 3:1 der Edmonton Oilers in der NHL gegen die Nashville Predators&hellip;\n","protected":false},"author":2,"featured_media":876590,"comment_status":"","ping_status":"","sticky":false,"template":"","format":"standard","meta":{"footnotes":"","_share_on_mastodon":"0"},"categories":[136],"tags":[1263,29,179076,43623,2100,30,7935,6218,265,45],"class_list":["post-876589","post","type-post","status-publish","format-standard","has-post-thumbnail","category-sport","tag-aufmacher-bereich","tag-deutschland","tag-draisaitl-leon","tag-edmonton-oilers","tag-eishockey","tag-germany","tag-nhl","tag-playoffs","tag-sport","tag-texttospeech"],"share_on_mastodon":{"url":"https:\/\/pubeurope.com\/@de\/116246969551075857","error":""},"_links":{"self":[{"href":"https:\/\/www.europesays.com\/de\/wp-json\/wp\/v2\/posts\/876589","targetHints":{"allow":["GET"]}}],"collection":[{"href":"https:\/\/www.europesays.com\/de\/wp-json\/wp\/v2\/posts"}],"about":[{"href":"https:\/\/www.europesays.com\/de\/wp-json\/wp\/v2\/types\/post"}],"author":[{"embeddable":true,"href":"https:\/\/www.europesays.com\/de\/wp-json\/wp\/v2\/users\/2"}],"replies":[{"embeddable":true,"href":"https:\/\/www.europesays.com\/de\/wp-json\/wp\/v2\/comments?post=876589"}],"version-history":[{"count":0,"href":"https:\/\/www.europesays.com\/de\/wp-json\/wp\/v2\/posts\/876589\/revisions"}],"wp:featuredmedia":[{"embeddable":true,"href":"https:\/\/www.europesays.com\/de\/wp-json\/wp\/v2\/media\/876590"}],"wp:attachment":[{"href":"https:\/\/www.europesays.com\/de\/wp-json\/wp\/v2\/media?parent=876589"}],"wp:term":[{"taxonomy":"category","embeddable":true,"href":"https:\/\/www.europesays.com\/de\/wp-json\/wp\/v2\/categories?post=876589"},{"taxonomy":"post_tag","embeddable":true,"href":"https:\/\/www.europesays.com\/de\/wp-json\/wp\/v2\/tags?post=876589"}],"curies":[{"name":"wp","href":"https:\/\/api.w.org\/{rel}","templated":true}]}}